{"id":252466,"date":"2023-09-24T08:49:05","date_gmt":"2023-09-24T12:49:05","guid":{"rendered":"https:\/\/www.ocorreionews.com.br\/acervo-correio\/?p=252466"},"modified":"2023-09-25T07:56:05","modified_gmt":"2023-09-25T11:56:05","slug":"mapa-do-calor-veja-onde-termometro-passou-dos-40oc-em-ms","status":"publish","type":"post","link":"https:\/\/www.ocorreionews.com.br\/acervo-correio\/?p=252466","title":{"rendered":"Mapa do calor: veja onde term\u00f4metro passou dos 40\u00baC em MS"},"content":{"rendered":"<p>A onda de calor que marca o come\u00e7o da primavera em Mato Grosso do Sul fez os term\u00f4metros passarem de 40\u00baC em dez munic\u00edpios: \u00c1gua Clara (42,2\u00b0C), Porto Murtinho (42\u00baC), Tr\u00eas Lagoas (41,5\u00baC), Parana\u00edba (41,2\u00baC), Pedro Gomes (41,2\u00baC), Coxim (40,4\u00baC), Corumb\u00e1 (40,4\u00baC) Ang\u00e9lica (40,2\u00b0C), F\u00e1tima do Sul (40,1\u00baC) e Nova Andradina (40,1\u00baC).<\/p>\n<p>Localizada a 198 km de Campo Grande, \u00c1gua Clara foi a cidade mais quente do Brasil. Em segundo lugar, aparece Porto Murtinho, na regi\u00e3o do Pantanal.<\/p>\n<p>As temperaturas foram registradas no s\u00e1bado (dia 23). Os dados s\u00e3o do Inmet (Instituto Nacional de Meteorologia) e Semadesc (Secretaria de Meio Ambiente, Desenvolvimento, Ci\u00eancia, Tecnologia e Inova\u00e7\u00e3o).<\/p>\n<p><img decoding=\"async\" class=\"aligncenter\" src=\"https:\/\/cdn6.campograndenews.com.br\/uploads\/noticias\/2023\/09\/24\/856f506f3e38f06bd711142bd50f67df1ec525b0.PNG\" alt=\"https:\/\/cdn6.campograndenews.com.br\/uploads\/noticias\/2023\/09\/24\/856f506f3e38f06bd711142bd50f67df1ec525b0.PNG\" \/><\/p>\n<p>O s\u00e1bado tamb\u00e9m foi de altas temperaturas em Dourados (38,8\u00baC), Ponta Por\u00e3 (37,7\u00baC), Chapad\u00e3o do Sul e Campo Grande (37,3\u00baC).<\/p>\n<p>Mato Grosso do Sul tem alerta de onda de calor pelo menos at\u00e9 \u00e0s 18h de ter\u00e7a-feira (dia 26). Conforme o Inmet, o aviso \u00e9 emitido quando as temperaturas, neste caso, especialmente, as m\u00e1ximas, excedem em pelo menos 5\u00b0C a m\u00e9dia hist\u00f3rica do per\u00edodo.<\/p>\n<p>Vale ressaltar que a intensidade do aviso est\u00e1 relacionada com a persist\u00eancia do fen\u00f4meno (n\u00famero de dias consecutivos) e n\u00e3o aos desvios de temperatura absolutos em si.<\/p>\n<p>A onda de calor resulta de uma combina\u00e7\u00e3o de condi\u00e7\u00f5es clim\u00e1ticas: tempo predominantemente seco e press\u00e3o atmosf\u00e9rica que inibe o desenvolvimento de nebulosidade, aumentando, tamb\u00e9m, a temperatura da massa de ar.<\/p>\n<p>&nbsp;<\/p>\n<p>Por Aline dos Santos &#8211; Campo Grande News<\/p>\n","protected":false},"excerpt":{"rendered":"<p>A onda de calor que marca o come\u00e7o da primavera em Mato Grosso do Sul fez os term\u00f4metros passarem de 40\u00baC em dez munic\u00edpios: \u00c1gua Clara (42,2\u00b0C), Porto Murtinho (42\u00baC), Tr\u00eas Lagoas (41,5\u00baC), Parana\u00edba (41,2\u00baC), Pedro Gomes (41,2\u00baC), Coxim (40,4\u00baC), Corumb\u00e1 (40,4\u00baC) Ang\u00e9lica (40,2\u00b0C), F\u00e1tima do Sul (40,1\u00baC) e Nova Andradina (40,1\u00baC). Localizada a 198 [&hellip;]<\/p>\n","protected":false},"author":5,"featured_media":124698,"comment_status":"closed","ping_status":"closed","sticky":false,"template":"","format":"standard","meta":{"footnotes":""},"categories":[144],"tags":[],"class_list":["post-252466","post","type-post","status-publish","format-standard","has-post-thumbnail","hentry","category-meio-ambiente"],"_links":{"self":[{"href":"https:\/\/www.ocorreionews.com.br\/acervo-correio\/index.php?rest_route=\/wp\/v2\/posts\/252466","targetHints":{"allow":["GET"]}}],"collection":[{"href":"https:\/\/www.ocorreionews.com.br\/acervo-correio\/index.php?rest_route=\/wp\/v2\/posts"}],"about":[{"href":"https:\/\/www.ocorreionews.com.br\/acervo-correio\/index.php?rest_route=\/wp\/v2\/types\/post"}],"author":[{"embeddable":true,"href":"https:\/\/www.ocorreionews.com.br\/acervo-correio\/index.php?rest_route=\/wp\/v2\/users\/5"}],"replies":[{"embeddable":true,"href":"https:\/\/www.ocorreionews.com.br\/acervo-correio\/index.php?rest_route=%2Fwp%2Fv2%2Fcomments&post=252466"}],"version-history":[{"count":2,"href":"https:\/\/www.ocorreionews.com.br\/acervo-correio\/index.php?rest_route=\/wp\/v2\/posts\/252466\/revisions"}],"predecessor-version":[{"id":252470,"href":"https:\/\/www.ocorreionews.com.br\/acervo-correio\/index.php?rest_route=\/wp\/v2\/posts\/252466\/revisions\/252470"}],"wp:featuredmedia":[{"embeddable":true,"href":"https:\/\/www.ocorreionews.com.br\/acervo-correio\/index.php?rest_route=\/wp\/v2\/media\/124698"}],"wp:attachment":[{"href":"https:\/\/www.ocorreionews.com.br\/acervo-correio\/index.php?rest_route=%2Fwp%2Fv2%2Fmedia&parent=252466"}],"wp:term":[{"taxonomy":"category","embeddable":true,"href":"https:\/\/www.ocorreionews.com.br\/acervo-correio\/index.php?rest_route=%2Fwp%2Fv2%2Fcategories&post=252466"},{"taxonomy":"post_tag","embeddable":true,"href":"https:\/\/www.ocorreionews.com.br\/acervo-correio\/index.php?rest_route=%2Fwp%2Fv2%2Ftags&post=252466"}],"curies":[{"name":"wp","href":"https:\/\/api.w.org\/{rel}","templated":true}]}}