{"id":252467,"date":"2023-09-25T08:17:18","date_gmt":"2023-09-25T12:17:18","guid":{"rendered":"https:\/\/www.ocorreionews.com.br\/acervo-correio\/?p=252467"},"modified":"2023-09-25T08:17:18","modified_gmt":"2023-09-25T12:17:18","slug":"torcedor-passa-mal-e-morre-em-ms-apos-comemorar-gol-do-titulo-do-sao-paulo","status":"publish","type":"post","link":"https:\/\/www.ocorreionews.com.br\/acervo-correio\/?p=252467","title":{"rendered":"Torcedor passa mal e morre em MS ap\u00f3s comemorar gol do t\u00edtulo do S\u00e3o Paulo"},"content":{"rendered":"<p>Emerson Brites Martinez, de 42 anos, morreu na tarde de domingo depois de comemorar o gol do S\u00e3o Paulo que garantiu o t\u00edtulo contra o Flamengo na final da Copa do Brasil. O torcedor passou mal, passou por manobra de ressuscita\u00e7\u00e3o, mas n\u00e3o resistiu.<\/p>\n<p>De acordo com o boletim de ocorr\u00eancia, Emerson acompanhava a partida em casa no bairro Coronel Antonino, regi\u00e3o norte de Campo Grande.<\/p>\n<p>Quando o S\u00e3o Paulo empatou o jogo, resultado que lhe dava o t\u00edtulo, o rapaz comemorou o gol, mas logo sentiu um mal estar, sentou-se e perdeu os sentidos.<\/p>\n<p>O Samu (Servi\u00e7o de Atendimento M\u00f3vel de Urg\u00eancia) foi acionado para realizar os primeiros atendimentos, mas a v\u00edtima morreu ainda no local.<\/p>\n<p>De acordo com a fam\u00edlia, Emerson fazia uso de medicamentos para tratar uma pneumonia. Os familiares disseram ainda que desconheciam outro quadro de comorbidade que possa ter agravado a sa\u00fade da v\u00edtima.<\/p>\n<p>O caso foi registrado como morte natural na Depac (Delegacia de Pronto Atendimento Comunit\u00e1rio) Cepol.<\/p>\n<p>*Campo Grande News<\/p>\n","protected":false},"excerpt":{"rendered":"<p>Emerson Brites Martinez, de 42 anos, morreu na tarde de domingo depois de comemorar o gol do S\u00e3o Paulo que garantiu o t\u00edtulo contra o Flamengo na final da Copa do Brasil. O torcedor passou mal, passou por manobra de ressuscita\u00e7\u00e3o, mas n\u00e3o resistiu. De acordo com o boletim de ocorr\u00eancia, Emerson acompanhava a partida [&hellip;]<\/p>\n","protected":false},"author":5,"featured_media":252474,"comment_status":"closed","ping_status":"closed","sticky":false,"template":"","format":"standard","meta":{"footnotes":""},"categories":[38],"tags":[],"class_list":["post-252467","post","type-post","status-publish","format-standard","has-post-thumbnail","hentry","category-policia"],"_links":{"self":[{"href":"https:\/\/www.ocorreionews.com.br\/acervo-correio\/index.php?rest_route=\/wp\/v2\/posts\/252467","targetHints":{"allow":["GET"]}}],"collection":[{"href":"https:\/\/www.ocorreionews.com.br\/acervo-correio\/index.php?rest_route=\/wp\/v2\/posts"}],"about":[{"href":"https:\/\/www.ocorreionews.com.br\/acervo-correio\/index.php?rest_route=\/wp\/v2\/types\/post"}],"author":[{"embeddable":true,"href":"https:\/\/www.ocorreionews.com.br\/acervo-correio\/index.php?rest_route=\/wp\/v2\/users\/5"}],"replies":[{"embeddable":true,"href":"https:\/\/www.ocorreionews.com.br\/acervo-correio\/index.php?rest_route=%2Fwp%2Fv2%2Fcomments&post=252467"}],"version-history":[{"count":1,"href":"https:\/\/www.ocorreionews.com.br\/acervo-correio\/index.php?rest_route=\/wp\/v2\/posts\/252467\/revisions"}],"predecessor-version":[{"id":252475,"href":"https:\/\/www.ocorreionews.com.br\/acervo-correio\/index.php?rest_route=\/wp\/v2\/posts\/252467\/revisions\/252475"}],"wp:featuredmedia":[{"embeddable":true,"href":"https:\/\/www.ocorreionews.com.br\/acervo-correio\/index.php?rest_route=\/wp\/v2\/media\/252474"}],"wp:attachment":[{"href":"https:\/\/www.ocorreionews.com.br\/acervo-correio\/index.php?rest_route=%2Fwp%2Fv2%2Fmedia&parent=252467"}],"wp:term":[{"taxonomy":"category","embeddable":true,"href":"https:\/\/www.ocorreionews.com.br\/acervo-correio\/index.php?rest_route=%2Fwp%2Fv2%2Fcategories&post=252467"},{"taxonomy":"post_tag","embeddable":true,"href":"https:\/\/www.ocorreionews.com.br\/acervo-correio\/index.php?rest_route=%2Fwp%2Fv2%2Ftags&post=252467"}],"curies":[{"name":"wp","href":"https:\/\/api.w.org\/{rel}","templated":true}]}}