{"id":252477,"date":"2023-09-25T08:33:40","date_gmt":"2023-09-25T12:33:40","guid":{"rendered":"https:\/\/www.ocorreionews.com.br\/acervo-correio\/?p=252477"},"modified":"2023-09-25T08:35:49","modified_gmt":"2023-09-25T12:35:49","slug":"cinco-cidades-de-mato-grosso-do-sul-sao-as-mais-quentes-do-brasil-em-onda-de-calor-extremo","status":"publish","type":"post","link":"https:\/\/www.ocorreionews.com.br\/acervo-correio\/?p=252477","title":{"rendered":"Cinco cidades de Mato Grosso do Sul s\u00e3o as mais quentes do Brasil em onda de calor extremo"},"content":{"rendered":"<p>Cidades de Mato Grosso do Sul lideram a lista das regi\u00f5es mais quentes do Brasil das \u00faltimas 24h. O monitoramento do Inmet (Instituto Nacional de Meteorologia) indica que o calor ultrapassou 40\u00b0C no domingo (24).<\/p>\n<p>Entre 20 cidades, cinco munic\u00edpios do Estado est\u00e3o na listagem. Com m\u00e1xima de 42.1\u00b0C, Parana\u00edba, Porto Murtinho e Tr\u00eas Lagoas est\u00e3o entre as mais quentes. Em quarto lugar est\u00e1 \u00c1gua Clara, com 42\u00b0C. Bataguassu est\u00e1 em 17\u00b0C, com 40.8\u00b0C.<\/p>\n<p>O Estado est\u00e1 em alerta diante da onda de calor, as temperaturas estar\u00e3o 5\u00b0C acima da m\u00e9dia para o per\u00edodo. A condi\u00e7\u00e3o \u00e9 de risco \u00e0 sa\u00fade e inc\u00eandios.<\/p>\n<p>O aviso tem grau de severidade de grande perigo. A recomenda\u00e7\u00e3o \u00e9 beber bastante \u00e1gua, evitar <a class=\"st_tag internal_tag \" title=\"Not\u00edcias sobre exposi\u00e7\u00e3o\" href=\"https:\/\/midiamax.uol.com.br\/tag\/exposicao\/\" rel=\"tag\">exposi\u00e7\u00e3o<\/a> ao sol ou fazer exerc\u00edcios f\u00edsicos.<\/p>\n<h2 id=\"h-calor-nao-da-tregua\" class=\"wp-block-heading\">Calor n\u00e3o d\u00e1 tr\u00e9gua<\/h2>\n<p>Para Campo Grande, j\u00e1 na segunda-feira (25) as temperaturas podem atingir m\u00e1xima de 37\u00b0C, com m\u00ednima de 25\u00b0C. Na ter\u00e7a-feira o calor pode ser ainda maior, chegando \u00e0 m\u00e1xima de 39\u00b0C, com m\u00ednima de 26\u00b0C.<\/p>\n<p>Enquanto isso, Porto Murtinho pode registrar novo recorde. A previs\u00e3o para este domingo (24) \u00e9 de temperatura m\u00e1xima de 42\u00b0C. J\u00e1 na segunda-feira a marca pode chegar aos 43\u00b0C e na ter\u00e7a-feira os term\u00f4metros podem marcar m\u00e1xima de 44\u00b0C.<\/p>\n<p>Ap\u00f3s o calor intenso, na quarta-feira (27) Porto Murtinho pode registrar chuvas isoladas, conforme as informa\u00e7\u00f5es do Inmet. Em \u00c1gua Clara o calor tamb\u00e9m vai continuar nos pr\u00f3ximos dias, com m\u00e1xima de 42\u00b0C neste domingo. Na segunda e ter\u00e7a-feira, a m\u00e1xima deve ser de 43\u00b0C.<\/p>\n<p>Em Tr\u00eas Lagoas, o domingo pode ser de m\u00e1xima de 42\u00b0C. Os term\u00f4metros sobem, com m\u00e1xima prov\u00e1vel de 43\u00b0C na segunda e tamb\u00e9m na ter\u00e7a-feira. Apesar da temperatura baixar, a quarta e quinta-feira tamb\u00e9m devem ser quentes, com temperaturas m\u00e1ximas de 42\u00b0C e 41\u00b0C.<\/p>\n<p>&nbsp;<\/p>\n<p>&nbsp;<\/p>\n<p>Midiamax &#8211; Karina Campos<\/p>\n<div class=\"elementor-element elementor-element-ec9eab2 elementor-widget__width-auto elementor-widget elementor-widget-text-editor\" data-id=\"ec9eab2\" data-element_type=\"widget\" data-widget_type=\"text-editor.default\">\n<div class=\"elementor-widget-container\"><\/div>\n<\/div>\n","protected":false},"excerpt":{"rendered":"<p>Cidades de Mato Grosso do Sul lideram a lista das regi\u00f5es mais quentes do Brasil das \u00faltimas 24h. O monitoramento do Inmet (Instituto Nacional de Meteorologia) indica que o calor ultrapassou 40\u00b0C no domingo (24). Entre 20 cidades, cinco munic\u00edpios do Estado est\u00e3o na listagem. Com m\u00e1xima de 42.1\u00b0C, Parana\u00edba, Porto Murtinho e Tr\u00eas Lagoas [&hellip;]<\/p>\n","protected":false},"author":5,"featured_media":251885,"comment_status":"closed","ping_status":"closed","sticky":false,"template":"","format":"standard","meta":{"footnotes":""},"categories":[144],"tags":[],"class_list":["post-252477","post","type-post","status-publish","format-standard","has-post-thumbnail","hentry","category-meio-ambiente"],"_links":{"self":[{"href":"https:\/\/www.ocorreionews.com.br\/acervo-correio\/index.php?rest_route=\/wp\/v2\/posts\/252477","targetHints":{"allow":["GET"]}}],"collection":[{"href":"https:\/\/www.ocorreionews.com.br\/acervo-correio\/index.php?rest_route=\/wp\/v2\/posts"}],"about":[{"href":"https:\/\/www.ocorreionews.com.br\/acervo-correio\/index.php?rest_route=\/wp\/v2\/types\/post"}],"author":[{"embeddable":true,"href":"https:\/\/www.ocorreionews.com.br\/acervo-correio\/index.php?rest_route=\/wp\/v2\/users\/5"}],"replies":[{"embeddable":true,"href":"https:\/\/www.ocorreionews.com.br\/acervo-correio\/index.php?rest_route=%2Fwp%2Fv2%2Fcomments&post=252477"}],"version-history":[{"count":2,"href":"https:\/\/www.ocorreionews.com.br\/acervo-correio\/index.php?rest_route=\/wp\/v2\/posts\/252477\/revisions"}],"predecessor-version":[{"id":252479,"href":"https:\/\/www.ocorreionews.com.br\/acervo-correio\/index.php?rest_route=\/wp\/v2\/posts\/252477\/revisions\/252479"}],"wp:featuredmedia":[{"embeddable":true,"href":"https:\/\/www.ocorreionews.com.br\/acervo-correio\/index.php?rest_route=\/wp\/v2\/media\/251885"}],"wp:attachment":[{"href":"https:\/\/www.ocorreionews.com.br\/acervo-correio\/index.php?rest_route=%2Fwp%2Fv2%2Fmedia&parent=252477"}],"wp:term":[{"taxonomy":"category","embeddable":true,"href":"https:\/\/www.ocorreionews.com.br\/acervo-correio\/index.php?rest_route=%2Fwp%2Fv2%2Fcategories&post=252477"},{"taxonomy":"post_tag","embeddable":true,"href":"https:\/\/www.ocorreionews.com.br\/acervo-correio\/index.php?rest_route=%2Fwp%2Fv2%2Ftags&post=252477"}],"curies":[{"name":"wp","href":"https:\/\/api.w.org\/{rel}","templated":true}]}}