{"id":252509,"date":"2023-09-25T12:50:27","date_gmt":"2023-09-25T16:50:27","guid":{"rendered":"https:\/\/www.ocorreionews.com.br\/acervo-correio\/?p=252509"},"modified":"2023-09-25T15:59:49","modified_gmt":"2023-09-25T19:59:49","slug":"acidente-envolvendo-14-veiculos-deixa-6-mortos-e-varios-feridos-na-br-414","status":"publish","type":"post","link":"https:\/\/www.ocorreionews.com.br\/acervo-correio\/?p=252509","title":{"rendered":"Acidente envolvendo 14 ve\u00edculos deixa 3 mortos e v\u00e1rios feridos na BR-414"},"content":{"rendered":"<div id=\"chunk-44gs1\">\n<div class=\"mc-column content-text active-extra-styles \" data-block-type=\"unstyled\" data-block-weight=\"34\" data-block-id=\"3\"><\/div>\n<\/div>\n<div id=\"chunk-44gs1\">\n<div class=\"mc-column content-text active-extra-styles \" data-block-type=\"unstyled\" data-block-weight=\"34\" data-block-id=\"3\">\n<p class=\"content-text__container \" data-track-category=\"Link no Texto\" data-track-links=\"\">Um acidente na BR-414 envolvendo cerca de 14 ve\u00edculos deixou mortos e feridos na manh\u00e3 desta segunda-feira (25) em An\u00e1polis, a 55 km de Goi\u00e2nia. Segundo o Corpo de Bombeiros, h\u00e1 tr\u00eas v\u00edtimas fatais.<\/p>\n<p data-track-category=\"Link no Texto\" data-track-links=\"\">\n<\/div>\n<\/div>\n<div class=\"wall protected-content\">\n<div id=\"chunk-2r10r\">\n<div class=\"mc-column content-text active-extra-styles \" data-block-type=\"unstyled\" data-block-weight=\"19\" data-block-id=\"5\">\n<p class=\"content-text__container \" data-track-category=\"Link no Texto\" data-track-links=\"\">Inicialmente, os bombeiros relataram que seis pessoas morreram no acidente. Horas depois, informaram que, na verdade, foram tr\u00eas mortes.<\/p>\n<figure style=\"width: 647px\" class=\"wp-caption aligncenter\"><img loading=\"lazy\" decoding=\"async\" class=\"i-amphtml-fill-content i-amphtml-replaced-content\" src=\"https:\/\/s2-g1.glbimg.com\/vGzxXa9xaYlJFRCcyF_nkk9OFUY=\/0x0:1700x1065\/984x0\/smart\/filters:strip_icc()\/i.s3.glbimg.com\/v1\/AUTH_59edd422c0c84a879bd37670ae4f538a\/internal_photos\/bs\/2023\/7\/Y\/Edkvg7RCKKJOHXwJbZrw\/carros.png\" sizes=\"auto, (max-width: 1366px) 648px, 100vw\" srcset=\"https:\/\/s2-g1.glbimg.com\/06Kczew_kHKIg9oNVoUmDmABS_4=\/0x0:1700x1065\/1000x0\/smart\/filters:strip_icc()\/i.s3.glbimg.com\/v1\/AUTH_59edd422c0c84a879bd37670ae4f538a\/internal_photos\/bs\/2023\/7\/Y\/Edkvg7RCKKJOHXwJbZrw\/carros.png 1000w, https:\/\/s2-g1.glbimg.com\/vGzxXa9xaYlJFRCcyF_nkk9OFUY=\/0x0:1700x1065\/984x0\/smart\/filters:strip_icc()\/i.s3.glbimg.com\/v1\/AUTH_59edd422c0c84a879bd37670ae4f538a\/internal_photos\/bs\/2023\/7\/Y\/Edkvg7RCKKJOHXwJbZrw\/carros.png 984w, https:\/\/s2-g1.glbimg.com\/H42s-vHkHn-ibZ4MIkp1XKVxlkU=\/0x0:1700x1065\/640x0\/smart\/filters:strip_icc()\/i.s3.glbimg.com\/v1\/AUTH_59edd422c0c84a879bd37670ae4f538a\/internal_photos\/bs\/2023\/7\/Y\/Edkvg7RCKKJOHXwJbZrw\/carros.png 640w, https:\/\/s2-g1.glbimg.com\/H_XE2YwuWQh9fmm5ZcMKPmTrdzE=\/0x0:1700x1065\/600x0\/smart\/filters:strip_icc()\/i.s3.glbimg.com\/v1\/AUTH_59edd422c0c84a879bd37670ae4f538a\/internal_photos\/bs\/2023\/7\/Y\/Edkvg7RCKKJOHXwJbZrw\/carros.png 600w\" alt=\"Carros envolvidos em acidente que deixa 3 mortos e v\u00e1rios feridos na BR-414, em An\u00e1polis \u2014 Foto: Reprodu\u00e7\u00e3o\/Redes Sociais\" width=\"647\" height=\"405\" \/><figcaption class=\"wp-caption-text\">Carros envolvidos em acidente que deixa 3 mortos e v\u00e1rios feridos na BR-414, em An\u00e1polis \u2014 Foto: Reprodu\u00e7\u00e3o\/Redes Sociais<\/figcaption><\/figure>\n<\/div>\n<\/div>\n<div id=\"chunk-cd4fo\">\n<div class=\"mc-column content-text active-extra-styles \" data-block-type=\"unstyled\" data-block-weight=\"30\" data-block-id=\"6\">\n<p class=\"content-text__container \" data-track-category=\"Link no Texto\" data-track-links=\"\">O Corpo de Bombeiros e o Servi\u00e7o M\u00f3vel de Urg\u00eancia (Samu) foram acionados para atender a ocorr\u00eancia. Cerca de 9 viaturas foram encaminhadas para o local do acidente.<\/p>\n<figure style=\"width: 644px\" class=\"wp-caption aligncenter\"><img loading=\"lazy\" decoding=\"async\" class=\"i-amphtml-fill-content i-amphtml-replaced-content\" src=\"https:\/\/s2-g1.glbimg.com\/peb1GdPePoQokRKb2lVhxG7uNNA=\/0x0:1700x1065\/984x0\/smart\/filters:strip_icc()\/i.s3.glbimg.com\/v1\/AUTH_59edd422c0c84a879bd37670ae4f538a\/internal_photos\/bs\/2023\/G\/B\/xlPP2iSKSiZcn8QdePcg\/acidente-anap.png\" sizes=\"auto, (max-width: 1366px) 648px, 100vw\" srcset=\"https:\/\/s2-g1.glbimg.com\/vZuLEx78T7ZE9MYUQKBzIF0nLss=\/0x0:1700x1065\/1000x0\/smart\/filters:strip_icc()\/i.s3.glbimg.com\/v1\/AUTH_59edd422c0c84a879bd37670ae4f538a\/internal_photos\/bs\/2023\/G\/B\/xlPP2iSKSiZcn8QdePcg\/acidente-anap.png 1000w, https:\/\/s2-g1.glbimg.com\/peb1GdPePoQokRKb2lVhxG7uNNA=\/0x0:1700x1065\/984x0\/smart\/filters:strip_icc()\/i.s3.glbimg.com\/v1\/AUTH_59edd422c0c84a879bd37670ae4f538a\/internal_photos\/bs\/2023\/G\/B\/xlPP2iSKSiZcn8QdePcg\/acidente-anap.png 984w, https:\/\/s2-g1.glbimg.com\/JyFPsVOUmKSIYsYMr0b4B113txU=\/0x0:1700x1065\/640x0\/smart\/filters:strip_icc()\/i.s3.glbimg.com\/v1\/AUTH_59edd422c0c84a879bd37670ae4f538a\/internal_photos\/bs\/2023\/G\/B\/xlPP2iSKSiZcn8QdePcg\/acidente-anap.png 640w, https:\/\/s2-g1.glbimg.com\/WW0qDaT3kJLH2eRi3YpOlaPRHLg=\/0x0:1700x1065\/600x0\/smart\/filters:strip_icc()\/i.s3.glbimg.com\/v1\/AUTH_59edd422c0c84a879bd37670ae4f538a\/internal_photos\/bs\/2023\/G\/B\/xlPP2iSKSiZcn8QdePcg\/acidente-anap.png 600w\" alt=\"Acidente deixa 6 mortos e v\u00e1rios feridos na BR-414, em An\u00e1polis \u2014 Foto: Reprodu\u00e7\u00e3o\/Redes Sociais\" width=\"644\" height=\"403\" \/><figcaption class=\"wp-caption-text\">Acidente deixa 6 mortos e v\u00e1rios feridos na BR-414, em An\u00e1polis \u2014 Foto: Reprodu\u00e7\u00e3o\/Redes Sociais<\/figcaption><\/figure>\n<p class=\"content-text__container \" data-track-category=\"Link no Texto\" data-track-links=\"\">\n<\/div>\n<\/div>\n<\/div>\n<div id=\"chunk-4ugfa\">\n<div class=\"mc-column content-text active-extra-styles \" data-block-type=\"unstyled\" data-block-weight=\"39\" data-block-id=\"9\">\n<p class=\"content-text__container \" data-track-category=\"Link no Texto\" data-track-links=\"\">Segundo os bombeiros, entre os 14 ve\u00edculos envolvidos no acidente, est\u00e3o tr\u00eas caminh\u00f5es e dois graneleiros bitrem carregados.<\/p>\n<p class=\"content-text__container \" data-track-category=\"Link no Texto\" data-track-links=\"\">Um dos ve\u00edculos est\u00e1 com vazamento de \u00f3leo diesel. Segundo a Pol\u00edcia Rodovi\u00e1ria Federal (PRF) a rodovia est\u00e1 completamente interditada.<\/p>\n<figure style=\"width: 652px\" class=\"wp-caption aligncenter\"><img loading=\"lazy\" decoding=\"async\" class=\"overflowingVertical\" src=\"https:\/\/s2-g1.glbimg.com\/GE3X-LfbLen-6bGdWlucq9O-tEk=\/0x0:1700x1065\/984x0\/smart\/filters:strip_icc()\/i.s3.glbimg.com\/v1\/AUTH_59edd422c0c84a879bd37670ae4f538a\/internal_photos\/bs\/2023\/w\/y\/fsxje1SQqOX5B3NI3b3w\/design-sem-nome-16-.png\" alt=\"https:\/\/s2-g1.glbimg.com\/GE3X-LfbLen-6bGdWlucq9O-tEk=\/0x0:1700x1065\/984x0\/smart\/filters:strip_icc()\/i.s3.glbimg.com\/v1\/AUTH_59edd422c0c84a879bd37670ae4f538a\/internal_photos\/bs\/2023\/w\/y\/fsxje1SQqOX5B3NI3b3w\/design-sem-nome-16-.png\" width=\"652\" height=\"408\" \/><figcaption class=\"wp-caption-text\">Acidente na BR-414, em An\u00e1polis \u2014 Foto: Reprodu\u00e7\u00e3o\/Redes Sociais<\/figcaption><\/figure>\n<\/div>\n<\/div>\n<div id=\"chunk-6964b\">\n<div class=\"mc-column content-text active-extra-styles \" data-block-type=\"unstyled\" data-block-weight=\"43\" data-block-id=\"13\">\n<p class=\"content-text__container \" data-track-category=\"Link no Texto\" data-track-links=\"\">Segundo Tiago Carrijo, diretor do Samu, h\u00e1 muitas v\u00edtimas em estado grave e ser\u00e3o encaminhados ao Hospital Estadual de An\u00e1polis (Heana). Equipes da concession\u00e1ria respons\u00e1vel pela rodovia est\u00e3o no local e recomendaram o cuidado redobrado de motoristas que est\u00e3o pr\u00f3ximo ao trecho.<\/p>\n<h4 class=\"content-head__title\"><a href=\"https:\/\/g1.globo.com\/go\/goias\/video\/video-mostra-destruicao-de-veiculos-apos-acidente-com-mortos-e-feridos-na-br-414-11974095.ghtml\">Veja aqui o V\u00eddeo que mostra destrui\u00e7\u00e3o de ve\u00edculos ap\u00f3s acidente com mortos e feridos na BR-414<\/a><\/h4>\n<p data-track-category=\"Link no Texto\" data-track-links=\"\">\n<\/div>\n<\/div>\n<div class=\"wall protected-content\">\n<div id=\"chunk-6964b\">\n<div class=\"mc-column content-text active-extra-styles \" data-block-type=\"unstyled\" data-block-weight=\"43\" data-block-id=\"12\">\n<p data-track-category=\"Link no Texto\" data-track-links=\"\">Por Gustavo Cruz, g1 Goi\u00e1s<\/p>\n<\/div>\n<\/div>\n<\/div>\n","protected":false},"excerpt":{"rendered":"<p>Um acidente na BR-414 envolvendo cerca de 14 ve\u00edculos deixou mortos e feridos na manh\u00e3 desta segunda-feira (25) em An\u00e1polis, a 55 km de Goi\u00e2nia. Segundo o Corpo de Bombeiros, h\u00e1 tr\u00eas v\u00edtimas fatais. Inicialmente, os bombeiros relataram que seis pessoas morreram no acidente. Horas depois, informaram que, na verdade, foram tr\u00eas mortes. O Corpo [&hellip;]<\/p>\n","protected":false},"author":4,"featured_media":252510,"comment_status":"closed","ping_status":"closed","sticky":false,"template":"","format":"standard","meta":{"footnotes":""},"categories":[141,38],"tags":[],"class_list":["post-252509","post","type-post","status-publish","format-standard","has-post-thumbnail","hentry","category-goias","category-policia"],"_links":{"self":[{"href":"https:\/\/www.ocorreionews.com.br\/acervo-correio\/index.php?rest_route=\/wp\/v2\/posts\/252509","targetHints":{"allow":["GET"]}}],"collection":[{"href":"https:\/\/www.ocorreionews.com.br\/acervo-correio\/index.php?rest_route=\/wp\/v2\/posts"}],"about":[{"href":"https:\/\/www.ocorreionews.com.br\/acervo-correio\/index.php?rest_route=\/wp\/v2\/types\/post"}],"author":[{"embeddable":true,"href":"https:\/\/www.ocorreionews.com.br\/acervo-correio\/index.php?rest_route=\/wp\/v2\/users\/4"}],"replies":[{"embeddable":true,"href":"https:\/\/www.ocorreionews.com.br\/acervo-correio\/index.php?rest_route=%2Fwp%2Fv2%2Fcomments&post=252509"}],"version-history":[{"count":4,"href":"https:\/\/www.ocorreionews.com.br\/acervo-correio\/index.php?rest_route=\/wp\/v2\/posts\/252509\/revisions"}],"predecessor-version":[{"id":252546,"href":"https:\/\/www.ocorreionews.com.br\/acervo-correio\/index.php?rest_route=\/wp\/v2\/posts\/252509\/revisions\/252546"}],"wp:featuredmedia":[{"embeddable":true,"href":"https:\/\/www.ocorreionews.com.br\/acervo-correio\/index.php?rest_route=\/wp\/v2\/media\/252510"}],"wp:attachment":[{"href":"https:\/\/www.ocorreionews.com.br\/acervo-correio\/index.php?rest_route=%2Fwp%2Fv2%2Fmedia&parent=252509"}],"wp:term":[{"taxonomy":"category","embeddable":true,"href":"https:\/\/www.ocorreionews.com.br\/acervo-correio\/index.php?rest_route=%2Fwp%2Fv2%2Fcategories&post=252509"},{"taxonomy":"post_tag","embeddable":true,"href":"https:\/\/www.ocorreionews.com.br\/acervo-correio\/index.php?rest_route=%2Fwp%2Fv2%2Ftags&post=252509"}],"curies":[{"name":"wp","href":"https:\/\/api.w.org\/{rel}","templated":true}]}}