{"id":252515,"date":"2023-09-25T13:20:09","date_gmt":"2023-09-25T17:20:09","guid":{"rendered":"https:\/\/www.ocorreionews.com.br\/acervo-correio\/?p=252515"},"modified":"2023-09-25T15:07:50","modified_gmt":"2023-09-25T19:07:50","slug":"motociclista-morre-apos-colidir-na-traseira-de-caminhao-em-costa-rica","status":"publish","type":"post","link":"https:\/\/www.ocorreionews.com.br\/acervo-correio\/?p=252515","title":{"rendered":"Motociclista morre ap\u00f3s colidir na traseira de caminh\u00e3o em Costa Rica"},"content":{"rendered":"<p>Everton Targino dos Santos, de 35 anos, morreu na madrugada desta segunda-feira (25) ap\u00f3s um acidente de moto fatal na avenida Jos\u00e9 Ferreira da Costa, sentido norte, em Costa Rica (MS). O acidente resultou em um traumatismo craniano que culminou na morte de Everton no local do incidente.<\/p>\n<p>De acordo com informa\u00e7\u00f5es preliminares, Everton Targino havia sa\u00eddo de um bar, conduzindo sua moto Yamaha YBR 150 Factor, quando, por motivos ainda n\u00e3o esclarecidos, colidiu violentamente na traseira de um caminh\u00e3o que estava devidamente estacionado na avenida.<\/p>\n<p>O Perito Criminal &#8211; Chefe do N\u00facleo Regional de Criminal\u00edstica de Costa Rica, Rodrigo Wenceslau, confirmou que Everton Targino dos Santos sofreu um grave traumatismo craniano como resultado do impacto. O Corpo de Bombeiros foi acionado para atender \u00e0 ocorr\u00eancia, e, infelizmente, os socorristas constataram o \u00f3bito de Everton ainda no local do acidente. Dada a gravidade da situa\u00e7\u00e3o, a Pol\u00edcia Militar e a Pol\u00edcia Civil tamb\u00e9m foram acionadas pelos militares do Corpo de Bombeiros.<\/p>\n<p>As circunst\u00e2ncias exatas que levaram ao acidente ainda est\u00e3o sendo investigadas pelas autoridades competentes. A moto foi recolhida para o p\u00e1tio do Detran, pois estava com a documenta\u00e7\u00e3o vencida.<\/p>\n<figure id=\"attachment_252529\" aria-describedby=\"caption-attachment-252529\" style=\"width: 853px\" class=\"wp-caption alignnone\"><img loading=\"lazy\" decoding=\"async\" class=\"wp-image-252529 size-full\" src=\"https:\/\/www.ocorreionews.com.br\/acervo-correio\/wp-content\/uploads\/2023\/09\/acidente-colisao-traseira-de-caminhao-parado-25-09.jpg\" alt=\"\" width=\"853\" height=\"448\" srcset=\"https:\/\/www.ocorreionews.com.br\/acervo-correio\/wp-content\/uploads\/2023\/09\/acidente-colisao-traseira-de-caminhao-parado-25-09.jpg 853w, https:\/\/www.ocorreionews.com.br\/acervo-correio\/wp-content\/uploads\/2023\/09\/acidente-colisao-traseira-de-caminhao-parado-25-09-300x158.jpg 300w, https:\/\/www.ocorreionews.com.br\/acervo-correio\/wp-content\/uploads\/2023\/09\/acidente-colisao-traseira-de-caminhao-parado-25-09-768x403.jpg 768w\" sizes=\"auto, (max-width: 853px) 100vw, 853px\" \/><figcaption id=\"caption-attachment-252529\" class=\"wp-caption-text\">Foto Pol\u00edcia Militar<\/figcaption><\/figure>\n<figure id=\"attachment_252536\" aria-describedby=\"caption-attachment-252536\" style=\"width: 1280px\" class=\"wp-caption alignnone\"><img loading=\"lazy\" decoding=\"async\" class=\"wp-image-252536 size-full\" src=\"https:\/\/www.ocorreionews.com.br\/acervo-correio\/wp-content\/uploads\/2023\/09\/Policia-e-Pericia-Costa-Rica-P.jpg\" alt=\"\" width=\"1280\" height=\"543\" srcset=\"https:\/\/www.ocorreionews.com.br\/acervo-correio\/wp-content\/uploads\/2023\/09\/Policia-e-Pericia-Costa-Rica-P.jpg 1280w, https:\/\/www.ocorreionews.com.br\/acervo-correio\/wp-content\/uploads\/2023\/09\/Policia-e-Pericia-Costa-Rica-P-300x127.jpg 300w, https:\/\/www.ocorreionews.com.br\/acervo-correio\/wp-content\/uploads\/2023\/09\/Policia-e-Pericia-Costa-Rica-P-1024x434.jpg 1024w, https:\/\/www.ocorreionews.com.br\/acervo-correio\/wp-content\/uploads\/2023\/09\/Policia-e-Pericia-Costa-Rica-P-768x326.jpg 768w\" sizes=\"auto, (max-width: 1280px) 100vw, 1280px\" \/><figcaption id=\"caption-attachment-252536\" class=\"wp-caption-text\">Foto Pol\u00edcia Militar<\/figcaption><\/figure>\n<p>Ms tododia<\/p>\n","protected":false},"excerpt":{"rendered":"<p>Everton Targino dos Santos, de 35 anos, morreu na madrugada desta segunda-feira (25) ap\u00f3s um acidente de moto fatal na avenida Jos\u00e9 Ferreira da Costa, sentido norte, em Costa Rica (MS). O acidente resultou em um traumatismo craniano que culminou na morte de Everton no local do incidente. De acordo com informa\u00e7\u00f5es preliminares, Everton Targino [&hellip;]<\/p>\n","protected":false},"author":4,"featured_media":252516,"comment_status":"closed","ping_status":"closed","sticky":false,"template":"","format":"standard","meta":{"footnotes":""},"categories":[25],"tags":[],"class_list":["post-252515","post","type-post","status-publish","format-standard","has-post-thumbnail","hentry","category-costa-rica"],"_links":{"self":[{"href":"https:\/\/www.ocorreionews.com.br\/acervo-correio\/index.php?rest_route=\/wp\/v2\/posts\/252515","targetHints":{"allow":["GET"]}}],"collection":[{"href":"https:\/\/www.ocorreionews.com.br\/acervo-correio\/index.php?rest_route=\/wp\/v2\/posts"}],"about":[{"href":"https:\/\/www.ocorreionews.com.br\/acervo-correio\/index.php?rest_route=\/wp\/v2\/types\/post"}],"author":[{"embeddable":true,"href":"https:\/\/www.ocorreionews.com.br\/acervo-correio\/index.php?rest_route=\/wp\/v2\/users\/4"}],"replies":[{"embeddable":true,"href":"https:\/\/www.ocorreionews.com.br\/acervo-correio\/index.php?rest_route=%2Fwp%2Fv2%2Fcomments&post=252515"}],"version-history":[{"count":2,"href":"https:\/\/www.ocorreionews.com.br\/acervo-correio\/index.php?rest_route=\/wp\/v2\/posts\/252515\/revisions"}],"predecessor-version":[{"id":252537,"href":"https:\/\/www.ocorreionews.com.br\/acervo-correio\/index.php?rest_route=\/wp\/v2\/posts\/252515\/revisions\/252537"}],"wp:featuredmedia":[{"embeddable":true,"href":"https:\/\/www.ocorreionews.com.br\/acervo-correio\/index.php?rest_route=\/wp\/v2\/media\/252516"}],"wp:attachment":[{"href":"https:\/\/www.ocorreionews.com.br\/acervo-correio\/index.php?rest_route=%2Fwp%2Fv2%2Fmedia&parent=252515"}],"wp:term":[{"taxonomy":"category","embeddable":true,"href":"https:\/\/www.ocorreionews.com.br\/acervo-correio\/index.php?rest_route=%2Fwp%2Fv2%2Fcategories&post=252515"},{"taxonomy":"post_tag","embeddable":true,"href":"https:\/\/www.ocorreionews.com.br\/acervo-correio\/index.php?rest_route=%2Fwp%2Fv2%2Ftags&post=252515"}],"curies":[{"name":"wp","href":"https:\/\/api.w.org\/{rel}","templated":true}]}}