{"id":252518,"date":"2023-09-25T13:53:12","date_gmt":"2023-09-25T17:53:12","guid":{"rendered":"https:\/\/www.ocorreionews.com.br\/acervo-correio\/?p=252518"},"modified":"2023-09-25T13:53:12","modified_gmt":"2023-09-25T17:53:12","slug":"apos-16-anos-corpo-de-jornalista-e-encontrado-dentro-da-geladeira","status":"publish","type":"post","link":"https:\/\/www.ocorreionews.com.br\/acervo-correio\/?p=252518","title":{"rendered":"Ap\u00f3s 16 anos corpo de jornalista \u00e9 encontrado dentro da Geladeira"},"content":{"rendered":"<div class=\"x11i5rnm xat24cr x1mh8g0r x1vvkbs xtlvy1s x126k92a\">\n<div dir=\"auto\">Durante o cumprimento de uma reintegra\u00e7\u00e3o de posse em um apartamento no bairro Su\u00edssa, em Aracaju, na \u00faltima quarta-feira (20), a pol\u00edcia sergipana encontrou o corpo de um homem dentro de uma geladeira. A Pol\u00edcia Civil (PC) de Sergipe confirmou que o corpo \u00e9 de Celso Ad\u00e3o Portella, que hoje teria 80 anos. Portella \u00e9 ga\u00facho e, segundo a PC, era professor universit\u00e1rio aposentado. Ele possu\u00eda forma\u00e7\u00e3o na \u00e1rea do Direito e atuou tamb\u00e9m como jornalista.<\/div>\n<div dir=\"auto\"><\/div>\n<div dir=\"auto\">A moradora do apartamento, que seria companheira de Portella, foi presa em flagrante por oculta\u00e7\u00e3o de cad\u00e1ver e maus-tratos de uma crian\u00e7a. Conforme a delegada Roberta Fortes, o Departamento de Homic\u00eddios e Prote\u00e7\u00e3o \u00e0 Pessoa (DHPP) da Pol\u00edcia Civil foi acionado com a informa\u00e7\u00e3o de que um corpo foi encontrado dentro de uma geladeira e que uma mulher teria cortado os pulsos no momento em que o oficial de justi\u00e7a entrou na resid\u00eancia. \u201cFomos ao bairro Su\u00edssa e encontramos o corpo j\u00e1 estava em estado avan\u00e7ado de decomposi\u00e7\u00e3o\u201d, disse.<\/div>\n<div dir=\"auto\"><\/div>\n<div dir=\"auto\">Ainda segundo a delegada, ao chegar ao local, a mulher j\u00e1 tinha sido encaminhada ao hospital. Uma crian\u00e7a vivia em situa\u00e7\u00e3o de maus-tratos no local onde estava o corpo. \u201cEnt\u00e3o, foi lavrado o flagrante pela oculta\u00e7\u00e3o de cad\u00e1ver e pelos maus-tratos a crian\u00e7a\u201d, detalhou Roberta Fortes. A crian\u00e7a foi entregue ao Conselho Tutelar que a encaminhou para um familiar.<\/div>\n<div dir=\"auto\"><img loading=\"lazy\" decoding=\"async\" class=\"alignnone wp-image-252520 size-full\" src=\"https:\/\/www.ocorreionews.com.br\/acervo-correio\/wp-content\/uploads\/2023\/09\/jornalis-gaucho2.jpg\" alt=\"\" width=\"623\" height=\"395\" srcset=\"https:\/\/www.ocorreionews.com.br\/acervo-correio\/wp-content\/uploads\/2023\/09\/jornalis-gaucho2.jpg 623w, https:\/\/www.ocorreionews.com.br\/acervo-correio\/wp-content\/uploads\/2023\/09\/jornalis-gaucho2-300x190.jpg 300w\" sizes=\"auto, (max-width: 623px) 100vw, 623px\" \/><\/p>\n<div class=\"x11i5rnm xat24cr x1mh8g0r x1vvkbs xtlvy1s x126k92a\">\n<div dir=\"auto\">Durante o cumprimento de uma reintegra\u00e7\u00e3o de posse em um apartamento no bairro Su\u00edssa, em Aracaju, na \u00faltima quarta-feira (20), a pol\u00edcia sergipana encontrou o corpo de um homem dentro de uma geladeira. A Pol\u00edcia Civil (PC) de Sergipe confirmou que o corpo \u00e9 de Celso Ad\u00e3o Portella, que hoje teria 80 anos. Portella \u00e9 ga\u00facho e, segundo a PC, era professor universit\u00e1rio aposentado. Ele possu\u00eda forma\u00e7\u00e3o na \u00e1rea do Direito e atuou tamb\u00e9m como jornalista.<\/div>\n<div dir=\"auto\">\n<figure id=\"attachment_252521\" aria-describedby=\"caption-attachment-252521\" style=\"width: 491px\" class=\"wp-caption alignnone\"><img loading=\"lazy\" decoding=\"async\" class=\"wp-image-252521 size-full\" src=\"https:\/\/www.ocorreionews.com.br\/acervo-correio\/wp-content\/uploads\/2023\/09\/lixo-dentro-da-casa.jpg\" alt=\"\" width=\"491\" height=\"311\" srcset=\"https:\/\/www.ocorreionews.com.br\/acervo-correio\/wp-content\/uploads\/2023\/09\/lixo-dentro-da-casa.jpg 491w, https:\/\/www.ocorreionews.com.br\/acervo-correio\/wp-content\/uploads\/2023\/09\/lixo-dentro-da-casa-300x190.jpg 300w\" sizes=\"auto, (max-width: 491px) 100vw, 491px\" \/><figcaption id=\"caption-attachment-252521\" class=\"wp-caption-text\">Lixo no interior da casa<\/figcaption><\/figure>\n<\/div>\n<div dir=\"auto\"><\/div>\n<div dir=\"auto\">De acordo com a delegada, a investigada narrou sua vers\u00e3o dos fatos. \u201cA mulher confessou que havia guardado o corpo daquele senhor dentro da geladeira. Ela fala que n\u00e3o matou a v\u00edtima e que teria sa\u00eddo para trabalhar e encontrado o homem morto. Por medo, ela guardou o corpo na geladeira. Ela disse que o fato teria ocorrido em 2016\u201d, destacou a delegada.<\/div>\n<div dir=\"auto\"><\/div>\n<div dir=\"auto\">Roberta Fortes relatou ainda que havia forte odor no apartamento em decorr\u00eancia do lixo. \u201cTinha o mau cheiro do apartamento por ter muito lixo. Mas, os vizinhos disseram que o mau cheiro do corpo n\u00e3o era sentido\u201d, complementou.<\/div>\n<div dir=\"auto\">De acordo com o Departamento de Homic\u00eddios e Prote\u00e7\u00e3o \u00e0 Pessoa (DHPP) da Pol\u00edcia Civil, a apura\u00e7\u00e3o do caso j\u00e1 conta com a instaura\u00e7\u00e3o.<\/div>\n<\/div>\n<div class=\"x11i5rnm xat24cr x1mh8g0r x1vvkbs xtlvy1s x126k92a\">\n<div dir=\"auto\">Fonte: Jornal do Vale<\/div>\n<\/div>\n<\/div>\n<div dir=\"auto\"><\/div>\n<\/div>\n<div class=\"x11i5rnm xat24cr x1mh8g0r x1vvkbs xtlvy1s x126k92a\">\n<div dir=\"auto\"><\/div>\n<\/div>\n","protected":false},"excerpt":{"rendered":"<p>Durante o cumprimento de uma reintegra\u00e7\u00e3o de posse em um apartamento no bairro Su\u00edssa, em Aracaju, na \u00faltima quarta-feira (20), a pol\u00edcia sergipana encontrou o corpo de um homem dentro de uma geladeira. A Pol\u00edcia Civil (PC) de Sergipe confirmou que o corpo \u00e9 de Celso Ad\u00e3o Portella, que hoje teria 80 anos. Portella \u00e9 [&hellip;]<\/p>\n","protected":false},"author":4,"featured_media":252519,"comment_status":"closed","ping_status":"closed","sticky":false,"template":"","format":"standard","meta":{"footnotes":""},"categories":[38],"tags":[],"class_list":["post-252518","post","type-post","status-publish","format-standard","has-post-thumbnail","hentry","category-policia"],"_links":{"self":[{"href":"https:\/\/www.ocorreionews.com.br\/acervo-correio\/index.php?rest_route=\/wp\/v2\/posts\/252518","targetHints":{"allow":["GET"]}}],"collection":[{"href":"https:\/\/www.ocorreionews.com.br\/acervo-correio\/index.php?rest_route=\/wp\/v2\/posts"}],"about":[{"href":"https:\/\/www.ocorreionews.com.br\/acervo-correio\/index.php?rest_route=\/wp\/v2\/types\/post"}],"author":[{"embeddable":true,"href":"https:\/\/www.ocorreionews.com.br\/acervo-correio\/index.php?rest_route=\/wp\/v2\/users\/4"}],"replies":[{"embeddable":true,"href":"https:\/\/www.ocorreionews.com.br\/acervo-correio\/index.php?rest_route=%2Fwp%2Fv2%2Fcomments&post=252518"}],"version-history":[{"count":1,"href":"https:\/\/www.ocorreionews.com.br\/acervo-correio\/index.php?rest_route=\/wp\/v2\/posts\/252518\/revisions"}],"predecessor-version":[{"id":252522,"href":"https:\/\/www.ocorreionews.com.br\/acervo-correio\/index.php?rest_route=\/wp\/v2\/posts\/252518\/revisions\/252522"}],"wp:featuredmedia":[{"embeddable":true,"href":"https:\/\/www.ocorreionews.com.br\/acervo-correio\/index.php?rest_route=\/wp\/v2\/media\/252519"}],"wp:attachment":[{"href":"https:\/\/www.ocorreionews.com.br\/acervo-correio\/index.php?rest_route=%2Fwp%2Fv2%2Fmedia&parent=252518"}],"wp:term":[{"taxonomy":"category","embeddable":true,"href":"https:\/\/www.ocorreionews.com.br\/acervo-correio\/index.php?rest_route=%2Fwp%2Fv2%2Fcategories&post=252518"},{"taxonomy":"post_tag","embeddable":true,"href":"https:\/\/www.ocorreionews.com.br\/acervo-correio\/index.php?rest_route=%2Fwp%2Fv2%2Ftags&post=252518"}],"curies":[{"name":"wp","href":"https:\/\/api.w.org\/{rel}","templated":true}]}}