{"id":252535,"date":"2023-09-25T15:11:28","date_gmt":"2023-09-25T19:11:28","guid":{"rendered":"https:\/\/www.ocorreionews.com.br\/acervo-correio\/?p=252535"},"modified":"2023-09-25T15:11:28","modified_gmt":"2023-09-25T19:11:28","slug":"motorista-embriagado-e-preso-apos-causar-acidente-e-deixar-sua-esposa-com-ferimentos-graves-em-costa-rica","status":"publish","type":"post","link":"https:\/\/www.ocorreionews.com.br\/acervo-correio\/?p=252535","title":{"rendered":"Motorista embriagado \u00e9 preso ap\u00f3s causar acidente e deixar sua esposa com ferimentos graves em Costa Rica"},"content":{"rendered":"<p><span data-contrast=\"auto\">Aconteceu na noite do \u00faltimo s\u00e1bado (23), um acidente na estrada vicinal conhecida como \u201cCaminho da F\u00e9\u201d em Costa Rica. Onde um motorista embriagado colidiu com um arvore e deixou sua companheira que estava no banco de passageira com ferimentos graves.<\/span><span data-ccp-props=\"{&quot;201341983&quot;:0,&quot;335559739&quot;:160,&quot;335559740&quot;:259}\">\u00a0<\/span><\/p>\n<p><span data-contrast=\"auto\">De acordo com informa\u00e7\u00f5es do Boletim de Ocorr\u00eancia, por volta das 20h, a Pol\u00edcia Militar de Costa Rica foi acionada pelo Corpo de Bombeiros, pois havia ocorrido um acidente na Estrada da F\u00e9, onde um ve\u00edculo VW Voyage 1.6, havia colidido com uma \u00e1rvore deixando duas pessoas feriadas.<\/span><span data-ccp-props=\"{&quot;201341983&quot;:0,&quot;335559739&quot;:160,&quot;335559740&quot;:259}\">\u00a0<\/span><\/p>\n<p><span data-contrast=\"auto\">O motorista (autor), foi socorrido com corte no joelho esquerdo e dor nas costelas e a esposa do motorista (v\u00edtima), estava com fratura na clav\u00edcula.\u00a0<\/span><span data-ccp-props=\"{&quot;201341983&quot;:0,&quot;335559739&quot;:160,&quot;335559740&quot;:259}\">\u00a0<\/span><\/p>\n<p><span data-contrast=\"auto\">A Dra. que atendeu o autor percebeu sinais de embriaguez no mesmo, foi realizado o teste de alcoolemia e posteriormente foi constatado o fato, o autor recebeu voz de pris\u00e3o em raz\u00e3o Crime do Art. 303 de forma qualificada do CTB, j\u00e1 que houve a fratura causada pelo acidente em sua esposa.\u00a0 <\/span><span data-ccp-props=\"{&quot;201341983&quot;:0,&quot;335559739&quot;:160,&quot;335559740&quot;:259}\">\u00a0<\/span><\/p>\n<p><img loading=\"lazy\" decoding=\"async\" class=\"alignnone size-full wp-image-252531\" src=\"https:\/\/www.ocorreionews.com.br\/acervo-correio\/wp-content\/uploads\/2023\/09\/acidente-estrada-da-fe-23-09b.jpg\" alt=\"\" width=\"1200\" height=\"1600\" srcset=\"https:\/\/www.ocorreionews.com.br\/acervo-correio\/wp-content\/uploads\/2023\/09\/acidente-estrada-da-fe-23-09b.jpg 1200w, https:\/\/www.ocorreionews.com.br\/acervo-correio\/wp-content\/uploads\/2023\/09\/acidente-estrada-da-fe-23-09b-225x300.jpg 225w, https:\/\/www.ocorreionews.com.br\/acervo-correio\/wp-content\/uploads\/2023\/09\/acidente-estrada-da-fe-23-09b-768x1024.jpg 768w, https:\/\/www.ocorreionews.com.br\/acervo-correio\/wp-content\/uploads\/2023\/09\/acidente-estrada-da-fe-23-09b-1152x1536.jpg 1152w\" sizes=\"auto, (max-width: 1200px) 100vw, 1200px\" \/><\/p>\n","protected":false},"excerpt":{"rendered":"<p>Aconteceu na noite do \u00faltimo s\u00e1bado (23), um acidente na estrada vicinal conhecida como \u201cCaminho da F\u00e9\u201d em Costa Rica. Onde um motorista embriagado colidiu com um arvore e deixou sua companheira que estava no banco de passageira com ferimentos graves.\u00a0 De acordo com informa\u00e7\u00f5es do Boletim de Ocorr\u00eancia, por volta das 20h, a Pol\u00edcia [&hellip;]<\/p>\n","protected":false},"author":5,"featured_media":252530,"comment_status":"closed","ping_status":"closed","sticky":false,"template":"","format":"standard","meta":{"footnotes":""},"categories":[25,38],"tags":[],"class_list":["post-252535","post","type-post","status-publish","format-standard","has-post-thumbnail","hentry","category-costa-rica","category-policia"],"_links":{"self":[{"href":"https:\/\/www.ocorreionews.com.br\/acervo-correio\/index.php?rest_route=\/wp\/v2\/posts\/252535","targetHints":{"allow":["GET"]}}],"collection":[{"href":"https:\/\/www.ocorreionews.com.br\/acervo-correio\/index.php?rest_route=\/wp\/v2\/posts"}],"about":[{"href":"https:\/\/www.ocorreionews.com.br\/acervo-correio\/index.php?rest_route=\/wp\/v2\/types\/post"}],"author":[{"embeddable":true,"href":"https:\/\/www.ocorreionews.com.br\/acervo-correio\/index.php?rest_route=\/wp\/v2\/users\/5"}],"replies":[{"embeddable":true,"href":"https:\/\/www.ocorreionews.com.br\/acervo-correio\/index.php?rest_route=%2Fwp%2Fv2%2Fcomments&post=252535"}],"version-history":[{"count":1,"href":"https:\/\/www.ocorreionews.com.br\/acervo-correio\/index.php?rest_route=\/wp\/v2\/posts\/252535\/revisions"}],"predecessor-version":[{"id":252538,"href":"https:\/\/www.ocorreionews.com.br\/acervo-correio\/index.php?rest_route=\/wp\/v2\/posts\/252535\/revisions\/252538"}],"wp:featuredmedia":[{"embeddable":true,"href":"https:\/\/www.ocorreionews.com.br\/acervo-correio\/index.php?rest_route=\/wp\/v2\/media\/252530"}],"wp:attachment":[{"href":"https:\/\/www.ocorreionews.com.br\/acervo-correio\/index.php?rest_route=%2Fwp%2Fv2%2Fmedia&parent=252535"}],"wp:term":[{"taxonomy":"category","embeddable":true,"href":"https:\/\/www.ocorreionews.com.br\/acervo-correio\/index.php?rest_route=%2Fwp%2Fv2%2Fcategories&post=252535"},{"taxonomy":"post_tag","embeddable":true,"href":"https:\/\/www.ocorreionews.com.br\/acervo-correio\/index.php?rest_route=%2Fwp%2Fv2%2Ftags&post=252535"}],"curies":[{"name":"wp","href":"https:\/\/api.w.org\/{rel}","templated":true}]}}