{"id":252539,"date":"2023-09-25T15:22:51","date_gmt":"2023-09-25T19:22:51","guid":{"rendered":"https:\/\/www.ocorreionews.com.br\/acervo-correio\/?p=252539"},"modified":"2023-09-25T15:22:51","modified_gmt":"2023-09-25T19:22:51","slug":"homem-e-preso-apos-agredir-a-namorada-em-paraiso-das-aguas","status":"publish","type":"post","link":"https:\/\/www.ocorreionews.com.br\/acervo-correio\/?p=252539","title":{"rendered":"Homem \u00e9 preso ap\u00f3s agredir a namorada em Para\u00edso das \u00c1guas"},"content":{"rendered":"<p><span data-contrast=\"auto\">Na noite da \u00faltima sexta-feira (22), um homem de 29 anos foi preso por viol\u00eancia dom\u00e9stica, ap\u00f3s agredir sua companheira em Para\u00edso das \u00c1guas. As agress\u00f5es aconteceram ap\u00f3s uma discuss\u00e3o por atraso em entrega de um aparelho de celular.<\/span><span data-ccp-props=\"{&quot;201341983&quot;:0,&quot;335559739&quot;:160,&quot;335559740&quot;:259}\">\u00a0<\/span><\/p>\n<p><span data-contrast=\"auto\">Segundo informa\u00e7\u00f5es retiradas do Boletim de Ocorr\u00eancia, uma jovem de 26 anos, acionou a PM de Para\u00edso das \u00c1guas, informando que seu companheiro havia agredido ela fisicamente.\u00a0<\/span><span data-ccp-props=\"{&quot;201341983&quot;:0,&quot;335559739&quot;:160,&quot;335559740&quot;:259}\">\u00a0<\/span><\/p>\n<p><span data-contrast=\"auto\">No local dos fatos a mesma relatou aos policiais que havia comprado um celular de uma loja na cidade de Bandeirantes \u2013 MS, e que o aparelho era para chegar no dia do fato, por\u00e9m n\u00e3o chegou, ent\u00e3o foi a\u00ed que a jovem fez contato com a vendedora para tirar satisfa\u00e7\u00f5es, o autor disse que por conta disso se sentiu envergonhado, momento em que a v\u00edtima jogou o celular dele no ch\u00e3o. <\/span><span data-ccp-props=\"{&quot;201341983&quot;:0,&quot;335559739&quot;:160,&quot;335559740&quot;:259}\">\u00a0<\/span><\/p>\n<p><span data-contrast=\"auto\">O autor estava tomando cerveja, ent\u00e3o soltou a lata e pegou no pesco\u00e7o da v\u00edtima a enforcando contra a parede, a v\u00edtima conseguiu se soltar e solicitou a presen\u00e7a dos militares na resid\u00eancia da mesma, ainda salientou que n\u00e3o era a primeira vez que aquilo acontecia. <\/span><span data-ccp-props=\"{&quot;201341983&quot;:0,&quot;335559739&quot;:160,&quot;335559740&quot;:259}\">\u00a0<\/span><\/p>\n<p><span data-contrast=\"auto\">O autor foi encaminhado para a Delegacia de Pol\u00edcia para as medidas cab\u00edveis.<\/span><span data-ccp-props=\"{&quot;201341983&quot;:0,&quot;335559739&quot;:160,&quot;335559740&quot;:259}\">\u00a0<\/span><\/p>\n","protected":false},"excerpt":{"rendered":"<p>Na noite da \u00faltima sexta-feira (22), um homem de 29 anos foi preso por viol\u00eancia dom\u00e9stica, ap\u00f3s agredir sua companheira em Para\u00edso das \u00c1guas. As agress\u00f5es aconteceram ap\u00f3s uma discuss\u00e3o por atraso em entrega de um aparelho de celular.\u00a0 Segundo informa\u00e7\u00f5es retiradas do Boletim de Ocorr\u00eancia, uma jovem de 26 anos, acionou a PM de [&hellip;]<\/p>\n","protected":false},"author":5,"featured_media":243085,"comment_status":"closed","ping_status":"closed","sticky":false,"template":"","format":"standard","meta":{"footnotes":""},"categories":[36,38],"tags":[],"class_list":["post-252539","post","type-post","status-publish","format-standard","has-post-thumbnail","hentry","category-paraiso-das-aguas","category-policia"],"_links":{"self":[{"href":"https:\/\/www.ocorreionews.com.br\/acervo-correio\/index.php?rest_route=\/wp\/v2\/posts\/252539","targetHints":{"allow":["GET"]}}],"collection":[{"href":"https:\/\/www.ocorreionews.com.br\/acervo-correio\/index.php?rest_route=\/wp\/v2\/posts"}],"about":[{"href":"https:\/\/www.ocorreionews.com.br\/acervo-correio\/index.php?rest_route=\/wp\/v2\/types\/post"}],"author":[{"embeddable":true,"href":"https:\/\/www.ocorreionews.com.br\/acervo-correio\/index.php?rest_route=\/wp\/v2\/users\/5"}],"replies":[{"embeddable":true,"href":"https:\/\/www.ocorreionews.com.br\/acervo-correio\/index.php?rest_route=%2Fwp%2Fv2%2Fcomments&post=252539"}],"version-history":[{"count":1,"href":"https:\/\/www.ocorreionews.com.br\/acervo-correio\/index.php?rest_route=\/wp\/v2\/posts\/252539\/revisions"}],"predecessor-version":[{"id":252540,"href":"https:\/\/www.ocorreionews.com.br\/acervo-correio\/index.php?rest_route=\/wp\/v2\/posts\/252539\/revisions\/252540"}],"wp:featuredmedia":[{"embeddable":true,"href":"https:\/\/www.ocorreionews.com.br\/acervo-correio\/index.php?rest_route=\/wp\/v2\/media\/243085"}],"wp:attachment":[{"href":"https:\/\/www.ocorreionews.com.br\/acervo-correio\/index.php?rest_route=%2Fwp%2Fv2%2Fmedia&parent=252539"}],"wp:term":[{"taxonomy":"category","embeddable":true,"href":"https:\/\/www.ocorreionews.com.br\/acervo-correio\/index.php?rest_route=%2Fwp%2Fv2%2Fcategories&post=252539"},{"taxonomy":"post_tag","embeddable":true,"href":"https:\/\/www.ocorreionews.com.br\/acervo-correio\/index.php?rest_route=%2Fwp%2Fv2%2Ftags&post=252539"}],"curies":[{"name":"wp","href":"https:\/\/api.w.org\/{rel}","templated":true}]}}