{"id":252541,"date":"2023-09-25T15:41:09","date_gmt":"2023-09-25T19:41:09","guid":{"rendered":"https:\/\/www.ocorreionews.com.br\/acervo-correio\/?p=252541"},"modified":"2023-09-25T15:41:09","modified_gmt":"2023-09-25T19:41:09","slug":"pm-de-costa-rica-prende-homem-que-agrediu-sua-esposa","status":"publish","type":"post","link":"https:\/\/www.ocorreionews.com.br\/acervo-correio\/?p=252541","title":{"rendered":"PM de Costa Rica prende homem que agrediu sua esposa"},"content":{"rendered":"<p><span data-contrast=\"auto\">Na noite do \u00faltimo s\u00e1bado (23),\u00a0um homem de 36 anos foi preso, ap\u00f3s agredir sua esposa e quebrar o celular dela em Costa Rica.<\/span><span data-ccp-props=\"{&quot;201341983&quot;:0,&quot;335559739&quot;:160,&quot;335559740&quot;:259}\">\u00a0<\/span><\/p>\n<p><span data-contrast=\"auto\">Segundo informa\u00e7\u00f5es retiradas do Boletim de Ocorr\u00eancia, por volta das 22h, a PM de Costa Rica foi acionada para atender a uma ocorr\u00eancia de viol\u00eancia dom\u00e9stica. <\/span><span data-ccp-props=\"{&quot;201341983&quot;:0,&quot;335559739&quot;:160,&quot;335559740&quot;:259}\">\u00a0<\/span><\/p>\n<p><span data-contrast=\"auto\">No local a v\u00edtima de 30 anos, relatou que sofreu agress\u00f5es f\u00edsicas e verbais de seu companheiro, ela afirmou que assim que chegou do servi\u00e7o se deparou com o autor j\u00e1 bastante agressivo foi quando iniciaram uma discuss\u00e3o, ele desferiu tapas em sua face e a empurrou, al\u00e9m de amea\u00e7\u00e1-la e quebrar o celular dela. <\/span><span data-ccp-props=\"{&quot;201341983&quot;:0,&quot;335559739&quot;:160,&quot;335559740&quot;:259}\">\u00a0<\/span><\/p>\n<p><span data-contrast=\"auto\">Diante dos fatos o autor foi encaminhado \u00e0 Delegacia de Pol\u00edcia para que as medidas cab\u00edveis sejam tomadas. <\/span><span data-ccp-props=\"{&quot;201341983&quot;:0,&quot;335559739&quot;:160,&quot;335559740&quot;:259}\">\u00a0<\/span><\/p>\n","protected":false},"excerpt":{"rendered":"<p>Na noite do \u00faltimo s\u00e1bado (23),\u00a0um homem de 36 anos foi preso, ap\u00f3s agredir sua esposa e quebrar o celular dela em Costa Rica.\u00a0 Segundo informa\u00e7\u00f5es retiradas do Boletim de Ocorr\u00eancia, por volta das 22h, a PM de Costa Rica foi acionada para atender a uma ocorr\u00eancia de viol\u00eancia dom\u00e9stica. \u00a0 No local a v\u00edtima [&hellip;]<\/p>\n","protected":false},"author":5,"featured_media":229890,"comment_status":"closed","ping_status":"closed","sticky":false,"template":"","format":"standard","meta":{"footnotes":""},"categories":[25,38],"tags":[],"class_list":["post-252541","post","type-post","status-publish","format-standard","has-post-thumbnail","hentry","category-costa-rica","category-policia"],"_links":{"self":[{"href":"https:\/\/www.ocorreionews.com.br\/acervo-correio\/index.php?rest_route=\/wp\/v2\/posts\/252541","targetHints":{"allow":["GET"]}}],"collection":[{"href":"https:\/\/www.ocorreionews.com.br\/acervo-correio\/index.php?rest_route=\/wp\/v2\/posts"}],"about":[{"href":"https:\/\/www.ocorreionews.com.br\/acervo-correio\/index.php?rest_route=\/wp\/v2\/types\/post"}],"author":[{"embeddable":true,"href":"https:\/\/www.ocorreionews.com.br\/acervo-correio\/index.php?rest_route=\/wp\/v2\/users\/5"}],"replies":[{"embeddable":true,"href":"https:\/\/www.ocorreionews.com.br\/acervo-correio\/index.php?rest_route=%2Fwp%2Fv2%2Fcomments&post=252541"}],"version-history":[{"count":1,"href":"https:\/\/www.ocorreionews.com.br\/acervo-correio\/index.php?rest_route=\/wp\/v2\/posts\/252541\/revisions"}],"predecessor-version":[{"id":252542,"href":"https:\/\/www.ocorreionews.com.br\/acervo-correio\/index.php?rest_route=\/wp\/v2\/posts\/252541\/revisions\/252542"}],"wp:featuredmedia":[{"embeddable":true,"href":"https:\/\/www.ocorreionews.com.br\/acervo-correio\/index.php?rest_route=\/wp\/v2\/media\/229890"}],"wp:attachment":[{"href":"https:\/\/www.ocorreionews.com.br\/acervo-correio\/index.php?rest_route=%2Fwp%2Fv2%2Fmedia&parent=252541"}],"wp:term":[{"taxonomy":"category","embeddable":true,"href":"https:\/\/www.ocorreionews.com.br\/acervo-correio\/index.php?rest_route=%2Fwp%2Fv2%2Fcategories&post=252541"},{"taxonomy":"post_tag","embeddable":true,"href":"https:\/\/www.ocorreionews.com.br\/acervo-correio\/index.php?rest_route=%2Fwp%2Fv2%2Ftags&post=252541"}],"curies":[{"name":"wp","href":"https:\/\/api.w.org\/{rel}","templated":true}]}}