{"id":252543,"date":"2023-09-25T16:21:33","date_gmt":"2023-09-25T20:21:33","guid":{"rendered":"https:\/\/www.ocorreionews.com.br\/acervo-correio\/?p=252543"},"modified":"2023-09-25T16:21:33","modified_gmt":"2023-09-25T20:21:33","slug":"pm-prende-motorista-embriago-que-colidiu-em-poste-de-energia-em-costa-rica","status":"publish","type":"post","link":"https:\/\/www.ocorreionews.com.br\/acervo-correio\/?p=252543","title":{"rendered":"PM prende motorista embriago que colidiu em poste de energia em Costa Rica"},"content":{"rendered":"<p><span data-contrast=\"auto\">Na noite do \u00faltimo s\u00e1bado (23), um homem de 31 anos foi preso por dirigir embriagado e colidir com seu ve\u00edculo em um poste na cidade de Costa Rica.<\/span><span data-ccp-props=\"{&quot;201341983&quot;:0,&quot;335559739&quot;:160,&quot;335559740&quot;:259}\">\u00a0<\/span><\/p>\n<p><span data-contrast=\"auto\">De acordo com informa\u00e7\u00f5es retiradas do Boletim de Ocorr\u00eancia, por volta das 23h55min, a Pol\u00edcia Militar de Costa Rica foi acionada para atender uma ocorr\u00eancia de sinistro de tr\u00e2nsito, com v\u00edtima na Rua Lambari Centro da cidade. <\/span><span data-ccp-props=\"{&quot;201341983&quot;:0,&quot;335559739&quot;:160,&quot;335559740&quot;:259}\">\u00a0<\/span><\/p>\n<p><span data-contrast=\"auto\">Quando a guarni\u00e7\u00e3o chegou no local, se tratava de um ve\u00edculo VW Gol que colidiu em um poste de energia el\u00e9trica. O acidente resultou em danos materiais na frente do ve\u00edculo e o autor foi encaminhado para o Hospital com escoria\u00e7\u00f5es no rosto, por\u00e9m ele recusou o atendimento m\u00e9dico.<\/span><span data-ccp-props=\"{&quot;201341983&quot;:0,&quot;335559739&quot;:160,&quot;335559740&quot;:259}\">\u00a0<\/span><\/p>\n<p><span data-contrast=\"auto\">Foi realizado o teste de alcoolemia e foi constatado que o autor estava alcoolizado. <\/span><span data-ccp-props=\"{&quot;201341983&quot;:0,&quot;335559739&quot;:160,&quot;335559740&quot;:259}\">\u00a0<\/span><\/p>\n<p><span data-contrast=\"auto\">Diante dos fatos o autor recebeu voz de pris\u00e3o e foi conduzido para a Delegacia de Pol\u00edcia.<\/span><span data-ccp-props=\"{&quot;201341983&quot;:0,&quot;335559739&quot;:160,&quot;335559740&quot;:259}\">\u00a0<\/span><\/p>\n","protected":false},"excerpt":{"rendered":"<p>Na noite do \u00faltimo s\u00e1bado (23), um homem de 31 anos foi preso por dirigir embriagado e colidir com seu ve\u00edculo em um poste na cidade de Costa Rica.\u00a0 De acordo com informa\u00e7\u00f5es retiradas do Boletim de Ocorr\u00eancia, por volta das 23h55min, a Pol\u00edcia Militar de Costa Rica foi acionada para atender uma ocorr\u00eancia de [&hellip;]<\/p>\n","protected":false},"author":5,"featured_media":252532,"comment_status":"closed","ping_status":"closed","sticky":false,"template":"","format":"standard","meta":{"footnotes":""},"categories":[25,38],"tags":[],"class_list":["post-252543","post","type-post","status-publish","format-standard","has-post-thumbnail","hentry","category-costa-rica","category-policia"],"_links":{"self":[{"href":"https:\/\/www.ocorreionews.com.br\/acervo-correio\/index.php?rest_route=\/wp\/v2\/posts\/252543","targetHints":{"allow":["GET"]}}],"collection":[{"href":"https:\/\/www.ocorreionews.com.br\/acervo-correio\/index.php?rest_route=\/wp\/v2\/posts"}],"about":[{"href":"https:\/\/www.ocorreionews.com.br\/acervo-correio\/index.php?rest_route=\/wp\/v2\/types\/post"}],"author":[{"embeddable":true,"href":"https:\/\/www.ocorreionews.com.br\/acervo-correio\/index.php?rest_route=\/wp\/v2\/users\/5"}],"replies":[{"embeddable":true,"href":"https:\/\/www.ocorreionews.com.br\/acervo-correio\/index.php?rest_route=%2Fwp%2Fv2%2Fcomments&post=252543"}],"version-history":[{"count":1,"href":"https:\/\/www.ocorreionews.com.br\/acervo-correio\/index.php?rest_route=\/wp\/v2\/posts\/252543\/revisions"}],"predecessor-version":[{"id":252548,"href":"https:\/\/www.ocorreionews.com.br\/acervo-correio\/index.php?rest_route=\/wp\/v2\/posts\/252543\/revisions\/252548"}],"wp:featuredmedia":[{"embeddable":true,"href":"https:\/\/www.ocorreionews.com.br\/acervo-correio\/index.php?rest_route=\/wp\/v2\/media\/252532"}],"wp:attachment":[{"href":"https:\/\/www.ocorreionews.com.br\/acervo-correio\/index.php?rest_route=%2Fwp%2Fv2%2Fmedia&parent=252543"}],"wp:term":[{"taxonomy":"category","embeddable":true,"href":"https:\/\/www.ocorreionews.com.br\/acervo-correio\/index.php?rest_route=%2Fwp%2Fv2%2Fcategories&post=252543"},{"taxonomy":"post_tag","embeddable":true,"href":"https:\/\/www.ocorreionews.com.br\/acervo-correio\/index.php?rest_route=%2Fwp%2Fv2%2Ftags&post=252543"}],"curies":[{"name":"wp","href":"https:\/\/api.w.org\/{rel}","templated":true}]}}