{"id":252592,"date":"2023-09-26T08:18:28","date_gmt":"2023-09-26T12:18:28","guid":{"rendered":"https:\/\/www.ocorreionews.com.br\/acervo-correio\/?p=252592"},"modified":"2023-09-26T08:18:28","modified_gmt":"2023-09-26T12:18:28","slug":"aniversario-de-paraiso-das-aguas-conta-com-extensa-agenda-de-shows-e-inauguracoes-durante-a-semana","status":"publish","type":"post","link":"https:\/\/www.ocorreionews.com.br\/acervo-correio\/?p=252592","title":{"rendered":"Anivers\u00e1rio de Para\u00edso das \u00c1guas conta com extensa agenda de shows e inaugura\u00e7\u00f5es durante a semana"},"content":{"rendered":"<p>Come\u00e7ou nesta segunda-feira (25) uma semana agitada de comemora\u00e7\u00f5es dos 20 anos de funda\u00e7\u00e3o de Para\u00edso das \u00c1guas, a cidade mais nova do Brasil.<\/p>\n<p>Embora comemore 20 anos de sua funda\u00e7\u00e3o, a emancipa\u00e7\u00e3o pol\u00edtica s\u00f3 veio em 2013, ou seja, o munic\u00edpio s\u00f3 possui governo pr\u00f3prio h\u00e1 10 anos. Sendo assim Para\u00edso das \u00c1guas \u00e9 disparadamente a cidade mais nova do Mato Grosso do Sul e do Brasil.<\/p>\n<p>Para comemorar seu vig\u00e9simo anivers\u00e1rio, o executivo municipal programou uma extensa agenda de atividades.<\/p>\n<p>Na quarta-feira (27) a partir das 07:30 da manh\u00e3, o prefeito An\u00edzio Andrade, o vice-prefeito, Roberto Carlos, vereadores e secret\u00e1rios municipais ir\u00e3o vistoriar obras que est\u00e3o em andamento no munic\u00edpio, s\u00e3o elas: mercado do produtor, amplia\u00e7\u00f5es de escolas na sede e distritos, instala\u00e7\u00e3o de mata-burros, pavimenta\u00e7\u00e3o asf\u00e1ltica do Portal Para\u00edso, Casa do Programa Lote Urbanizado, e constru\u00e7\u00e3o do sal\u00e3o de eventos do munic\u00edpio.<\/p>\n<p>Na programa\u00e7\u00e3o de quinta-feira (28) est\u00e3o previstas as entregas de obras nos distritos de Bela Alvorada e Pouso Alto.<\/p>\n<p>Na sexta-feira (29) uma super programa\u00e7\u00e3o que come\u00e7a \u00e0s 07:30 da manh\u00e3 com entregas de importantes obras na cidade. Ser\u00e3o oficialmente entregues as obras: Casa Lar, Veladoria Municipal, Po\u00e7o Artesiano para atender a sede, Projeto Cidade Monitorada, Obra de embarque e desembarque da escola vereador Kendi Nakai, al\u00e9m de entrega de ve\u00edculos e maquin\u00e1rio para atender as demandas do munic\u00edpio.<\/p>\n<p><img loading=\"lazy\" decoding=\"async\" class=\"wp-image-252593 aligncenter\" src=\"https:\/\/www.ocorreionews.com.br\/acervo-correio\/wp-content\/uploads\/2023\/09\/programacao-aniversario.jpg\" alt=\"\" width=\"639\" height=\"1136\" srcset=\"https:\/\/www.ocorreionews.com.br\/acervo-correio\/wp-content\/uploads\/2023\/09\/programacao-aniversario.jpg 900w, https:\/\/www.ocorreionews.com.br\/acervo-correio\/wp-content\/uploads\/2023\/09\/programacao-aniversario-169x300.jpg 169w, https:\/\/www.ocorreionews.com.br\/acervo-correio\/wp-content\/uploads\/2023\/09\/programacao-aniversario-576x1024.jpg 576w, https:\/\/www.ocorreionews.com.br\/acervo-correio\/wp-content\/uploads\/2023\/09\/programacao-aniversario-768x1365.jpg 768w, https:\/\/www.ocorreionews.com.br\/acervo-correio\/wp-content\/uploads\/2023\/09\/programacao-aniversario-864x1536.jpg 864w\" sizes=\"auto, (max-width: 639px) 100vw, 639px\" \/><\/p>\n<p><strong>Grandes Shows<\/strong><\/p>\n<p>Se durante o dia a agenda est\u00e1 repleta de compromissos de entregas de obras e servi\u00e7os, na parte da noite a divers\u00e3o e o entretenimento est\u00e3o garantidos.<\/p>\n<p>A festa tem in\u00edcio na sexta-feira (29) a partir das 20 horas no centro de Para\u00edso das \u00c1guas. A primeira noite de agito contar\u00e1 com apresenta\u00e7\u00e3o de dj\u2019s e dois super shows. Abrindo a noite teremos a apresenta\u00e7\u00e3o da dupla Hugo e Eduardo, e, para coroar a primeira noite de festejos, um super show com a dupla Fernando e Sorocaba, dupla esta escolhida pela popula\u00e7\u00e3o em vota\u00e7\u00e3o popular.<\/p>\n<p>No s\u00e1bado (30) a festa continua a partir das 18 horas no mesmo local. Haver\u00e1 apresenta\u00e7\u00e3o de Bandas e Fanfarras dos munic\u00edpios de Para\u00edso das \u00c1guas, Alto Taquari (MT), \u00c1gua Clara, Cassil\u00e2ndia, Camapu\u00e3 e Selv\u00edria.<\/p>\n<p>Logo ap\u00f3s as bandas, a noite de shows contar\u00e1 com as apresenta\u00e7\u00f5es do Grupo Filhos da Terra e em seguida, muita m\u00fasica com o Trio Violada.<\/p>\n<p>\u201cNestes 20 anos de funda\u00e7\u00e3o e 10 anos de emancipa\u00e7\u00e3o pol\u00edtica, todos n\u00f3s acompanhamos juntos o desenvolvimento de nossa Para\u00edso das \u00c1guas. O melhor ainda est\u00e1 por vir, moramos em um lugar aben\u00e7oado por Deus, pela natureza, pelo solo onde se plantando tudo d\u00e1. Convido toda a popula\u00e7\u00e3o de Para\u00edso e nossos amigos de munic\u00edpios da regi\u00e3o para virem comemorar conosco. Para\u00edso das \u00c1guas \u00e9 sin\u00f4nimo de desenvolvimento, estamos s\u00f3 no come\u00e7o\u201d, afirmou o prefeito An\u00edzio Andrade.<\/p>\n<p>O Anivers\u00e1rio de Para\u00edso das \u00c1guas conta com o apoio do Governo do Estado de Mato Grosso do Sul por meio da Funda\u00e7\u00e3o de Cultura de MS.<\/p>\n<p><img loading=\"lazy\" decoding=\"async\" class=\"wp-image-252594 aligncenter\" src=\"https:\/\/www.ocorreionews.com.br\/acervo-correio\/wp-content\/uploads\/2023\/09\/shows-aniversario.jpg\" alt=\"\" width=\"664\" height=\"664\" srcset=\"https:\/\/www.ocorreionews.com.br\/acervo-correio\/wp-content\/uploads\/2023\/09\/shows-aniversario.jpg 1080w, https:\/\/www.ocorreionews.com.br\/acervo-correio\/wp-content\/uploads\/2023\/09\/shows-aniversario-300x300.jpg 300w, https:\/\/www.ocorreionews.com.br\/acervo-correio\/wp-content\/uploads\/2023\/09\/shows-aniversario-1024x1024.jpg 1024w, https:\/\/www.ocorreionews.com.br\/acervo-correio\/wp-content\/uploads\/2023\/09\/shows-aniversario-150x150.jpg 150w, https:\/\/www.ocorreionews.com.br\/acervo-correio\/wp-content\/uploads\/2023\/09\/shows-aniversario-768x768.jpg 768w\" sizes=\"auto, (max-width: 664px) 100vw, 664px\" \/><\/p>\n<p>&nbsp;<\/p>\n<p>*Assessoria<\/p>\n","protected":false},"excerpt":{"rendered":"<p>Come\u00e7ou nesta segunda-feira (25) uma semana agitada de comemora\u00e7\u00f5es dos 20 anos de funda\u00e7\u00e3o de Para\u00edso das \u00c1guas, a cidade mais nova do Brasil. Embora comemore 20 anos de sua funda\u00e7\u00e3o, a emancipa\u00e7\u00e3o pol\u00edtica s\u00f3 veio em 2013, ou seja, o munic\u00edpio s\u00f3 possui governo pr\u00f3prio h\u00e1 10 anos. Sendo assim Para\u00edso das \u00c1guas \u00e9 [&hellip;]<\/p>\n","protected":false},"author":5,"featured_media":252595,"comment_status":"closed","ping_status":"closed","sticky":false,"template":"","format":"standard","meta":{"footnotes":""},"categories":[41,36],"tags":[],"class_list":["post-252592","post","type-post","status-publish","format-standard","has-post-thumbnail","hentry","category-destaque","category-paraiso-das-aguas"],"_links":{"self":[{"href":"https:\/\/www.ocorreionews.com.br\/acervo-correio\/index.php?rest_route=\/wp\/v2\/posts\/252592","targetHints":{"allow":["GET"]}}],"collection":[{"href":"https:\/\/www.ocorreionews.com.br\/acervo-correio\/index.php?rest_route=\/wp\/v2\/posts"}],"about":[{"href":"https:\/\/www.ocorreionews.com.br\/acervo-correio\/index.php?rest_route=\/wp\/v2\/types\/post"}],"author":[{"embeddable":true,"href":"https:\/\/www.ocorreionews.com.br\/acervo-correio\/index.php?rest_route=\/wp\/v2\/users\/5"}],"replies":[{"embeddable":true,"href":"https:\/\/www.ocorreionews.com.br\/acervo-correio\/index.php?rest_route=%2Fwp%2Fv2%2Fcomments&post=252592"}],"version-history":[{"count":1,"href":"https:\/\/www.ocorreionews.com.br\/acervo-correio\/index.php?rest_route=\/wp\/v2\/posts\/252592\/revisions"}],"predecessor-version":[{"id":252596,"href":"https:\/\/www.ocorreionews.com.br\/acervo-correio\/index.php?rest_route=\/wp\/v2\/posts\/252592\/revisions\/252596"}],"wp:featuredmedia":[{"embeddable":true,"href":"https:\/\/www.ocorreionews.com.br\/acervo-correio\/index.php?rest_route=\/wp\/v2\/media\/252595"}],"wp:attachment":[{"href":"https:\/\/www.ocorreionews.com.br\/acervo-correio\/index.php?rest_route=%2Fwp%2Fv2%2Fmedia&parent=252592"}],"wp:term":[{"taxonomy":"category","embeddable":true,"href":"https:\/\/www.ocorreionews.com.br\/acervo-correio\/index.php?rest_route=%2Fwp%2Fv2%2Fcategories&post=252592"},{"taxonomy":"post_tag","embeddable":true,"href":"https:\/\/www.ocorreionews.com.br\/acervo-correio\/index.php?rest_route=%2Fwp%2Fv2%2Ftags&post=252592"}],"curies":[{"name":"wp","href":"https:\/\/api.w.org\/{rel}","templated":true}]}}