{"id":252597,"date":"2023-09-26T08:23:17","date_gmt":"2023-09-26T12:23:17","guid":{"rendered":"https:\/\/www.ocorreionews.com.br\/acervo-correio\/?p=252597"},"modified":"2023-09-26T08:23:17","modified_gmt":"2023-09-26T12:23:17","slug":"prefeitura-e-energisa-realizara-cadastro-e-atualizacao-da-tarifa-social-de-energia-em-chapadao-do-sul","status":"publish","type":"post","link":"https:\/\/www.ocorreionews.com.br\/acervo-correio\/?p=252597","title":{"rendered":"Prefeitura e ENERGISA realizar\u00e1 cadastro e Atualiza\u00e7\u00e3o da Tarifa Social de Energia em Chapad\u00e3o do Sul"},"content":{"rendered":"<p>A Prefeitura Municipal, em colabora\u00e7\u00e3o com a Secretaria Municipal de Assist\u00eancia Social e a empresa de energia ENERGISA, tem o prazer de convocar os benefici\u00e1rios dos programas Bolsa Fam\u00edlia, BPC\/LOAS e os benefici\u00e1rios da Tarifa Social de Energia El\u00e9trica, que est\u00e3o inscritos no Cadastro \u00danico e possuem o N\u00famero de Identifica\u00e7\u00e3o Social (NIS), para participarem do processo de cadastro e atualiza\u00e7\u00e3o da Tarifa Social de Energia El\u00e9trica.<\/p>\n<p>O atendimento ser\u00e1 realizado nas instala\u00e7\u00f5es do Centro de Refer\u00eancia de Assist\u00eancia Social (CRAS) Parque Uni\u00e3o, localizado na Avenida Rio Grande do Norte n\u00ba 894, no bairro Sibipiruna. Os dias agendados para o atendimento s\u00e3o 03, 04 e 05 de outubro, com hor\u00e1rio de funcionamento das 07:30h \u00e0s 11h e das 13:30h \u00e0s 17h.<\/p>\n<p>No dia 05 de outubro, a partir das 17:30h, est\u00e1 previsto um evento especial na Pra\u00e7a de Eventos, que incluir\u00e1 uma sess\u00e3o de cinema. Al\u00e9m disso, ser\u00e1 realizado um sorteio de 10 geladeiras (com base na modalidade de troca) para os usu\u00e1rios que participarem da a\u00e7\u00e3o de cadastramento da Tarifa Social em qualquer um dos dias de atendimento.<\/p>\n<p>Para garantir um atendimento eficiente, a organiza\u00e7\u00e3o solicita aos interessados que compare\u00e7am ao CRAS Parque Uni\u00e3o munidos dos seguintes documentos:<\/p>\n<ol>\n<li>\u00a0Documentos pessoais;<\/li>\n<li>A \u00faltima conta de energia el\u00e9trica;<\/li>\n<li>O n\u00famero do NIS (dispon\u00edvel na folha resumo do Cadastro \u00danico).<\/li>\n<\/ol>\n<p>Al\u00e9m do processo de cadastramento, durante o evento, os participantes ter\u00e3o a oportunidade de efetuar a troca de l\u00e2mpadas incandescentes ou fluorescentes por l\u00e2mpadas de LED, contribuindo assim para a economia de energia e a preserva\u00e7\u00e3o do meio ambiente.<\/p>\n<p>Este \u00e9 um esfor\u00e7o conjunto da Prefeitura Municipal de Chapad\u00e3o do Sul e da ENERGISA para garantir que as fam\u00edlias de baixa renda tenham acesso a tarifas sociais de energia el\u00e9trica, reduzindo o peso das despesas em suas contas mensais. \u00c9 tamb\u00e9m uma oportunidade de fortalecer a comunidade e promover a conscientiza\u00e7\u00e3o sobre a import\u00e2ncia da efici\u00eancia energ\u00e9tica.<\/p>\n<p>Portanto, n\u00e3o perca a oportunidade de participar deste evento importante para sua fam\u00edlia e para o meio ambiente. Junte-se a n\u00f3s nos dias 03, 04 e 05 de outubro no CRAS Parque Uni\u00e3o e contribua para um futuro mais sustent\u00e1vel e econ\u00f4mico.<\/p>\n<p>&nbsp;<\/p>\n<p>&nbsp;<\/p>\n<p>*Assessoria<\/p>\n","protected":false},"excerpt":{"rendered":"<p>A Prefeitura Municipal, em colabora\u00e7\u00e3o com a Secretaria Municipal de Assist\u00eancia Social e a empresa de energia ENERGISA, tem o prazer de convocar os benefici\u00e1rios dos programas Bolsa Fam\u00edlia, BPC\/LOAS e os benefici\u00e1rios da Tarifa Social de Energia El\u00e9trica, que est\u00e3o inscritos no Cadastro \u00danico e possuem o N\u00famero de Identifica\u00e7\u00e3o Social (NIS), para participarem [&hellip;]<\/p>\n","protected":false},"author":5,"featured_media":252598,"comment_status":"closed","ping_status":"closed","sticky":false,"template":"","format":"standard","meta":{"footnotes":""},"categories":[23],"tags":[],"class_list":["post-252597","post","type-post","status-publish","format-standard","has-post-thumbnail","hentry","category-chapadao-do-sul"],"_links":{"self":[{"href":"https:\/\/www.ocorreionews.com.br\/acervo-correio\/index.php?rest_route=\/wp\/v2\/posts\/252597","targetHints":{"allow":["GET"]}}],"collection":[{"href":"https:\/\/www.ocorreionews.com.br\/acervo-correio\/index.php?rest_route=\/wp\/v2\/posts"}],"about":[{"href":"https:\/\/www.ocorreionews.com.br\/acervo-correio\/index.php?rest_route=\/wp\/v2\/types\/post"}],"author":[{"embeddable":true,"href":"https:\/\/www.ocorreionews.com.br\/acervo-correio\/index.php?rest_route=\/wp\/v2\/users\/5"}],"replies":[{"embeddable":true,"href":"https:\/\/www.ocorreionews.com.br\/acervo-correio\/index.php?rest_route=%2Fwp%2Fv2%2Fcomments&post=252597"}],"version-history":[{"count":1,"href":"https:\/\/www.ocorreionews.com.br\/acervo-correio\/index.php?rest_route=\/wp\/v2\/posts\/252597\/revisions"}],"predecessor-version":[{"id":252599,"href":"https:\/\/www.ocorreionews.com.br\/acervo-correio\/index.php?rest_route=\/wp\/v2\/posts\/252597\/revisions\/252599"}],"wp:featuredmedia":[{"embeddable":true,"href":"https:\/\/www.ocorreionews.com.br\/acervo-correio\/index.php?rest_route=\/wp\/v2\/media\/252598"}],"wp:attachment":[{"href":"https:\/\/www.ocorreionews.com.br\/acervo-correio\/index.php?rest_route=%2Fwp%2Fv2%2Fmedia&parent=252597"}],"wp:term":[{"taxonomy":"category","embeddable":true,"href":"https:\/\/www.ocorreionews.com.br\/acervo-correio\/index.php?rest_route=%2Fwp%2Fv2%2Fcategories&post=252597"},{"taxonomy":"post_tag","embeddable":true,"href":"https:\/\/www.ocorreionews.com.br\/acervo-correio\/index.php?rest_route=%2Fwp%2Fv2%2Ftags&post=252597"}],"curies":[{"name":"wp","href":"https:\/\/api.w.org\/{rel}","templated":true}]}}