{"id":252603,"date":"2023-09-25T18:27:47","date_gmt":"2023-09-25T22:27:47","guid":{"rendered":"https:\/\/www.ocorreionews.com.br\/acervo-correio\/?p=252603"},"modified":"2023-09-26T08:39:54","modified_gmt":"2023-09-26T12:39:54","slug":"costa-rica-e-premiada-pela-segunda-vez-o-premio-band-cidades-excelentes-reconhecendo-suas-boas-praticas-de-gestao-publica","status":"publish","type":"post","link":"https:\/\/www.ocorreionews.com.br\/acervo-correio\/?p=252603","title":{"rendered":"Costa Rica \u00e9 premiada pela segunda vez o Pr\u00eamio Band Cidades Excelentes, reconhecendo suas boas pr\u00e1ticas de gest\u00e3o p\u00fablica"},"content":{"rendered":"<div class=\"ntc_cont_descricao_noticia sw_txteditor\">A cidade de Costa Rica\/MS, foi premiada com o Pr\u00eamio Band Cidades Excelentes nos anos de <a href=\"https:\/\/premiocidadesexcelentes.band.uol.com.br\/vencedores-mato-grosso-do-sul\/\">2021<\/a> e <a href=\"https:\/\/premiocidadesexcelentes.band.uol.com.br\/vencedores-2022-mato-grosso-do-sul\/\">2022<\/a>. Essa premia\u00e7\u00e3o \u00e9 uma iniciativa do Grupo Bandeirantes de Comunica\u00e7\u00e3o em parceria com o Instituto Aquila e tem como objetivo reconhecer boas pr\u00e1ticas de gest\u00e3o p\u00fablica em todos os 5.568 munic\u00edpios brasileiros com o \u201cOscar da Gest\u00e3o P\u00fablica\u201d.<\/p>\n<p>O prefeito de Costa Rica, delegado Cleverson Alves dos Santos enaltece que o reconhecimento recebido pela cidade de Costa Rica nos anos de <a href=\"https:\/\/premiocidadesexcelentes.band.uol.com.br\/vencedores-mato-grosso-do-sul\/\">2021<\/a> e <a href=\"https:\/\/premiocidadesexcelentes.band.uol.com.br\/vencedores-2022-mato-grosso-do-sul\/\">2022<\/a> no Pr\u00eamio Band Cidades Excelentes \u00e9 um verdadeiro testemunho do compromisso e da compet\u00eancia dos gestores e servidores p\u00fablicos locais. Essa conquista refor\u00e7a a import\u00e2ncia de uma gest\u00e3o eficiente, transparente e voltada para o bem-estar da popula\u00e7\u00e3o.<\/p>\n<p>No primeiro ano do pr\u00eamio, em <a href=\"https:\/\/premiocidadesexcelentes.band.uol.com.br\/vencedores-mato-grosso-do-sul\/\">2021<\/a>, Costa Rica foi a vencedora na etapa estadual na categoria de popula\u00e7\u00e3o menor ou igual a 30 mil habitantes em Mato Grosso do Sul. Al\u00e9m disso, a cidade conquistou o primeiro lugar no pilar Educa\u00e7\u00e3o e o segundo lugar na categoria de Desenvolvimento Socioecon\u00f4mico e Ordem P\u00fablica.<\/div>\n<div class=\"ntc_cont_descricao_noticia sw_txteditor\">\n<figure style=\"width: 600px\" class=\"wp-caption aligncenter\"><img loading=\"lazy\" decoding=\"async\" class=\"imgcentraliza\" src=\"https:\/\/www.costarica.ms.gov.br\/fotos\/01_abcd_premio_25054519.jpg\" alt=\"Foto Noticia Principal Grande\" width=\"600\" height=\"343\" \/><figcaption class=\"wp-caption-text\">Prefeito de Costa Rica, delegado Cleverson Alves recebendo o pr\u00eamio da primeira edi\u00e7\u00e3o<\/figcaption><\/figure>\n<p>J\u00e1 na segunda edi\u00e7\u00e3o do pr\u00eamio, em <a href=\"https:\/\/premiocidadesexcelentes.band.uol.com.br\/vencedores-2022-mato-grosso-do-sul\/\">2022<\/a>, Costa Rica manteve seu destaque na etapa estadual. Novamente na categoria de popula\u00e7\u00e3o at\u00e9 30 mil habitantes em Mato Grosso do Sul, a cidade foi a vencedora tanto na categoria geral quanto na categoria de Educa\u00e7\u00e3o.<\/div>\n<div class=\"ntc_cont_descricao_noticia sw_txteditor\">\n<figure style=\"width: 601px\" class=\"wp-caption aligncenter\"><img loading=\"lazy\" decoding=\"async\" class=\"fancybox-image\" src=\"https:\/\/www.costarica.ms.gov.br\/fotos\/01_abc_premio_25054519.jpg\" alt=\"\" width=\"601\" height=\"451\" \/><figcaption class=\"wp-caption-text\">Prefeito de Costa Rica, delegado Cleverson Alves recebendo o pr\u00eamio da primeira edi\u00e7\u00e3o<\/figcaption><\/figure>\n<p>A avalia\u00e7\u00e3o dos munic\u00edpios \u00e9 feita com base no IGMA (\u00cdndice de Gest\u00e3o Municipal Aquila), uma ferramenta de intelig\u00eancia artificial que consolida 67 indicadores p\u00fablicos monitorados em seis pilares: governan\u00e7a, efici\u00eancia fiscal e transpar\u00eancia, educa\u00e7\u00e3o, sa\u00fade e bem-estar, infraestrutura e mobilidade urbana, e sustentabilidade e desenvolvimento socioecon\u00f4mico e ordem p\u00fablica. Al\u00e9m disso, projetos qualitativos de iniciativa p\u00fablica tamb\u00e9m podem ser submetidos para aumentar a nota do IGMA do munic\u00edpio.<\/p>\n<p>O reconhecimento recebido por Costa Rica atrav\u00e9s desse pr\u00eamio \u00e9 uma demonstra\u00e7\u00e3o de que a cidade tem se destacado na gest\u00e3o de seus recursos p\u00fablicos e na implementa\u00e7\u00e3o de projetos que beneficiam a popula\u00e7\u00e3o. O objetivo do Pr\u00eamio Band Cidades Excelentes \u00e9 justamente inspirar outros munic\u00edpios a seguirem o exemplo de Costa Rica e investirem em melhorias na esfera p\u00fablica.<\/p>\n<p>Al\u00e9m disso, essa premia\u00e7\u00e3o tamb\u00e9m valoriza os servidores p\u00fablicos que atuam de forma proativa em benef\u00edcio da popula\u00e7\u00e3o. \u00c9 fundamental reconhecer o trabalho desses profissionais e incentivar o desenvolvimento de pol\u00edticas p\u00fablicas eficientes e sustent\u00e1veis.<\/p>\n<p>Com a conquista do Pr\u00eamio Band Cidades Excelentes, Costa Rica se torna uma refer\u00eancia para outras cidades do estado e do pa\u00eds, mostrando que \u00e9 poss\u00edvel alcan\u00e7ar uma gest\u00e3o de qualidade e implementar projetos que gerem impacto positivo na vida dos cidad\u00e3os. Espera-se que o reconhecimento obtido por Costa Rica sirva como inspira\u00e7\u00e3o para que outros munic\u00edpios tamb\u00e9m busquem a excel\u00eancia na gest\u00e3o p\u00fablica e contribuam para o desenvolvimento do Brasil como um todo. O pr\u00eamio foi criado no ano de 2021.<\/p><\/div>\n<div class=\"ntc_cont_descricao_noticia sw_txteditor\">\n<\/div>\n<div class=\"ntc_area_info_noticia sw_lato\">\n<div>\n<div class=\"ntc_info_noticia\"><strong class=\"sw_lato_black\">Fonte: <\/strong>Assessoria de Comunica\u00e7\u00e3o &#8211; PMCR &#8211; <strong class=\"sw_lato_black\">\u00a0<\/strong>Silvestre de Castro<\/div>\n<\/div>\n<\/div>\n","protected":false},"excerpt":{"rendered":"<p>A cidade de Costa Rica\/MS, foi premiada com o Pr\u00eamio Band Cidades Excelentes nos anos de 2021 e 2022. Essa premia\u00e7\u00e3o \u00e9 uma iniciativa do Grupo Bandeirantes de Comunica\u00e7\u00e3o em parceria com o Instituto Aquila e tem como objetivo reconhecer boas pr\u00e1ticas de gest\u00e3o p\u00fablica em todos os 5.568 munic\u00edpios brasileiros com o \u201cOscar da [&hellip;]<\/p>\n","protected":false},"author":5,"featured_media":250295,"comment_status":"closed","ping_status":"closed","sticky":false,"template":"","format":"standard","meta":{"footnotes":""},"categories":[25],"tags":[],"class_list":["post-252603","post","type-post","status-publish","format-standard","has-post-thumbnail","hentry","category-costa-rica"],"_links":{"self":[{"href":"https:\/\/www.ocorreionews.com.br\/acervo-correio\/index.php?rest_route=\/wp\/v2\/posts\/252603","targetHints":{"allow":["GET"]}}],"collection":[{"href":"https:\/\/www.ocorreionews.com.br\/acervo-correio\/index.php?rest_route=\/wp\/v2\/posts"}],"about":[{"href":"https:\/\/www.ocorreionews.com.br\/acervo-correio\/index.php?rest_route=\/wp\/v2\/types\/post"}],"author":[{"embeddable":true,"href":"https:\/\/www.ocorreionews.com.br\/acervo-correio\/index.php?rest_route=\/wp\/v2\/users\/5"}],"replies":[{"embeddable":true,"href":"https:\/\/www.ocorreionews.com.br\/acervo-correio\/index.php?rest_route=%2Fwp%2Fv2%2Fcomments&post=252603"}],"version-history":[{"count":1,"href":"https:\/\/www.ocorreionews.com.br\/acervo-correio\/index.php?rest_route=\/wp\/v2\/posts\/252603\/revisions"}],"predecessor-version":[{"id":252604,"href":"https:\/\/www.ocorreionews.com.br\/acervo-correio\/index.php?rest_route=\/wp\/v2\/posts\/252603\/revisions\/252604"}],"wp:featuredmedia":[{"embeddable":true,"href":"https:\/\/www.ocorreionews.com.br\/acervo-correio\/index.php?rest_route=\/wp\/v2\/media\/250295"}],"wp:attachment":[{"href":"https:\/\/www.ocorreionews.com.br\/acervo-correio\/index.php?rest_route=%2Fwp%2Fv2%2Fmedia&parent=252603"}],"wp:term":[{"taxonomy":"category","embeddable":true,"href":"https:\/\/www.ocorreionews.com.br\/acervo-correio\/index.php?rest_route=%2Fwp%2Fv2%2Fcategories&post=252603"},{"taxonomy":"post_tag","embeddable":true,"href":"https:\/\/www.ocorreionews.com.br\/acervo-correio\/index.php?rest_route=%2Fwp%2Fv2%2Ftags&post=252603"}],"curies":[{"name":"wp","href":"https:\/\/api.w.org\/{rel}","templated":true}]}}