{"id":252608,"date":"2023-09-26T09:11:03","date_gmt":"2023-09-26T13:11:03","guid":{"rendered":"https:\/\/www.ocorreionews.com.br\/acervo-correio\/?p=252608"},"modified":"2023-09-26T09:11:03","modified_gmt":"2023-09-26T13:11:03","slug":"homem-ameaca-em-video-matar-policiais-troca-tiros-com-a-pm-e-morre-em-tres-lagoas","status":"publish","type":"post","link":"https:\/\/www.ocorreionews.com.br\/acervo-correio\/?p=252608","title":{"rendered":"Homem amea\u00e7a em v\u00eddeo matar policiais, troca tiros com a PM e morre em Tr\u00eas Lagoas"},"content":{"rendered":"<p>Um homem identificado como Roberto Ferreira, de 51 anos, morreu em uma troca de tiros com policiais militares no distrito de Arapu\u00e1 em Tr\u00eas Lagoas, em Mato Grosso do Sul, nessa segunda-feira (25). Ele havia publicado um v\u00eddeo onde amea\u00e7ava de morte os agentes da seguran\u00e7a.<\/p>\n<p>A troca de tiros aconteceu por volta das 18h30min, quando ap\u00f3s os v\u00eddeos circularem na internet onde Roberto aparecia com uma arma em m\u00e3os, os policiais foram at\u00e9 a casa, na regi\u00e3o central e ao chegarem ao local, Roberto que estava sentado na varanda, tirou uma arma da cintura e correu para dentro da resid\u00eancia.<\/p>\n<p>Os policiais pediram que Roberto jogasse a arma no ch\u00e3o e se entregasse, mas ele se negou, \u201cse entrar eu atiro\u201d. Nisto, os policiais entraram na resid\u00eancia e Roberto passou a fazer disparos contra os policiais que revidaram.<\/p>\n<p>Roberto foi atingido sendo socorrido para um hospital, mas n\u00e3o resistiu e morreu. A arma que estava com ele foi apreendida. Segundo informa\u00e7\u00f5es da pol\u00edcia, Roberto tinha v\u00e1rias passagens por recepta\u00e7\u00e3o, amea\u00e7a e les\u00e3o corporal dolosa.<\/p>\n<p><iframe loading=\"lazy\" title=\"Homem amea\u00e7a policiais em v\u00eddeo e troca tiros com a PM em MS\" width=\"1170\" height=\"878\" src=\"https:\/\/www.youtube.com\/embed\/J9cTctqMBMc?wmode=transparent&amp;rel=0&amp;feature=oembed\" frameborder=\"0\" allow=\"accelerometer; autoplay; clipboard-write; encrypted-media; gyroscope; picture-in-picture; web-share\" allowfullscreen><\/iframe><\/p>\n<p>&nbsp;<\/p>\n<p>&nbsp;<\/p>\n<p>*Midiamax &#8211; Thatiana Melo<\/p>\n<p>&nbsp;<\/p>\n","protected":false},"excerpt":{"rendered":"<p>Um homem identificado como Roberto Ferreira, de 51 anos, morreu em uma troca de tiros com policiais militares no distrito de Arapu\u00e1 em Tr\u00eas Lagoas, em Mato Grosso do Sul, nessa segunda-feira (25). Ele havia publicado um v\u00eddeo onde amea\u00e7ava de morte os agentes da seguran\u00e7a. A troca de tiros aconteceu por volta das 18h30min, [&hellip;]<\/p>\n","protected":false},"author":5,"featured_media":252609,"comment_status":"closed","ping_status":"closed","sticky":false,"template":"","format":"standard","meta":{"footnotes":""},"categories":[38],"tags":[],"class_list":["post-252608","post","type-post","status-publish","format-standard","has-post-thumbnail","hentry","category-policia"],"_links":{"self":[{"href":"https:\/\/www.ocorreionews.com.br\/acervo-correio\/index.php?rest_route=\/wp\/v2\/posts\/252608","targetHints":{"allow":["GET"]}}],"collection":[{"href":"https:\/\/www.ocorreionews.com.br\/acervo-correio\/index.php?rest_route=\/wp\/v2\/posts"}],"about":[{"href":"https:\/\/www.ocorreionews.com.br\/acervo-correio\/index.php?rest_route=\/wp\/v2\/types\/post"}],"author":[{"embeddable":true,"href":"https:\/\/www.ocorreionews.com.br\/acervo-correio\/index.php?rest_route=\/wp\/v2\/users\/5"}],"replies":[{"embeddable":true,"href":"https:\/\/www.ocorreionews.com.br\/acervo-correio\/index.php?rest_route=%2Fwp%2Fv2%2Fcomments&post=252608"}],"version-history":[{"count":1,"href":"https:\/\/www.ocorreionews.com.br\/acervo-correio\/index.php?rest_route=\/wp\/v2\/posts\/252608\/revisions"}],"predecessor-version":[{"id":252610,"href":"https:\/\/www.ocorreionews.com.br\/acervo-correio\/index.php?rest_route=\/wp\/v2\/posts\/252608\/revisions\/252610"}],"wp:featuredmedia":[{"embeddable":true,"href":"https:\/\/www.ocorreionews.com.br\/acervo-correio\/index.php?rest_route=\/wp\/v2\/media\/252609"}],"wp:attachment":[{"href":"https:\/\/www.ocorreionews.com.br\/acervo-correio\/index.php?rest_route=%2Fwp%2Fv2%2Fmedia&parent=252608"}],"wp:term":[{"taxonomy":"category","embeddable":true,"href":"https:\/\/www.ocorreionews.com.br\/acervo-correio\/index.php?rest_route=%2Fwp%2Fv2%2Fcategories&post=252608"},{"taxonomy":"post_tag","embeddable":true,"href":"https:\/\/www.ocorreionews.com.br\/acervo-correio\/index.php?rest_route=%2Fwp%2Fv2%2Ftags&post=252608"}],"curies":[{"name":"wp","href":"https:\/\/api.w.org\/{rel}","templated":true}]}}