{"id":252617,"date":"2023-09-26T10:25:49","date_gmt":"2023-09-26T14:25:49","guid":{"rendered":"https:\/\/www.ocorreionews.com.br\/acervo-correio\/?p=252617"},"modified":"2023-09-26T10:31:41","modified_gmt":"2023-09-26T14:31:41","slug":"usuario-e-espancando-por-dividas-de-drogas-em-costa-rica","status":"publish","type":"post","link":"https:\/\/www.ocorreionews.com.br\/acervo-correio\/?p=252617","title":{"rendered":"Usu\u00e1rio \u00e9 espancando por dividas de drogas em Costa Rica"},"content":{"rendered":"<p>Na madrugada desta segunda-feira (25), um homem de 27 anos, foi espancado por tr\u00eas indiv\u00edduos em Costa Rica, por ele estar com devendo drogas para traficante.<\/p>\n<p>De acordo com informa\u00e7\u00f5es retiradas do Boletim de Ocorr\u00eancia, por volta das 02h, a Pol\u00edcia Militar foi acionada a comparecer na Funda\u00e7\u00e3o Hospitalar de Costa Rica, pois l\u00e1 um indiv\u00edduo deu entrada com v\u00e1rias les\u00f5es, possivelmente provenientes de uma briga ou acerto de contas de dividas de drogas.<\/p>\n<p>No local em conversa com a v\u00edtima, ele relatou ser usu\u00e1rio de drogas e disse que estava bebendo em uma conveni\u00eancia, ap\u00f3s isso ele se deslocou at\u00e9 o Bairro Jardim Buenos Aires em busca de drogas, foi quando 03 indiv\u00edduos o abordaram e come\u00e7aram a agredi-lo de diversas formas.<\/p>\n<p>Com as informa\u00e7\u00f5es, os policias realizaram buscas e encontraram 02 indiv\u00edduos suspeitos (Masculino, 20 anos e Masculino, 17 anos), foram entrevistados pelos policiais e os mesmos relataram que estavam bebendo com o autor das agress\u00f5es \u00a0e posteriormente vieram para casa, al\u00e9m disso, a v\u00edtima reconheceu apenas o Autor.<\/p>\n<p>Um dos apreendidos suspeitos se intitula como \u201cchefe do bairro Buenos Aires\u201d e ainda \u00e9 envolvido com delito de tr\u00e1fico de drogas.<\/p>\n<p>Foram feitas as diligencias no intuito de localizar o Autor de 25 anos, por\u00e9m n\u00e3o foi logrado \u00eaxito em encontra-lo.<\/p>\n","protected":false},"excerpt":{"rendered":"<p>Na madrugada desta segunda-feira (25), um homem de 27 anos, foi espancado por tr\u00eas indiv\u00edduos em Costa Rica, por ele estar com devendo drogas para traficante. De acordo com informa\u00e7\u00f5es retiradas do Boletim de Ocorr\u00eancia, por volta das 02h, a Pol\u00edcia Militar foi acionada a comparecer na Funda\u00e7\u00e3o Hospitalar de Costa Rica, pois l\u00e1 um [&hellip;]<\/p>\n","protected":false},"author":5,"featured_media":236569,"comment_status":"closed","ping_status":"closed","sticky":false,"template":"","format":"standard","meta":{"footnotes":""},"categories":[25,38],"tags":[],"class_list":["post-252617","post","type-post","status-publish","format-standard","has-post-thumbnail","hentry","category-costa-rica","category-policia"],"_links":{"self":[{"href":"https:\/\/www.ocorreionews.com.br\/acervo-correio\/index.php?rest_route=\/wp\/v2\/posts\/252617","targetHints":{"allow":["GET"]}}],"collection":[{"href":"https:\/\/www.ocorreionews.com.br\/acervo-correio\/index.php?rest_route=\/wp\/v2\/posts"}],"about":[{"href":"https:\/\/www.ocorreionews.com.br\/acervo-correio\/index.php?rest_route=\/wp\/v2\/types\/post"}],"author":[{"embeddable":true,"href":"https:\/\/www.ocorreionews.com.br\/acervo-correio\/index.php?rest_route=\/wp\/v2\/users\/5"}],"replies":[{"embeddable":true,"href":"https:\/\/www.ocorreionews.com.br\/acervo-correio\/index.php?rest_route=%2Fwp%2Fv2%2Fcomments&post=252617"}],"version-history":[{"count":2,"href":"https:\/\/www.ocorreionews.com.br\/acervo-correio\/index.php?rest_route=\/wp\/v2\/posts\/252617\/revisions"}],"predecessor-version":[{"id":252620,"href":"https:\/\/www.ocorreionews.com.br\/acervo-correio\/index.php?rest_route=\/wp\/v2\/posts\/252617\/revisions\/252620"}],"wp:featuredmedia":[{"embeddable":true,"href":"https:\/\/www.ocorreionews.com.br\/acervo-correio\/index.php?rest_route=\/wp\/v2\/media\/236569"}],"wp:attachment":[{"href":"https:\/\/www.ocorreionews.com.br\/acervo-correio\/index.php?rest_route=%2Fwp%2Fv2%2Fmedia&parent=252617"}],"wp:term":[{"taxonomy":"category","embeddable":true,"href":"https:\/\/www.ocorreionews.com.br\/acervo-correio\/index.php?rest_route=%2Fwp%2Fv2%2Fcategories&post=252617"},{"taxonomy":"post_tag","embeddable":true,"href":"https:\/\/www.ocorreionews.com.br\/acervo-correio\/index.php?rest_route=%2Fwp%2Fv2%2Ftags&post=252617"}],"curies":[{"name":"wp","href":"https:\/\/api.w.org\/{rel}","templated":true}]}}