{"id":252672,"date":"2023-09-27T08:11:20","date_gmt":"2023-09-27T12:11:20","guid":{"rendered":"https:\/\/www.ocorreionews.com.br\/acervo-correio\/?p=252672"},"modified":"2023-09-27T08:11:20","modified_gmt":"2023-09-27T12:11:20","slug":"para-apoiar-municipios-sebrae-ms-e-governo-lancam-agiliza-ms","status":"publish","type":"post","link":"https:\/\/www.ocorreionews.com.br\/acervo-correio\/?p=252672","title":{"rendered":"Para apoiar munic\u00edpios, Sebrae\/MS e Governo lan\u00e7am Agiliza MS"},"content":{"rendered":"<p>Para oferecer aos munic\u00edpios de Mato Grosso do Sul apoio t\u00e9cnico e atualiza\u00e7\u00e3o na gest\u00e3o dos processos das compras p\u00fablicas, o Governo do Estado, por meio da Secretaria de Administra\u00e7\u00e3o (SAD) e em parceria com o Sebrae\/MS, e apoio da Funda\u00e7\u00e3o Escola de Governo de MS (Escolagov) e Associa\u00e7\u00e3o dos Munic\u00edpios do Mato Grosso do Sul (Assomasul), realizaram o lan\u00e7amento do programa \u201cAgiliza MS \u2013 Facilidade em Gest\u00e3o de Compras P\u00fablicas\u201d. O lan\u00e7amento ocorreu na manh\u00e3 desta ter\u00e7a-feira (19), no Gran Murano Buffet em Campo Grande, reunindo um p\u00fablico de mais de 420 pessoas, de 52 munic\u00edpios.<\/p>\n<p>O objetivo da a\u00e7\u00e3o \u00e9 oferecer \u00e0s cidades de Mato Grosso do Sul suporte na gest\u00e3o dos processos das compras p\u00fablicas, em conformidade com a Lei n\u00b0 14.133\/21 (Nova Lei de Licita\u00e7\u00f5es). Ainda durante o lan\u00e7amento do Agiliza MS, houve a assinatura entre as entidades de Termo de Coopera\u00e7\u00e3o para capacitar os servidores que atuam no setor de compras dos munic\u00edpios na nova legisla\u00e7\u00e3o, al\u00e9m disso, promover a participa\u00e7\u00e3o das cidades nas<strong>\u00a0atas de registro de pre\u00e7os<\/strong> <strong>gerenciadas pelo Governo do Estado<\/strong>, fomentando o municipalismo e cooperando para o desenvolvimento econ\u00f4mico de Mato Grosso do Sul.<\/p>\n<p>Presente na cerim\u00f4nia, o vice-governador do Estado, Jos\u00e9 Carlos Barbosa, destacou o papel articulador do Sebrae junto aos munic\u00edpios e aos pequenos neg\u00f3cios. \u201cEstamos preparando um Estado que possa criar oportunidades e que seja inclusivo e, nesse contexto, entra o papel fundamental do Sebrae, que faz a ponte de liga\u00e7\u00e3o permitindo que as micro e pequenas empresas possam atender os munic\u00edpios, dentro do pr\u00f3prio munic\u00edpio, e que este recurso possa circular proporcionando o desenvolvimento local\u201d, pontuou o vice-governador.<\/p>\n<p>A secret\u00e1ria de Estado de Administra\u00e7\u00e3o, Ana Carolina Ara\u00fajo Nardes, destacou a import\u00e2ncia dos servidores municipais como fomentadores e aplicadores da nova lei, apoiando a \u00e1rea meio da administra\u00e7\u00e3o p\u00fablica. \u201cPrecisamos de um apoio e um olhar junto aos servidores para que sejam capacitados, ouvidos e apoiados\u201d, destaca, refor\u00e7ando a presen\u00e7a do governo do estado em fazer com que a aplica\u00e7\u00e3o da Nova Lei de Licita\u00e7\u00e3o seja uma realidade em 2024. \u201cNosso objetivo \u00e9 que seja uma realidade para todos os munic\u00edpios e desta maneira vamos promover uma compra p\u00fablica qualificada, eficiente, transparente e econ\u00f4mica em todo o estado\u201d.<\/p>\n<div class=\"image-container fr-draggable fr-deletable mx-2 my-1 float-none\">\n<figure class=\"float-none text-center mx-auto\"><a href=\"https:\/\/cdn6.campograndenews.com.br\/uploads\/noticias\/2023\/09\/20\/bd38411c116efce387d2562fac0e5e57cccc5109.jpeg\" data-fslightbox=\"gallery\" data-title=\"Foto Divulga\u00e7\u00e3o\"><img loading=\"lazy\" decoding=\"async\" class=\"img-fluid\" src=\"https:\/\/cdn6.campograndenews.com.br\/uploads\/noticias\/2023\/09\/20\/ep7apah3chhw.jpeg\" sizes=\"auto, (min-width: 1024px) calc(.5 * (100vw - 21.875em)), 100vw\" srcset=\"https:\/\/cdn6.campograndenews.com.br\/uploads\/noticias\/2023\/09\/20\/3pw8kz1l97cws.jpeg 1024w, https:\/\/cdn6.campograndenews.com.br\/uploads\/noticias\/2023\/09\/20\/b9crc0pqsli2.jpeg 640w, https:\/\/cdn6.campograndenews.com.br\/uploads\/noticias\/2023\/09\/20\/ep7apah3chhw.jpeg 320w\" alt=\"Foto Divulga\u00e7\u00e3o\" width=\"1599\" height=\"1066\" \/><\/a><figcaption class=\"mx-auto text-left\">Foto Divulga\u00e7\u00e3o<\/figcaption><\/figure>\n<\/div>\n<p>O diretor-presidente da Funda\u00e7\u00e3o do Trabalho de MS (Funtrab), Ademar Silva Junior, tamb\u00e9m conselheiro do Sebrae\/MS, acredita que o Agiliza MS ir\u00e1 contribuir para melhorar o processo de compras p\u00fablicas nos munic\u00edpios do estado, principalmente dos pequenos. \u201cO Agiliza MS vai revolucionar Mato Grosso do Sul. O estado \u00e9 pequeno, s\u00e3o 79 munic\u00edpios, e \u00e0s vezes as pessoas que trabalham nos munic\u00edpios n\u00e3o t\u00eam conhecimento suficiente para participar de grandes licita\u00e7\u00f5es ou de aproveitar ao m\u00e1ximo poss\u00edvel do rumo econ\u00f4mico. Para isso, o Sebrae mais uma vez apoia o Governo e principalmente as pequenas prefeituras, levando conhecimento para que as pessoas do interior tenham maior capacidade para participar de licita\u00e7\u00f5es e isso incrementa a economia local\u201d, declarou.<\/p>\n<p>Segundo o diretor-superintendente do Sebrae\/MS, Claudio Mendon\u00e7a, a parceria entre as institui\u00e7\u00f5es \u00e9 necess\u00e1ria para apoiar os pequenos neg\u00f3cios de Mato Grosso do Sul. \u201cA import\u00e2ncia desta parceria entre Governo do Estado, Escolagov, Assomasul e Sebrae \u00e9 para facilitar e possibilitar a participa\u00e7\u00e3o dos pequenos neg\u00f3cios nas licita\u00e7\u00f5es. Isso fortalece um ambiente favor\u00e1vel para o pequeno neg\u00f3cio. Esse \u00e9 o nosso papel, ajudar aquele pequeno empres\u00e1rio que possa participar do movimento do Estado, incluindo as licita\u00e7\u00f5es e compras p\u00fablicas, mas tamb\u00e9m, de fortalecer aquele pequeno neg\u00f3cio l\u00e1 na ponta, em cada um dos nossos munic\u00edpios\u201d, disse.<\/p>\n<p>Para o representante a Associa\u00e7\u00e3o dos Munic\u00edpios de Mato Grosso do Sul (Assomasul), e prefeito de Itaquira\u00ed, Thalles Henrique Tomazelli, \u00e9 por meio da capacita\u00e7\u00e3o dos servidores que ser\u00e1 poss\u00edvel proporcionar maior agilidade no entendimento da nova lei e sua aplicabilidade nos munic\u00edpios. \u201cN\u00f3s que estamos na ponta sabemos o quanto \u00e9 importante um ambiente desburocratizado nos munic\u00edpios, agradecemos este momento que o governo do Estado e o Sebrae nos proporciona, com o objetivo de gerar mais agilidade e efici\u00eancia beneficiando as pessoas na nossa regi\u00e3o\u201d.<\/p>\n<div class=\"image-container fr-draggable fr-deletable mx-2 my-1 float-none\">\n<figure class=\"float-none text-center mx-auto\"><a href=\"https:\/\/cdn6.campograndenews.com.br\/uploads\/noticias\/2023\/09\/20\/a2dbfbaa37421ef2069c959e54f48c39215a5ed9.jpeg\" data-fslightbox=\"gallery\" data-title=\"Foto Divulga\u00e7\u00e3o\"><img loading=\"lazy\" decoding=\"async\" class=\"img-fluid\" src=\"https:\/\/cdn6.campograndenews.com.br\/uploads\/noticias\/2023\/09\/20\/2z3tdgc5v6g4c.jpeg\" sizes=\"auto, (min-width: 1024px) calc(.5 * (100vw - 21.875em)), 100vw\" srcset=\"https:\/\/cdn6.campograndenews.com.br\/uploads\/noticias\/2023\/09\/20\/2z541v2c6uckk.jpeg 1024w, https:\/\/cdn6.campograndenews.com.br\/uploads\/noticias\/2023\/09\/20\/2966pzcd2kcgs.jpeg 640w, https:\/\/cdn6.campograndenews.com.br\/uploads\/noticias\/2023\/09\/20\/2z3tdgc5v6g4c.jpeg 320w\" alt=\"Foto Divulga\u00e7\u00e3o\" width=\"1599\" height=\"1066\" \/><\/a><figcaption class=\"mx-auto text-left\">Foto Divulga\u00e7\u00e3o<\/figcaption><\/figure>\n<\/div>\n<p>Tamb\u00e9m estiveram presentes na solenidade o secret\u00e1rio de Governo e Gest\u00e3o Estrat\u00e9gica, Pedro Arlei Caravina; a secret\u00e1ria-executiva de licita\u00e7\u00f5es da SAD, Muriel Moreira; a diretora-presidente da Escolagov, Ana Paula Assun\u00e7\u00e3o; o diretor de Opera\u00e7\u00f5es do Sebrae\/MS, Tito Estanqueiro; e representando a Assembleia Legislativa de Mato Grosso do Sul, os deputados estaduais Jo\u00e3o C\u00e9sar Mattogrosso e Rinaldo Modesto.<\/p>\n<p>Ao longo desta ter\u00e7a-feira, 19 de setembro, o lan\u00e7amento do programa Agiliza MS tamb\u00e9m prev\u00ea a realiza\u00e7\u00e3o de uma extensa programa\u00e7\u00e3o no Gran Murano, incluindo quatro palestras, um painel tem\u00e1tico e uma oficina. Al\u00e9m deste momento de sensibiliza\u00e7\u00e3o, ser\u00e3o promovidas nesse ano mais capacita\u00e7\u00f5es junto ao corpo t\u00e9cnico dos munic\u00edpios. A proposta \u00e9, com este trabalho, preparar as cidades para adotarem a legisla\u00e7\u00e3o e a executarem corretamente em 2024.<\/p>\n<p><strong>Mudan\u00e7as para os pequenos neg\u00f3cios<\/strong><\/p>\n<p>A Nova Lei de Licita\u00e7\u00e3o (14.133\/21), traz uma s\u00e9rie de inova\u00e7\u00f5es referentes \u00e0s compras p\u00fablicas, como novos valores de contrata\u00e7\u00e3o direta, que ser\u00e3o atualizados anualmente de acordo com indicadores econ\u00f4micos, assim como o processo de transpar\u00eancia, que obriga a divulga\u00e7\u00e3o dos resultados da licita\u00e7\u00e3o de forma eletr\u00f4nica e ainda atualiza as modalidades de licita\u00e7\u00e3o, extinguindo a tomada de pre\u00e7o e convite, incluindo o preg\u00e3o e di\u00e1logo competitivo como novas modalidades.<\/p>\n<p>CGNEWS<\/p>\n","protected":false},"excerpt":{"rendered":"<p>Para oferecer aos munic\u00edpios de Mato Grosso do Sul apoio t\u00e9cnico e atualiza\u00e7\u00e3o na gest\u00e3o dos processos das compras p\u00fablicas, o Governo do Estado, por meio da Secretaria de Administra\u00e7\u00e3o (SAD) e em parceria com o Sebrae\/MS, e apoio da Funda\u00e7\u00e3o Escola de Governo de MS (Escolagov) e Associa\u00e7\u00e3o dos Munic\u00edpios do Mato Grosso do [&hellip;]<\/p>\n","protected":false},"author":4,"featured_media":252681,"comment_status":"closed","ping_status":"closed","sticky":false,"template":"","format":"standard","meta":{"footnotes":""},"categories":[38],"tags":[],"class_list":["post-252672","post","type-post","status-publish","format-standard","has-post-thumbnail","hentry","category-policia"],"_links":{"self":[{"href":"https:\/\/www.ocorreionews.com.br\/acervo-correio\/index.php?rest_route=\/wp\/v2\/posts\/252672","targetHints":{"allow":["GET"]}}],"collection":[{"href":"https:\/\/www.ocorreionews.com.br\/acervo-correio\/index.php?rest_route=\/wp\/v2\/posts"}],"about":[{"href":"https:\/\/www.ocorreionews.com.br\/acervo-correio\/index.php?rest_route=\/wp\/v2\/types\/post"}],"author":[{"embeddable":true,"href":"https:\/\/www.ocorreionews.com.br\/acervo-correio\/index.php?rest_route=\/wp\/v2\/users\/4"}],"replies":[{"embeddable":true,"href":"https:\/\/www.ocorreionews.com.br\/acervo-correio\/index.php?rest_route=%2Fwp%2Fv2%2Fcomments&post=252672"}],"version-history":[{"count":1,"href":"https:\/\/www.ocorreionews.com.br\/acervo-correio\/index.php?rest_route=\/wp\/v2\/posts\/252672\/revisions"}],"predecessor-version":[{"id":252683,"href":"https:\/\/www.ocorreionews.com.br\/acervo-correio\/index.php?rest_route=\/wp\/v2\/posts\/252672\/revisions\/252683"}],"wp:featuredmedia":[{"embeddable":true,"href":"https:\/\/www.ocorreionews.com.br\/acervo-correio\/index.php?rest_route=\/wp\/v2\/media\/252681"}],"wp:attachment":[{"href":"https:\/\/www.ocorreionews.com.br\/acervo-correio\/index.php?rest_route=%2Fwp%2Fv2%2Fmedia&parent=252672"}],"wp:term":[{"taxonomy":"category","embeddable":true,"href":"https:\/\/www.ocorreionews.com.br\/acervo-correio\/index.php?rest_route=%2Fwp%2Fv2%2Fcategories&post=252672"},{"taxonomy":"post_tag","embeddable":true,"href":"https:\/\/www.ocorreionews.com.br\/acervo-correio\/index.php?rest_route=%2Fwp%2Fv2%2Ftags&post=252672"}],"curies":[{"name":"wp","href":"https:\/\/api.w.org\/{rel}","templated":true}]}}