{"id":252684,"date":"2023-09-27T08:18:32","date_gmt":"2023-09-27T12:18:32","guid":{"rendered":"https:\/\/www.ocorreionews.com.br\/acervo-correio\/?p=252684"},"modified":"2023-09-27T08:18:32","modified_gmt":"2023-09-27T12:18:32","slug":"vereadores-aprovam-projeto-que-permite-a-doacao-de-materiais-para-cobertura-de-casas-populares-em-costa-rica","status":"publish","type":"post","link":"https:\/\/www.ocorreionews.com.br\/acervo-correio\/?p=252684","title":{"rendered":"Vereadores aprovam projeto que permite a doa\u00e7\u00e3o de materiais para cobertura de casas populares em Costa Rica"},"content":{"rendered":"<p>Os vereadores da C\u00e2mara Municipal de Costa Rica aprovaram na sess\u00e3o desta segunda-feira (25) o Projeto de Lei n. 482\/2023, de autoria do vereador Waldomiro Bocalan, Biri que prop\u00f5e uma altera\u00e7\u00e3o na Lei n. 1.372\/2017, para permitir a doa\u00e7\u00e3o de materiais de constru\u00e7\u00e3o para a cobertura de unidades habitacionais do Programa Municipal de Habita\u00e7\u00e3o de Interesse Social (PMHIS).<\/p>\n<p>O PMHIS \u00e9 um programa que visa facilitar o acesso \u00e0 moradia digna para as fam\u00edlias de baixa renda do munic\u00edpio, atrav\u00e9s da concess\u00e3o de subs\u00eddios financeiros e assist\u00eancia t\u00e9cnica para a constru\u00e7\u00e3o ou reforma de suas resid\u00eancias.<\/p>\n<p>A Lei n\u00b0 1.372\/2017, que regulamenta o programa, j\u00e1 prev\u00ea a possibilidade de doa\u00e7\u00e3o de materiais para outras fases de acabamento da obra, como pintura, revestimento e instala\u00e7\u00f5es el\u00e9tricas e hidr\u00e1ulicas. O PL n\u00b0 482\/2023 acrescenta a possibilidade de doa\u00e7\u00e3o de materiais para a cobertura das unidades habitacionais, como telhas, madeiras e ferragens.<\/p>\n<p>O vereador Waldomiro Bocalan justificou sua proposta pelo fato de que muitas fam\u00edlias enfrentam dificuldades para arcar com os custos de constru\u00e7\u00e3o de suas moradias, o que muitas vezes resulta em resid\u00eancias inacabadas ou sem cobertura adequada, expondo seus moradores a condi\u00e7\u00f5es prec\u00e1rias de vida e sa\u00fade.<\/p>\n<p>O <a class=\"attach_843\" title=\"843\">Projeto de Lei n\u00b0 482\/2023<\/a> foi aprovado por unanimidade pelos vereadores na 32\u00ba sess\u00e3o e segue agora para a san\u00e7\u00e3o do prefeito Cleverson Alves dos Santos.<\/p>\n<p>&nbsp;<\/p>\n<p>&nbsp;<\/p>\n<p>Fonte: Cassiane Mews \/ Foto: Fabrizzio &#8211; ASSECOM\/CMCR<\/p>\n","protected":false},"excerpt":{"rendered":"<p>Os vereadores da C\u00e2mara Municipal de Costa Rica aprovaram na sess\u00e3o desta segunda-feira (25) o Projeto de Lei n. 482\/2023, de autoria do vereador Waldomiro Bocalan, Biri que prop\u00f5e uma altera\u00e7\u00e3o na Lei n. 1.372\/2017, para permitir a doa\u00e7\u00e3o de materiais de constru\u00e7\u00e3o para a cobertura de unidades habitacionais do Programa Municipal de Habita\u00e7\u00e3o de [&hellip;]<\/p>\n","protected":false},"author":5,"featured_media":252685,"comment_status":"closed","ping_status":"closed","sticky":false,"template":"","format":"standard","meta":{"footnotes":""},"categories":[20,25],"tags":[],"class_list":["post-252684","post","type-post","status-publish","format-standard","has-post-thumbnail","hentry","category-camara-municipal","category-costa-rica"],"_links":{"self":[{"href":"https:\/\/www.ocorreionews.com.br\/acervo-correio\/index.php?rest_route=\/wp\/v2\/posts\/252684","targetHints":{"allow":["GET"]}}],"collection":[{"href":"https:\/\/www.ocorreionews.com.br\/acervo-correio\/index.php?rest_route=\/wp\/v2\/posts"}],"about":[{"href":"https:\/\/www.ocorreionews.com.br\/acervo-correio\/index.php?rest_route=\/wp\/v2\/types\/post"}],"author":[{"embeddable":true,"href":"https:\/\/www.ocorreionews.com.br\/acervo-correio\/index.php?rest_route=\/wp\/v2\/users\/5"}],"replies":[{"embeddable":true,"href":"https:\/\/www.ocorreionews.com.br\/acervo-correio\/index.php?rest_route=%2Fwp%2Fv2%2Fcomments&post=252684"}],"version-history":[{"count":1,"href":"https:\/\/www.ocorreionews.com.br\/acervo-correio\/index.php?rest_route=\/wp\/v2\/posts\/252684\/revisions"}],"predecessor-version":[{"id":252686,"href":"https:\/\/www.ocorreionews.com.br\/acervo-correio\/index.php?rest_route=\/wp\/v2\/posts\/252684\/revisions\/252686"}],"wp:featuredmedia":[{"embeddable":true,"href":"https:\/\/www.ocorreionews.com.br\/acervo-correio\/index.php?rest_route=\/wp\/v2\/media\/252685"}],"wp:attachment":[{"href":"https:\/\/www.ocorreionews.com.br\/acervo-correio\/index.php?rest_route=%2Fwp%2Fv2%2Fmedia&parent=252684"}],"wp:term":[{"taxonomy":"category","embeddable":true,"href":"https:\/\/www.ocorreionews.com.br\/acervo-correio\/index.php?rest_route=%2Fwp%2Fv2%2Fcategories&post=252684"},{"taxonomy":"post_tag","embeddable":true,"href":"https:\/\/www.ocorreionews.com.br\/acervo-correio\/index.php?rest_route=%2Fwp%2Fv2%2Ftags&post=252684"}],"curies":[{"name":"wp","href":"https:\/\/api.w.org\/{rel}","templated":true}]}}