{"id":252687,"date":"2023-09-27T08:48:36","date_gmt":"2023-09-27T12:48:36","guid":{"rendered":"https:\/\/www.ocorreionews.com.br\/acervo-correio\/?p=252687"},"modified":"2023-09-27T08:55:21","modified_gmt":"2023-09-27T12:55:21","slug":"prefeitura-de-costa-rica-realiza-obra-de-contencao-de-erosao-as-margens-do-rio-jauruzinho","status":"publish","type":"post","link":"https:\/\/www.ocorreionews.com.br\/acervo-correio\/?p=252687","title":{"rendered":"Prefeitura de Costa Rica realiza obra de conten\u00e7\u00e3o de eros\u00e3o \u00e0s margens do Rio Jauruzinho"},"content":{"rendered":"<div class=\"ntc_cont_descricao_noticia sw_txteditor\">\n<p>Em 14 de julho de 2022, a regi\u00e3o do Jauruzinho, em Costa Rica, recebeu uma visita especial. O prefeito, delegado Cleverson Alves dos Santos, o vice-prefeito Roni Cota, o secret\u00e1rio de Obras Penides Garcia Jacinto, o vereador Waldomiro Bocalan e outros servidores da administra\u00e7\u00e3o municipal estiveram presentes para atender a uma reivindica\u00e7\u00e3o antiga dos moradores: a conten\u00e7\u00e3o de uma eros\u00e3o \u00e0s margens do Rio Jauruzinho na Fazenda Rancho Maca\u00faba com a Estrada Vicinal CR 08, Zona Rural, a 60 km do munic\u00edpio.<\/p>\n<p>O prefeito externou seu contentamento na a\u00e7\u00e3o de conten\u00e7\u00e3o de uma eros\u00e3o \u00e0s margens do Rio Jauruzinho. \u201cEstou extremamente satisfeito em anunciar que a obra de conten\u00e7\u00e3o da eros\u00e3o \u00e0s margens do Rio Jauruzinho foi conclu\u00edda com sucesso. Essa a\u00e7\u00e3o era de extrema import\u00e2ncia para preservar nosso meio ambiente e garantir a seguran\u00e7a e tranquilidade de todos. Promover a defesa das \u00e1reas de preserva\u00e7\u00e3o permanente e a manuten\u00e7\u00e3o da malha vi\u00e1ria, preservando o direito de ir e vir e, principalmente, por ser uma rota de transporte e escoamento de produ\u00e7\u00e3o, \u00e9 dever do munic\u00edpio. Agrade\u00e7o a todos os envolvidos nessa a\u00e7\u00e3o e reafirmo meu compromisso em continuar trabalhando para o desenvolvimento e bem-estar de nossa gente\u201d, disse o gestor.<\/p>\n<p>H\u00e1 mais de 10 anos, devido ao solo arenoso, a eros\u00e3o de grandes propor\u00e7\u00f5es vinha causando estragos na regi\u00e3o e prejudicando a \u00e1rea de preserva\u00e7\u00e3o permanente e estrada vicinal CR 08 onde \u00e9 feito tamb\u00e9m o transporte de escolar. Pastagens e vegeta\u00e7\u00e3o, \u00e0s margens do rio eram destru\u00eddas, amea\u00e7ando at\u00e9 mesmo a passagem dos moradores e o escoamento da produ\u00e7\u00e3o agropecu\u00e1ria na localidade. Al\u00e9m disso, uma das mais belas cachoeiras do rio estava em risco de desaparecer, o que causaria danos irrepar\u00e1veis ao meio ambiente com o assoreamento.<\/p>\n<p>A Prefeitura de Costa Rica, por meio da Secretaria de Obras, decidiu agir e realizar uma a\u00e7\u00e3o de conten\u00e7\u00e3o da eros\u00e3o. Mais de 80 caminh\u00f5es de pedra entre rach\u00e3o, extra\u00eddas na pedreira pr\u00f3xima e cascalho, resultando em diversos metros c\u00fabicos foram levados ao local e o trecho pr\u00f3ximo \u00e0 ponte foi totalmente recuperado e cascalhado. O objetivo era claro: devolver o rio ao seu leito original e evitar que danos maiores ocorressem.<\/p>\n<\/div>\n<div><img loading=\"lazy\" decoding=\"async\" class=\"size-full wp-image-252691 aligncenter\" src=\"https:\/\/www.ocorreionews.com.br\/acervo-correio\/wp-content\/uploads\/2023\/09\/Contencao-de-erosao-as-margens-do-Rio-Jauruzinho-02.jpg\" alt=\"\" width=\"720\" height=\"410\" srcset=\"https:\/\/www.ocorreionews.com.br\/acervo-correio\/wp-content\/uploads\/2023\/09\/Contencao-de-erosao-as-margens-do-Rio-Jauruzinho-02.jpg 720w, https:\/\/www.ocorreionews.com.br\/acervo-correio\/wp-content\/uploads\/2023\/09\/Contencao-de-erosao-as-margens-do-Rio-Jauruzinho-02-300x171.jpg 300w\" sizes=\"auto, (max-width: 720px) 100vw, 720px\" \/><\/div>\n<div class=\"ntc_cont_descricao_noticia sw_txteditor\">\n<p>O secret\u00e1rio de Obras, Penides Garcia Jacinto, ressaltou a import\u00e2ncia da obra. Segundo ele, o prefeito ficou satisfeito com o trabalho realizado, pois essa a\u00e7\u00e3o era fundamental para evitar consequ\u00eancias mais graves, como a destrui\u00e7\u00e3o da cachoeira, da mata ciliar e a eros\u00e3o cont\u00ednua do local. &#8220;Foi um servi\u00e7o dif\u00edcil, mas conseguimos finaliz\u00e1-lo&#8221;, afirmou o secret\u00e1rio.Com o t\u00e9rmino da obra, o rio Jauruzinho voltou ao seu curso normal, trazendo al\u00edvio para os moradores da regi\u00e3o e garantindo a preserva\u00e7\u00e3o de um importante patrim\u00f4nio natural. A a\u00e7\u00e3o da Prefeitura de Costa Rica demonstra o compromisso da administra\u00e7\u00e3o municipal com o bem-estar da popula\u00e7\u00e3o e a preserva\u00e7\u00e3o do meio ambiente.<\/p>\n<p>Agora, os moradores poder\u00e3o desfrutar novamente da beleza e tranquilidade do rio Jauruzinho, sem se preocupar com os estragos causados pela eros\u00e3o. Al\u00e9m disso, a cachoeira, que \u00e9 uma das mais apreciadas da regi\u00e3o, continuar\u00e1 a encantar visitantes e a ser um atrativo tur\u00edstico importante para a cidade.<\/p>\n<\/div>\n<div class=\"ntc_cont_descricao_noticia sw_txteditor\">\n<figure id=\"attachment_252689\" aria-describedby=\"caption-attachment-252689\" style=\"width: 720px\" class=\"wp-caption alignnone\"><img loading=\"lazy\" decoding=\"async\" class=\"size-full wp-image-252689\" src=\"https:\/\/www.ocorreionews.com.br\/acervo-correio\/wp-content\/uploads\/2023\/09\/Cachoeira-do-Rio-Jauruzinho-01.jpg\" alt=\"\" width=\"720\" height=\"410\" srcset=\"https:\/\/www.ocorreionews.com.br\/acervo-correio\/wp-content\/uploads\/2023\/09\/Cachoeira-do-Rio-Jauruzinho-01.jpg 720w, https:\/\/www.ocorreionews.com.br\/acervo-correio\/wp-content\/uploads\/2023\/09\/Cachoeira-do-Rio-Jauruzinho-01-300x171.jpg 300w\" sizes=\"auto, (max-width: 720px) 100vw, 720px\" \/><figcaption id=\"caption-attachment-252689\" class=\"wp-caption-text\">Cachoeira do Rio Jauruzinho &#8211; Foto Prefeitura de Costa Rica<\/figcaption><\/figure>\n<p>A visita dos representantes do poder p\u00fablico \u00e0 obra de conten\u00e7\u00e3o da eros\u00e3o mostra a import\u00e2ncia dada \u00e0 demanda dos moradores e a aten\u00e7\u00e3o que a administra\u00e7\u00e3o municipal est\u00e1 dando para solucionar os problemas da regi\u00e3o. O trabalho em equipe e o empenho dos envolvidos foram fundamentais para o sucesso da a\u00e7\u00e3o.<\/p>\n<p>Agora, os moradores de Costa Rica podem respirar aliviados, sabendo que o rio Jauruzinho est\u00e1 seguro e que sua beleza natural ser\u00e1 preservada. A a\u00e7\u00e3o da Prefeitura de Costa Rica \u00e9 um exemplo de como o poder p\u00fablico pode atender \u00e0s demandas da popula\u00e7\u00e3o e agir em prol do meio ambiente, garantindo um futuro melhor para todos.<\/p>\n<\/div>\n<div class=\"ntc_area_info_noticia sw_lato\">\n<div>\n<div class=\"ntc_info_noticia\"><strong class=\"sw_lato_black\">Fonte: <\/strong>Assessoria de Comunica\u00e7\u00e3o &#8211; PMCR,<strong class=\"sw_lato_black\">\u00a0<\/strong>Silvestre de Castro<\/div>\n<\/div>\n<\/div>\n","protected":false},"excerpt":{"rendered":"<p>Em 14 de julho de 2022, a regi\u00e3o do Jauruzinho, em Costa Rica, recebeu uma visita especial. O prefeito, delegado Cleverson Alves dos Santos, o vice-prefeito Roni Cota, o secret\u00e1rio de Obras Penides Garcia Jacinto, o vereador Waldomiro Bocalan e outros servidores da administra\u00e7\u00e3o municipal estiveram presentes para atender a uma reivindica\u00e7\u00e3o antiga dos moradores: [&hellip;]<\/p>\n","protected":false},"author":5,"featured_media":252690,"comment_status":"closed","ping_status":"closed","sticky":false,"template":"","format":"standard","meta":{"footnotes":""},"categories":[25],"tags":[],"class_list":["post-252687","post","type-post","status-publish","format-standard","has-post-thumbnail","hentry","category-costa-rica"],"_links":{"self":[{"href":"https:\/\/www.ocorreionews.com.br\/acervo-correio\/index.php?rest_route=\/wp\/v2\/posts\/252687","targetHints":{"allow":["GET"]}}],"collection":[{"href":"https:\/\/www.ocorreionews.com.br\/acervo-correio\/index.php?rest_route=\/wp\/v2\/posts"}],"about":[{"href":"https:\/\/www.ocorreionews.com.br\/acervo-correio\/index.php?rest_route=\/wp\/v2\/types\/post"}],"author":[{"embeddable":true,"href":"https:\/\/www.ocorreionews.com.br\/acervo-correio\/index.php?rest_route=\/wp\/v2\/users\/5"}],"replies":[{"embeddable":true,"href":"https:\/\/www.ocorreionews.com.br\/acervo-correio\/index.php?rest_route=%2Fwp%2Fv2%2Fcomments&post=252687"}],"version-history":[{"count":3,"href":"https:\/\/www.ocorreionews.com.br\/acervo-correio\/index.php?rest_route=\/wp\/v2\/posts\/252687\/revisions"}],"predecessor-version":[{"id":252695,"href":"https:\/\/www.ocorreionews.com.br\/acervo-correio\/index.php?rest_route=\/wp\/v2\/posts\/252687\/revisions\/252695"}],"wp:featuredmedia":[{"embeddable":true,"href":"https:\/\/www.ocorreionews.com.br\/acervo-correio\/index.php?rest_route=\/wp\/v2\/media\/252690"}],"wp:attachment":[{"href":"https:\/\/www.ocorreionews.com.br\/acervo-correio\/index.php?rest_route=%2Fwp%2Fv2%2Fmedia&parent=252687"}],"wp:term":[{"taxonomy":"category","embeddable":true,"href":"https:\/\/www.ocorreionews.com.br\/acervo-correio\/index.php?rest_route=%2Fwp%2Fv2%2Fcategories&post=252687"},{"taxonomy":"post_tag","embeddable":true,"href":"https:\/\/www.ocorreionews.com.br\/acervo-correio\/index.php?rest_route=%2Fwp%2Fv2%2Ftags&post=252687"}],"curies":[{"name":"wp","href":"https:\/\/api.w.org\/{rel}","templated":true}]}}