{"id":252694,"date":"2023-09-27T09:10:09","date_gmt":"2023-09-27T13:10:09","guid":{"rendered":"https:\/\/www.ocorreionews.com.br\/acervo-correio\/?p=252694"},"modified":"2023-09-27T09:10:09","modified_gmt":"2023-09-27T13:10:09","slug":"prefeito-juvenal-participa-de-evento-na-camara-em-celebracao-aos-20-anos-de-emancipacao-de-figueirao","status":"publish","type":"post","link":"https:\/\/www.ocorreionews.com.br\/acervo-correio\/?p=252694","title":{"rendered":"Prefeito Juvenal participa de evento na c\u00e2mara em celebra\u00e7\u00e3o aos 20 anos de emancipa\u00e7\u00e3o de Figueir\u00e3o"},"content":{"rendered":"<p>O prefeito de Figueir\u00e3o, Juvenal Consolaro, juntamente com o vice-prefeito Jorge Mortari e a chefe de Gabinete Marinalva Paniago, participaram na manh\u00e3 de ontem (26\/9), do evento \u201cFigueir\u00e3o +20\u201d, na c\u00e2mara municipal.<\/p>\n<p><img loading=\"lazy\" decoding=\"async\" class=\"alignnone wp-image-252698 size-full\" src=\"https:\/\/www.ocorreionews.com.br\/acervo-correio\/wp-content\/uploads\/2023\/09\/abertura-aniversario2.png\" alt=\"\" width=\"581\" height=\"383\" srcset=\"https:\/\/www.ocorreionews.com.br\/acervo-correio\/wp-content\/uploads\/2023\/09\/abertura-aniversario2.png 581w, https:\/\/www.ocorreionews.com.br\/acervo-correio\/wp-content\/uploads\/2023\/09\/abertura-aniversario2-300x198.png 300w\" sizes=\"auto, (max-width: 581px) 100vw, 581px\" \/><\/p>\n<p>Dentro da programa\u00e7\u00e3o do evento, foi realizada uma apresenta\u00e7\u00e3o de declama\u00e7\u00e3o de poesias in\u00e9ditas com o tema \u201cFigueir\u00e3o\u201d e uma exposi\u00e7\u00e3o de arte fotogr\u00e1fica realizada pelos alunos da Escola Estadual Arnaldo Estev\u00e3o de Figueiredo. Al\u00e9m disso, foi inaugurada uma obra de arte no muro e ainda houve uma apresenta\u00e7\u00e3o especial da Banda Municipal de Percuss\u00e3o Joaquim Malaquias da Silva.<\/p>\n<p><img loading=\"lazy\" decoding=\"async\" class=\"alignnone wp-image-252702 size-full\" src=\"https:\/\/www.ocorreionews.com.br\/acervo-correio\/wp-content\/uploads\/2023\/09\/niver2.jpg\" alt=\"\" width=\"787\" height=\"533\" srcset=\"https:\/\/www.ocorreionews.com.br\/acervo-correio\/wp-content\/uploads\/2023\/09\/niver2.jpg 787w, https:\/\/www.ocorreionews.com.br\/acervo-correio\/wp-content\/uploads\/2023\/09\/niver2-300x203.jpg 300w, https:\/\/www.ocorreionews.com.br\/acervo-correio\/wp-content\/uploads\/2023\/09\/niver2-768x520.jpg 768w\" sizes=\"auto, (max-width: 787px) 100vw, 787px\" \/><\/p>\n<p>A programa\u00e7\u00e3o do evento contemplou:<\/p>\n<p>9:30h: Sess\u00e3o de homenagens com m\u00e9rito legislativo.<\/p>\n<p>13h: Palestra \u201cQualidade da Efici\u00eancia Energ\u00e9tica na Regi\u00e3o\u201d, com a participa\u00e7\u00e3o da Energisa.<\/p>\n<p>14h: Palestra \u201cDesafio da Conserva\u00e7\u00e3o do Solo, com Renato Roscos do Instituto Taquari Vivo.<\/p>\n<p>15:30h: Palestra \u201cDesenvolvimento Econ\u00f4mico atrav\u00e9s de Florestas para Produ\u00e7\u00e3o de Carbono Neutro, Energia e Celulose\u201d, com Rog\u00e9rio Bereta, superintendente de Meio Ambiente, Tecnologia, Produ\u00e7\u00e3o e Agricultura Familiar de MS.<\/p>\n<p>16:30h: Roda de conversa com foco no protagonismo feminino: a import\u00e2ncia da representatividade feminina na pol\u00edtica e na sociedade.<\/p>\n<p>17:30h: Atividade de plantio de mudas.<\/p>\n<p>A vereadora Fl\u00e1via Bravo, presidente da C\u00e2mara juntamente com seus pares, destaca o compromisso do legislativo: \u201cQueremos comemorar o anivers\u00e1rio de Figueir\u00e3o e planejar o que almejamos para os pr\u00f3ximos 20 anos, buscando solu\u00e7\u00f5es, envolvendo toda sociedade e agradecendo aqueles que fizeram parte dessa hist\u00f3ria\u201d.<\/p>\n<p>Presentes ao evento v\u00e1rias autoridades pol\u00edticas, como o ex-governador Andr\u00e9 Puccinelli, deputado Londres Machado, deputado Junior Mochi, assessor do deputado Vander Loubet, Sandro Fantini, ex-prefeitos de Figueir\u00e3o, Ildo Furtado, Get\u00falio Barbosa e Rog\u00e9rio Rosalin, ex-vereador Antonio Nabhan, delegado da Pol\u00edcia Civil de Figueir\u00e3o, Dr. Andr\u00e9 Stafusa, SGT\/PM Hernandes Ribeiro, SGT\/PM Joyce Barreto, entre outras.<\/p>\n<p><img loading=\"lazy\" decoding=\"async\" class=\"alignnone wp-image-252703 size-full\" src=\"https:\/\/www.ocorreionews.com.br\/acervo-correio\/wp-content\/uploads\/2023\/09\/niver3.jpg\" alt=\"\" width=\"800\" height=\"533\" srcset=\"https:\/\/www.ocorreionews.com.br\/acervo-correio\/wp-content\/uploads\/2023\/09\/niver3.jpg 800w, https:\/\/www.ocorreionews.com.br\/acervo-correio\/wp-content\/uploads\/2023\/09\/niver3-300x200.jpg 300w, https:\/\/www.ocorreionews.com.br\/acervo-correio\/wp-content\/uploads\/2023\/09\/niver3-768x512.jpg 768w\" sizes=\"auto, (max-width: 800px) 100vw, 800px\" \/> \u00a0<img loading=\"lazy\" decoding=\"async\" class=\"alignnone wp-image-252701 size-full\" src=\"https:\/\/www.ocorreionews.com.br\/acervo-correio\/wp-content\/uploads\/2023\/09\/niver.jpg\" alt=\"\" width=\"800\" height=\"533\" srcset=\"https:\/\/www.ocorreionews.com.br\/acervo-correio\/wp-content\/uploads\/2023\/09\/niver.jpg 800w, https:\/\/www.ocorreionews.com.br\/acervo-correio\/wp-content\/uploads\/2023\/09\/niver-300x200.jpg 300w, https:\/\/www.ocorreionews.com.br\/acervo-correio\/wp-content\/uploads\/2023\/09\/niver-768x512.jpg 768w\" sizes=\"auto, (max-width: 800px) 100vw, 800px\" \/> <img loading=\"lazy\" decoding=\"async\" class=\"alignnone wp-image-252700 size-full\" src=\"https:\/\/www.ocorreionews.com.br\/acervo-correio\/wp-content\/uploads\/2023\/09\/abertura-aniversario4.png\" alt=\"\" width=\"593\" height=\"395\" srcset=\"https:\/\/www.ocorreionews.com.br\/acervo-correio\/wp-content\/uploads\/2023\/09\/abertura-aniversario4.png 593w, https:\/\/www.ocorreionews.com.br\/acervo-correio\/wp-content\/uploads\/2023\/09\/abertura-aniversario4-300x200.png 300w\" sizes=\"auto, (max-width: 593px) 100vw, 593px\" \/> <img loading=\"lazy\" decoding=\"async\" class=\"alignnone wp-image-252699 size-full\" src=\"https:\/\/www.ocorreionews.com.br\/acervo-correio\/wp-content\/uploads\/2023\/09\/abertura-aniversario3.png\" alt=\"\" width=\"593\" height=\"395\" srcset=\"https:\/\/www.ocorreionews.com.br\/acervo-correio\/wp-content\/uploads\/2023\/09\/abertura-aniversario3.png 593w, https:\/\/www.ocorreionews.com.br\/acervo-correio\/wp-content\/uploads\/2023\/09\/abertura-aniversario3-300x200.png 300w\" sizes=\"auto, (max-width: 593px) 100vw, 593px\" \/><\/p>\n<p>Fonte\/Fotos: PMFigueir\u00e3o\/RubemVasconcellos<\/p>\n","protected":false},"excerpt":{"rendered":"<p>O prefeito de Figueir\u00e3o, Juvenal Consolaro, juntamente com o vice-prefeito Jorge Mortari e a chefe de Gabinete Marinalva Paniago, participaram na manh\u00e3 de ontem (26\/9), do evento \u201cFigueir\u00e3o +20\u201d, na c\u00e2mara municipal. Dentro da programa\u00e7\u00e3o do evento, foi realizada uma apresenta\u00e7\u00e3o de declama\u00e7\u00e3o de poesias in\u00e9ditas com o tema \u201cFigueir\u00e3o\u201d e uma exposi\u00e7\u00e3o de arte [&hellip;]<\/p>\n","protected":false},"author":4,"featured_media":252697,"comment_status":"closed","ping_status":"closed","sticky":false,"template":"","format":"standard","meta":{"footnotes":""},"categories":[41,30],"tags":[],"class_list":["post-252694","post","type-post","status-publish","format-standard","has-post-thumbnail","hentry","category-destaque","category-figueirao"],"_links":{"self":[{"href":"https:\/\/www.ocorreionews.com.br\/acervo-correio\/index.php?rest_route=\/wp\/v2\/posts\/252694","targetHints":{"allow":["GET"]}}],"collection":[{"href":"https:\/\/www.ocorreionews.com.br\/acervo-correio\/index.php?rest_route=\/wp\/v2\/posts"}],"about":[{"href":"https:\/\/www.ocorreionews.com.br\/acervo-correio\/index.php?rest_route=\/wp\/v2\/types\/post"}],"author":[{"embeddable":true,"href":"https:\/\/www.ocorreionews.com.br\/acervo-correio\/index.php?rest_route=\/wp\/v2\/users\/4"}],"replies":[{"embeddable":true,"href":"https:\/\/www.ocorreionews.com.br\/acervo-correio\/index.php?rest_route=%2Fwp%2Fv2%2Fcomments&post=252694"}],"version-history":[{"count":1,"href":"https:\/\/www.ocorreionews.com.br\/acervo-correio\/index.php?rest_route=\/wp\/v2\/posts\/252694\/revisions"}],"predecessor-version":[{"id":252704,"href":"https:\/\/www.ocorreionews.com.br\/acervo-correio\/index.php?rest_route=\/wp\/v2\/posts\/252694\/revisions\/252704"}],"wp:featuredmedia":[{"embeddable":true,"href":"https:\/\/www.ocorreionews.com.br\/acervo-correio\/index.php?rest_route=\/wp\/v2\/media\/252697"}],"wp:attachment":[{"href":"https:\/\/www.ocorreionews.com.br\/acervo-correio\/index.php?rest_route=%2Fwp%2Fv2%2Fmedia&parent=252694"}],"wp:term":[{"taxonomy":"category","embeddable":true,"href":"https:\/\/www.ocorreionews.com.br\/acervo-correio\/index.php?rest_route=%2Fwp%2Fv2%2Fcategories&post=252694"},{"taxonomy":"post_tag","embeddable":true,"href":"https:\/\/www.ocorreionews.com.br\/acervo-correio\/index.php?rest_route=%2Fwp%2Fv2%2Ftags&post=252694"}],"curies":[{"name":"wp","href":"https:\/\/api.w.org\/{rel}","templated":true}]}}