{"id":252707,"date":"2023-09-27T09:19:41","date_gmt":"2023-09-27T13:19:41","guid":{"rendered":"https:\/\/www.ocorreionews.com.br\/acervo-correio\/?p=252707"},"modified":"2023-09-27T09:19:41","modified_gmt":"2023-09-27T13:19:41","slug":"mirele-havia-conseguido-medida-protetiva-um-dia-antes-de-ser-morta-em-aparecida-do-taboado","status":"publish","type":"post","link":"https:\/\/www.ocorreionews.com.br\/acervo-correio\/?p=252707","title":{"rendered":"Mirele havia conseguido medida protetiva um dia antes de ser morta em Aparecida do Taboado"},"content":{"rendered":"<p>Mirele Concei\u00e7\u00e3o de Oliveira, de 35 anos, havia conseguido a medida protetiva um dia antes de ser assassinada com golpes de fac\u00e3o pelo ex-companheiro Adeu Nunes, na noite de s\u00e1bado (23), em Aparecida do Taboado &#8211; MS. O acusado continua foragido at\u00e9 o momento.<\/p>\n<p>O crime teria acontecido ap\u00f3s o suspeito ter ficado de tocaia pr\u00f3ximo ao endere\u00e7o onde a v\u00edtima morava, pr\u00f3ximo ao cruzamento das ruas Guanabara e S\u00e3o Jer\u00f4nimo, na Vila S\u00e3o Jer\u00f4nimo.<\/p>\n<p>Ele aproveitou que a mulher foi at\u00e9 o im\u00f3vel para deixar tudo trancado, mas acabou surpreendida com a presen\u00e7a do ex-companheiro, conforme noticiado pelo site RCN 67.<\/p>\n<p>Nunes acabou agredindo ela diversas vezes com golpes de fac\u00e3o, causando m\u00faltiplas les\u00f5es no pesco\u00e7o, corpo, cabe\u00e7a. Testemunhas teriam presenciado o final das agress\u00f5es, foi quando nesse momento o acusado saiu de cima de Mirele e fugiu em uma motocicleta, uma Honda Bros, de cor preta.<\/p>\n<figure style=\"width: 605px\" class=\"wp-caption aligncenter\"><img loading=\"lazy\" decoding=\"async\" class=\"\" src=\"https:\/\/cdn.jd1noticias.com\/upload\/dn_arquivo\/2023\/09\/picsart-23-09-25-06-04-56-356.jpg\" alt=\"\" width=\"605\" height=\"340\" \/><figcaption class=\"wp-caption-text\">Homem matou Mirele com golpes de fac\u00e3o (Reprodu\u00e7\u00e3o\/Redes Sociais)<\/figcaption><\/figure>\n<p>A v\u00edtima estava na companhia do filho, que teria presenciado toda a agress\u00e3o contra a m\u00e3e.<\/p>\n<p>Mirele teve um relacionamento de tr\u00eas meses com Adeu h\u00e1 seis anos. Por\u00e9m, eles voltaram a se reaproximar h\u00e1 um ano e mantiveram contatos, mas estavam separados.<\/p>\n<p>O Corpo de Bombeiros chegou a ser acionado, mas n\u00e3o ao chegarem no local, apenas constataram o \u00f3bito da v\u00edtima. A Pol\u00edcia Militar tamb\u00e9m foi acionada por vizinhos e fez o isolamento do local at\u00e9 os trabalhos da Pol\u00edcia Civil e Pol\u00edcia Cient\u00edfica.<\/p>\n<figure style=\"width: 613px\" class=\"wp-caption aligncenter\"><img loading=\"lazy\" decoding=\"async\" class=\"\" src=\"https:\/\/cdn.topmidianews.com.br\/img\/pc\/620\/320\/dn_arquivo\/2023\/09\/whatsapp-image-2023-09-26-at-160617.jpeg\" alt=\"Mirele havia conseguido medida protetiva um dia antes de ser morta em Aparecida do Taboado\" width=\"613\" height=\"345\" \/><figcaption class=\"wp-caption-text\">Mirele foi assassinada com v\u00e1rios golpes de fac\u00e3o &#8211; Cr\u00e9dito: Gabi Almeida\/RCN67\/Reprodu\u00e7\u00e3o\/Redes Sociais<\/figcaption><\/figure>\n<p>&nbsp;<\/p>\n<p>*Top M\u00eddia News, V\u00ednicius Costa<\/p>\n","protected":false},"excerpt":{"rendered":"<p>Mirele Concei\u00e7\u00e3o de Oliveira, de 35 anos, havia conseguido a medida protetiva um dia antes de ser assassinada com golpes de fac\u00e3o pelo ex-companheiro Adeu Nunes, na noite de s\u00e1bado (23), em Aparecida do Taboado &#8211; MS. O acusado continua foragido at\u00e9 o momento. O crime teria acontecido ap\u00f3s o suspeito ter ficado de tocaia [&hellip;]<\/p>\n","protected":false},"author":5,"featured_media":252425,"comment_status":"closed","ping_status":"closed","sticky":false,"template":"","format":"standard","meta":{"footnotes":""},"categories":[38,143],"tags":[],"class_list":["post-252707","post","type-post","status-publish","format-standard","has-post-thumbnail","hentry","category-policia","category-regional"],"_links":{"self":[{"href":"https:\/\/www.ocorreionews.com.br\/acervo-correio\/index.php?rest_route=\/wp\/v2\/posts\/252707","targetHints":{"allow":["GET"]}}],"collection":[{"href":"https:\/\/www.ocorreionews.com.br\/acervo-correio\/index.php?rest_route=\/wp\/v2\/posts"}],"about":[{"href":"https:\/\/www.ocorreionews.com.br\/acervo-correio\/index.php?rest_route=\/wp\/v2\/types\/post"}],"author":[{"embeddable":true,"href":"https:\/\/www.ocorreionews.com.br\/acervo-correio\/index.php?rest_route=\/wp\/v2\/users\/5"}],"replies":[{"embeddable":true,"href":"https:\/\/www.ocorreionews.com.br\/acervo-correio\/index.php?rest_route=%2Fwp%2Fv2%2Fcomments&post=252707"}],"version-history":[{"count":1,"href":"https:\/\/www.ocorreionews.com.br\/acervo-correio\/index.php?rest_route=\/wp\/v2\/posts\/252707\/revisions"}],"predecessor-version":[{"id":252708,"href":"https:\/\/www.ocorreionews.com.br\/acervo-correio\/index.php?rest_route=\/wp\/v2\/posts\/252707\/revisions\/252708"}],"wp:featuredmedia":[{"embeddable":true,"href":"https:\/\/www.ocorreionews.com.br\/acervo-correio\/index.php?rest_route=\/wp\/v2\/media\/252425"}],"wp:attachment":[{"href":"https:\/\/www.ocorreionews.com.br\/acervo-correio\/index.php?rest_route=%2Fwp%2Fv2%2Fmedia&parent=252707"}],"wp:term":[{"taxonomy":"category","embeddable":true,"href":"https:\/\/www.ocorreionews.com.br\/acervo-correio\/index.php?rest_route=%2Fwp%2Fv2%2Fcategories&post=252707"},{"taxonomy":"post_tag","embeddable":true,"href":"https:\/\/www.ocorreionews.com.br\/acervo-correio\/index.php?rest_route=%2Fwp%2Fv2%2Ftags&post=252707"}],"curies":[{"name":"wp","href":"https:\/\/api.w.org\/{rel}","templated":true}]}}