{"id":252711,"date":"2023-09-27T10:19:54","date_gmt":"2023-09-27T14:19:54","guid":{"rendered":"https:\/\/www.ocorreionews.com.br\/acervo-correio\/?p=252711"},"modified":"2023-09-27T10:19:54","modified_gmt":"2023-09-27T14:19:54","slug":"nesta-quarta-e-quinta-esta-acontecendo-coleta-de-pneus-inserviveis-em-chapadao-do-sul","status":"publish","type":"post","link":"https:\/\/www.ocorreionews.com.br\/acervo-correio\/?p=252711","title":{"rendered":"Nesta quarta e quinta esta acontecendo Coleta de Pneus Inserv\u00edveis em Chapad\u00e3o do Sul"},"content":{"rendered":"<p>Chapad\u00e3o do Sul est\u00e1 realizando coleta de pneus inserv\u00edveis, a a\u00e7\u00e3o est\u00e1 acontecendo nesta quarta (27) e quinta-feira (28), proporcionando uma maneira segura e eficaz de descartar pneus usados de forma respons\u00e1vel.<\/p>\n<p>Geradores de pneus inserv\u00edveis, como lojas, revendas, borracharias, coleta seletiva e a municipalidade, s\u00e3o incentivados a participar deste importante esfor\u00e7o de sustentabilidade. O descarte correto desses pneus ajuda a evitar problemas ambientais, como o ac\u00famulo de res\u00edduos em locais inadequados, a prolifera\u00e7\u00e3o de mosquitos transmissores de doen\u00e7as, e ainda contribui para a melhoria da qualidade do ar e do solo.<\/p>\n<p><b>Local e Hor\u00e1rios de Descarte:<\/b><\/p>\n<p>Os geradores de pneus inserv\u00edveis devem se dirigir \u00e0 Central de Tratamento de Res\u00edduos (CTR), localizada na Av. Jo\u00e3o Fabiani Primo, s\/n. A coleta acontecer\u00e1 no per\u00edodo da manh\u00e3, das 7h \u00e0s 10:30h, e \u00e0 tarde, das 13:00 \u00e0s 15:00h, nos dias 27 e 28 de setembro.<\/p>\n<p>A iniciativa busca facilitar o processo de descarte respons\u00e1vel e garantir que pneus usados sejam direcionados para locais adequados de tratamento e reciclagem, minimizando assim os impactos negativos ao meio ambiente.<\/p>\n<p><b>Mais Informa\u00e7\u00f5es:<\/b><\/p>\n<p>Para obter mais informa\u00e7\u00f5es sobre a coleta de pneus inserv\u00edveis em Chapad\u00e3o do Sul, os interessados podem entrar em contato com a Secretaria Municipal de Meio Ambiente (SEDEMA) atrav\u00e9s do telefone (67) 3562-5678.<\/p>\n<p>A Prefeitura de Chapad\u00e3o do Sul refor\u00e7a a import\u00e2ncia da participa\u00e7\u00e3o da comunidade e de todos os geradores nesse evento e agradece pelo compromisso com a preserva\u00e7\u00e3o ambiental e o bem-estar da popula\u00e7\u00e3o.<\/p>\n<p>Acesse a localiza\u00e7\u00e3o do CTR\u00a0<a href=\"https:\/\/www.google.com.br\/maps\/dir\/-18.7925898,-52.6279616\/CTR+-+Central+de+Tratamento+de+Res%C3%ADduos\/@-18.7906929,-52.6234836,14z\/data=!3m1!4b1!4m9!4m8!1m1!4e1!1m5!1m1!1s0x949d31d26779b717:0x7700654d1b285234!2m2!1d-52.5839673!2d-18.7899326?hl=pt-br\" target=\"_blank\" rel=\"noopener\">clicando aqui<\/a>\u00a0para encontrar o local de descarte e fa\u00e7a a sua parte na constru\u00e7\u00e3o de um ambiente mais limpo e saud\u00e1vel para todos.<\/p>\n<p>&nbsp;<\/p>\n<p>&nbsp;<\/p>\n<p>*Assessoria<\/p>\n","protected":false},"excerpt":{"rendered":"<p>Chapad\u00e3o do Sul est\u00e1 realizando coleta de pneus inserv\u00edveis, a a\u00e7\u00e3o est\u00e1 acontecendo nesta quarta (27) e quinta-feira (28), proporcionando uma maneira segura e eficaz de descartar pneus usados de forma respons\u00e1vel. Geradores de pneus inserv\u00edveis, como lojas, revendas, borracharias, coleta seletiva e a municipalidade, s\u00e3o incentivados a participar deste importante esfor\u00e7o de sustentabilidade. O [&hellip;]<\/p>\n","protected":false},"author":5,"featured_media":252712,"comment_status":"closed","ping_status":"closed","sticky":false,"template":"","format":"standard","meta":{"footnotes":""},"categories":[23],"tags":[],"class_list":["post-252711","post","type-post","status-publish","format-standard","has-post-thumbnail","hentry","category-chapadao-do-sul"],"_links":{"self":[{"href":"https:\/\/www.ocorreionews.com.br\/acervo-correio\/index.php?rest_route=\/wp\/v2\/posts\/252711","targetHints":{"allow":["GET"]}}],"collection":[{"href":"https:\/\/www.ocorreionews.com.br\/acervo-correio\/index.php?rest_route=\/wp\/v2\/posts"}],"about":[{"href":"https:\/\/www.ocorreionews.com.br\/acervo-correio\/index.php?rest_route=\/wp\/v2\/types\/post"}],"author":[{"embeddable":true,"href":"https:\/\/www.ocorreionews.com.br\/acervo-correio\/index.php?rest_route=\/wp\/v2\/users\/5"}],"replies":[{"embeddable":true,"href":"https:\/\/www.ocorreionews.com.br\/acervo-correio\/index.php?rest_route=%2Fwp%2Fv2%2Fcomments&post=252711"}],"version-history":[{"count":1,"href":"https:\/\/www.ocorreionews.com.br\/acervo-correio\/index.php?rest_route=\/wp\/v2\/posts\/252711\/revisions"}],"predecessor-version":[{"id":252713,"href":"https:\/\/www.ocorreionews.com.br\/acervo-correio\/index.php?rest_route=\/wp\/v2\/posts\/252711\/revisions\/252713"}],"wp:featuredmedia":[{"embeddable":true,"href":"https:\/\/www.ocorreionews.com.br\/acervo-correio\/index.php?rest_route=\/wp\/v2\/media\/252712"}],"wp:attachment":[{"href":"https:\/\/www.ocorreionews.com.br\/acervo-correio\/index.php?rest_route=%2Fwp%2Fv2%2Fmedia&parent=252711"}],"wp:term":[{"taxonomy":"category","embeddable":true,"href":"https:\/\/www.ocorreionews.com.br\/acervo-correio\/index.php?rest_route=%2Fwp%2Fv2%2Fcategories&post=252711"},{"taxonomy":"post_tag","embeddable":true,"href":"https:\/\/www.ocorreionews.com.br\/acervo-correio\/index.php?rest_route=%2Fwp%2Fv2%2Ftags&post=252711"}],"curies":[{"name":"wp","href":"https:\/\/api.w.org\/{rel}","templated":true}]}}