{"id":252714,"date":"2023-09-27T10:31:49","date_gmt":"2023-09-27T14:31:49","guid":{"rendered":"https:\/\/www.ocorreionews.com.br\/acervo-correio\/?p=252714"},"modified":"2023-09-27T10:31:49","modified_gmt":"2023-09-27T14:31:49","slug":"familiares-convidam-para-missa-de-7a-dia-de-falecimento-de-kaian-tavares","status":"publish","type":"post","link":"https:\/\/www.ocorreionews.com.br\/acervo-correio\/?p=252714","title":{"rendered":"Familiares convidam para missa de 7\u00aa Dia de falecimento de Kaian Tavares"},"content":{"rendered":"<p>Familiares e amigos do jovem Kaian Vin\u00edcius Tavares, est\u00e3o convidando para missa de 7\u00aa Dia do seu falecimento que acontecer\u00e1 neste s\u00e1bado (30), na Igreja matriz S\u00e3o Pedro Apostolo de Chapad\u00e3o do Sul.<\/p>\n<p>A missa acontece \u00e0s 19 horas (local).<\/p>\n<p>Logo ap\u00f3s a missa, os amigos e familiares convidam todos para se reunir no local que aconteceu o acidente, para fazer uma manifesta\u00e7\u00e3o pac\u00edfica, onde levar\u00e3o cartazes cobrando justi\u00e7a, terer\u00e9 e viol\u00e3o para cantar m\u00fasicas.<\/p>\n<p><a href=\"https:\/\/www.ocorreionews.com.br\/acervo-correio\/identificada-a-vitima-do-acidente-em-chapadao-do-sul\/\">Kaian Tavares de 20 anos, que era atleta amador e apaixonado por futebol faleceu no \u00faltimo s\u00e1bado (23)<\/a>, ap\u00f3s ter sua moto atingida por um ve\u00edculo Hyundai Creta que era dirigido pelo delegado titular de Chapad\u00e3o do Sul, Felipe Potter, na rotat\u00f3ria do Detran-MS, no cruzamento das Avenidas Goi\u00e1s com Mato Grosso do Sul.<\/p>\n<p><img loading=\"lazy\" decoding=\"async\" class=\"wp-image-252716 aligncenter\" src=\"https:\/\/www.ocorreionews.com.br\/acervo-correio\/wp-content\/uploads\/2023\/09\/missa-kaian.jpg\" alt=\"\" width=\"500\" height=\"700\" srcset=\"https:\/\/www.ocorreionews.com.br\/acervo-correio\/wp-content\/uploads\/2023\/09\/missa-kaian.jpg 1143w, https:\/\/www.ocorreionews.com.br\/acervo-correio\/wp-content\/uploads\/2023\/09\/missa-kaian-214x300.jpg 214w, https:\/\/www.ocorreionews.com.br\/acervo-correio\/wp-content\/uploads\/2023\/09\/missa-kaian-732x1024.jpg 732w, https:\/\/www.ocorreionews.com.br\/acervo-correio\/wp-content\/uploads\/2023\/09\/missa-kaian-768x1075.jpg 768w, https:\/\/www.ocorreionews.com.br\/acervo-correio\/wp-content\/uploads\/2023\/09\/missa-kaian-1097x1536.jpg 1097w\" sizes=\"auto, (max-width: 500px) 100vw, 500px\" \/><\/p>\n","protected":false},"excerpt":{"rendered":"<p>Familiares e amigos do jovem Kaian Vin\u00edcius Tavares, est\u00e3o convidando para missa de 7\u00aa Dia do seu falecimento que acontecer\u00e1 neste s\u00e1bado (30), na Igreja matriz S\u00e3o Pedro Apostolo de Chapad\u00e3o do Sul. A missa acontece \u00e0s 19 horas (local). Logo ap\u00f3s a missa, os amigos e familiares convidam todos para se reunir no local [&hellip;]<\/p>\n","protected":false},"author":5,"featured_media":252717,"comment_status":"closed","ping_status":"closed","sticky":false,"template":"","format":"standard","meta":{"footnotes":""},"categories":[23],"tags":[],"class_list":["post-252714","post","type-post","status-publish","format-standard","has-post-thumbnail","hentry","category-chapadao-do-sul"],"_links":{"self":[{"href":"https:\/\/www.ocorreionews.com.br\/acervo-correio\/index.php?rest_route=\/wp\/v2\/posts\/252714","targetHints":{"allow":["GET"]}}],"collection":[{"href":"https:\/\/www.ocorreionews.com.br\/acervo-correio\/index.php?rest_route=\/wp\/v2\/posts"}],"about":[{"href":"https:\/\/www.ocorreionews.com.br\/acervo-correio\/index.php?rest_route=\/wp\/v2\/types\/post"}],"author":[{"embeddable":true,"href":"https:\/\/www.ocorreionews.com.br\/acervo-correio\/index.php?rest_route=\/wp\/v2\/users\/5"}],"replies":[{"embeddable":true,"href":"https:\/\/www.ocorreionews.com.br\/acervo-correio\/index.php?rest_route=%2Fwp%2Fv2%2Fcomments&post=252714"}],"version-history":[{"count":1,"href":"https:\/\/www.ocorreionews.com.br\/acervo-correio\/index.php?rest_route=\/wp\/v2\/posts\/252714\/revisions"}],"predecessor-version":[{"id":252718,"href":"https:\/\/www.ocorreionews.com.br\/acervo-correio\/index.php?rest_route=\/wp\/v2\/posts\/252714\/revisions\/252718"}],"wp:featuredmedia":[{"embeddable":true,"href":"https:\/\/www.ocorreionews.com.br\/acervo-correio\/index.php?rest_route=\/wp\/v2\/media\/252717"}],"wp:attachment":[{"href":"https:\/\/www.ocorreionews.com.br\/acervo-correio\/index.php?rest_route=%2Fwp%2Fv2%2Fmedia&parent=252714"}],"wp:term":[{"taxonomy":"category","embeddable":true,"href":"https:\/\/www.ocorreionews.com.br\/acervo-correio\/index.php?rest_route=%2Fwp%2Fv2%2Fcategories&post=252714"},{"taxonomy":"post_tag","embeddable":true,"href":"https:\/\/www.ocorreionews.com.br\/acervo-correio\/index.php?rest_route=%2Fwp%2Fv2%2Ftags&post=252714"}],"curies":[{"name":"wp","href":"https:\/\/api.w.org\/{rel}","templated":true}]}}