{"id":252721,"date":"2023-09-27T13:20:54","date_gmt":"2023-09-27T17:20:54","guid":{"rendered":"https:\/\/www.ocorreionews.com.br\/acervo-correio\/?p=252721"},"modified":"2023-09-27T13:20:54","modified_gmt":"2023-09-27T17:20:54","slug":"sicredi-e-a-melhor-empresa-em-ranking-setorial-do-epoca-negocios-360o","status":"publish","type":"post","link":"https:\/\/www.ocorreionews.com.br\/acervo-correio\/?p=252721","title":{"rendered":"Sicredi \u00e9 a melhor empresa em ranking setorial do \u00c9poca NEG\u00d3CIOS 360\u00ba"},"content":{"rendered":"<p align=\"center\"><i>Institui\u00e7\u00e3o financeira cooperativa ficou em 1\u00ba lugar no setor Institui\u00e7\u00f5es Financeiras\/Bancos<\/i><\/p>\n<p><i>\u00a0<\/i><\/p>\n<p>O Sicredi conquistou a primeira posi\u00e7\u00e3o no ranking de Institui\u00e7\u00f5es Financeiras\/Bancos do Anu\u00e1rio \u00c9poca NEG\u00d3CIOS 360\u00ba, divulgado nesta segunda-feira (25). Em sua 12\u00aa edi\u00e7\u00e3o, o ranking\u00a0reconheceu 410 empresas de 24 setores, considerando o desempenho em seis desafios &#8211; Inova\u00e7\u00e3o, Vis\u00e3o de Futuro, Socioambiental, Governan\u00e7a, Pessoas e Desempenho Financeiro.\u00a0Al\u00e9m da primeira coloca\u00e7\u00e3o no ranking setorial, o Sicredi tamb\u00e9m ficou em 12\u00ba lugar no ranking geral que reconheceu as 30 melhores empresas de todo o Brasil.<\/p>\n<p aria-hidden=\"true\">\n<p>\u201cEstamos crescendo de maneira vigorosa, consistente e sustent\u00e1vel, mantendo um alto n\u00edvel de satisfa\u00e7\u00e3o dos nossos associados e gerando impacto positivo. \u00c9 um orgulho termos esse resultado em um ranking que considera n\u00e3o apenas nosso desempenho financeiro, como tamb\u00e9m os fatores de inova\u00e7\u00e3o, vis\u00e3o de futuro, quest\u00f5es socioambientais e de governan\u00e7a, al\u00e9m de pessoas. Isso \u00e9 reflexo do trabalho realizado pelos mais de 40 mil colaboradores, que atuam juntos para melhorar a vida de nossos associados em todo o Brasil\u201d, afirma C\u00e9sar Bochi,\u00a0diretor presidente do Banco Cooperativo Sicredi.<\/p>\n<p>&nbsp;<\/p>\n<p>O diretor presidente recebeu o reconhecimento em cerim\u00f4nia realizada em S\u00e3o Paulo, acompanhado da diretora executiva de Marketing e Experi\u00eancia do Sicredi, Cris Duclos. Tamb\u00e9m participaram a gerente de uma das ag\u00eancias do Sicredi, Roselene Alves dos Santos Ferreira, que representou as mais de 40 mil pessoas colaboradoras da institui\u00e7\u00e3o, e Maur\u00edcio Piona, associado ao Sicredi h\u00e1 quase 10 anos, representando os mais de 7 milh\u00f5es de associados.<\/p>\n<p>&nbsp;<\/p>\n<p>Promovido pela revista \u00c9poca Neg\u00f3cios em parceria com a Funda\u00e7\u00e3o Dom Cabral, a premia\u00e7\u00e3o reconheceu empresas com faturamento superior a R$ 200 milh\u00f5es anuais em territ\u00f3rio nacional. O ranking \u00e9 elaborado com base nos question\u00e1rios enviados pelas empresas e na an\u00e1lise dos balan\u00e7os financeiros.<\/p>\n<p aria-hidden=\"true\">\n<p><b>Sobre o Sicredi<\/b><\/p>\n<p>O Sicredi \u00e9 uma institui\u00e7\u00e3o financeira cooperativa comprometida com o crescimento de seus associados e com o desenvolvimento das regi\u00f5es onde atua. Possui um modelo de gest\u00e3o que valoriza a participa\u00e7\u00e3o dos mais de 7 milh\u00f5es de associados, que exercem o papel de donos do neg\u00f3cio. Com mais de 2.500 ag\u00eancias, o Sicredi est\u00e1 presente fisicamente em todos os estados brasileiros e no Distrito Federal, disponibilizando uma gama completa de solu\u00e7\u00f5es financeiras e n\u00e3o financeiras.<\/p>\n<p aria-hidden=\"true\">\n<p>Assessoria<\/p>\n","protected":false},"excerpt":{"rendered":"<p>Institui\u00e7\u00e3o financeira cooperativa ficou em 1\u00ba lugar no setor Institui\u00e7\u00f5es Financeiras\/Bancos \u00a0 O Sicredi conquistou a primeira posi\u00e7\u00e3o no ranking de Institui\u00e7\u00f5es Financeiras\/Bancos do Anu\u00e1rio \u00c9poca NEG\u00d3CIOS 360\u00ba, divulgado nesta segunda-feira (25). Em sua 12\u00aa edi\u00e7\u00e3o, o ranking\u00a0reconheceu 410 empresas de 24 setores, considerando o desempenho em seis desafios &#8211; Inova\u00e7\u00e3o, Vis\u00e3o de Futuro, Socioambiental, [&hellip;]<\/p>\n","protected":false},"author":4,"featured_media":252722,"comment_status":"closed","ping_status":"closed","sticky":false,"template":"","format":"standard","meta":{"footnotes":""},"categories":[23,26],"tags":[],"class_list":["post-252721","post","type-post","status-publish","format-standard","has-post-thumbnail","hentry","category-chapadao-do-sul","category-economia"],"_links":{"self":[{"href":"https:\/\/www.ocorreionews.com.br\/acervo-correio\/index.php?rest_route=\/wp\/v2\/posts\/252721","targetHints":{"allow":["GET"]}}],"collection":[{"href":"https:\/\/www.ocorreionews.com.br\/acervo-correio\/index.php?rest_route=\/wp\/v2\/posts"}],"about":[{"href":"https:\/\/www.ocorreionews.com.br\/acervo-correio\/index.php?rest_route=\/wp\/v2\/types\/post"}],"author":[{"embeddable":true,"href":"https:\/\/www.ocorreionews.com.br\/acervo-correio\/index.php?rest_route=\/wp\/v2\/users\/4"}],"replies":[{"embeddable":true,"href":"https:\/\/www.ocorreionews.com.br\/acervo-correio\/index.php?rest_route=%2Fwp%2Fv2%2Fcomments&post=252721"}],"version-history":[{"count":1,"href":"https:\/\/www.ocorreionews.com.br\/acervo-correio\/index.php?rest_route=\/wp\/v2\/posts\/252721\/revisions"}],"predecessor-version":[{"id":252723,"href":"https:\/\/www.ocorreionews.com.br\/acervo-correio\/index.php?rest_route=\/wp\/v2\/posts\/252721\/revisions\/252723"}],"wp:featuredmedia":[{"embeddable":true,"href":"https:\/\/www.ocorreionews.com.br\/acervo-correio\/index.php?rest_route=\/wp\/v2\/media\/252722"}],"wp:attachment":[{"href":"https:\/\/www.ocorreionews.com.br\/acervo-correio\/index.php?rest_route=%2Fwp%2Fv2%2Fmedia&parent=252721"}],"wp:term":[{"taxonomy":"category","embeddable":true,"href":"https:\/\/www.ocorreionews.com.br\/acervo-correio\/index.php?rest_route=%2Fwp%2Fv2%2Fcategories&post=252721"},{"taxonomy":"post_tag","embeddable":true,"href":"https:\/\/www.ocorreionews.com.br\/acervo-correio\/index.php?rest_route=%2Fwp%2Fv2%2Ftags&post=252721"}],"curies":[{"name":"wp","href":"https:\/\/api.w.org\/{rel}","templated":true}]}}