{"id":252724,"date":"2023-09-27T13:33:03","date_gmt":"2023-09-27T17:33:03","guid":{"rendered":"https:\/\/www.ocorreionews.com.br\/acervo-correio\/?p=252724"},"modified":"2023-09-27T16:06:38","modified_gmt":"2023-09-27T20:06:38","slug":"chapadao-do-sul-lanca-sua-agenda-estrategica-em-evento-marcante-para-o-desenvolvimento-do-municipio","status":"publish","type":"post","link":"https:\/\/www.ocorreionews.com.br\/acervo-correio\/?p=252724","title":{"rendered":"Chapad\u00e3o do Sul lan\u00e7ou a Agenda Estrat\u00e9gica em evento marcante para o desenvolvimento do munic\u00edpio"},"content":{"rendered":"<div class=\"col-12\">\n<div class=\"leitura\">\n<p>Na noite desta ter\u00e7a-feira (26), o plen\u00e1rio da C\u00e2mara Municipal de Chapad\u00e3o do Sul foi palco de um evento marcante para o futuro do munic\u00edpio, com o lan\u00e7amento da t\u00e3o aguardada &#8220;Agenda Estrat\u00e9gica de Chapad\u00e3o do Sul&#8221;. A iniciativa reuniu importantes figuras pol\u00edticas e representantes da sociedade local, destacando o compromisso das lideran\u00e7as em direcionar o desenvolvimento sustent\u00e1vel e o progresso da cidade.<\/p>\n<p style=\"font-weight: 400;\"><b><strong>A\u00e7\u00f5es da Agenda Estrat\u00e9gica de Chapad\u00e3o do Sul<\/strong><\/b><\/p>\n<p style=\"font-weight: 400;\">A Agenda Estrat\u00e9gica de Chapad\u00e3o do Sul \u00e9 embasada em dois eixos principais, selecionados pela Prefeitura ao aderir ao programa Cidade Empreendedora: \u201cCidade + Competitiva\u201d e \u201cCidade Humana, Inovadora e Sustent\u00e1vel\u201d. Grande parte dessas iniciativas est\u00e1 concentrada na promo\u00e7\u00e3o da cidade, destacando as caracter\u00edsticas e potencialidades que possui, com o intuito de refor\u00e7ar e consolidar a imagem do munic\u00edpio para o p\u00fablico externo.<\/p>\n<p style=\"font-weight: 400;\">Esse trabalho ser\u00e1 desenvolvido no \u00e2mbito do marketing territorial, com a proposta de construir uma identidade Chapad\u00e3o do Sul, buscando posicionar estrategicamente a cidade. Outras a\u00e7\u00f5es tamb\u00e9m est\u00e3o previstas na Agenda Estrat\u00e9gica, com foco nas \u00e1reas de inova\u00e7\u00e3o e sustentabilidade. Estrat\u00e9gias ser\u00e3o implementadas para que o munic\u00edpio desenvolva iniciativas alinhadas aos objetivos trazidos pela Agenda 2030, organizada pela Organiza\u00e7\u00e3o das Na\u00e7\u00f5es Unidas (ONU), visando garantir a prosperidade do planeta e das pessoas.<\/p>\n<p style=\"font-weight: 400;\">Al\u00e9m disso, o documento prev\u00ea um trabalho de fomento ao empreendedorismo inovador. Isso ser\u00e1 realizado por meio da parceria entre institui\u00e7\u00f5es p\u00fablicas e privadas, com o prop\u00f3sito de gerar solu\u00e7\u00f5es para desafios enfrentados e promover a transforma\u00e7\u00e3o digital na regi\u00e3o.<\/p>\n<p style=\"font-weight: 400;\">Acesse o link\u00a0<a href=\"https:\/\/bit.ly\/AgendaEstrategicaChapadaoDoSul\">bit.ly\/AgendaEstrategicaChapadaoDoSul<\/a>\u00a0e confira todas as a\u00e7\u00f5es que ir\u00e3o auxiliar a dinamizar a economia e aumentar a competitividade do munic\u00edpio.<\/p>\n<p>O evento contou com a presen\u00e7a do Presidente da C\u00e2mara Municipal, Airton Tucano, que destacou a import\u00e2ncia da uni\u00e3o de esfor\u00e7os entre os poderes Executivo e Legislativo para tra\u00e7ar os rumos do munic\u00edpio. O vereador Vanderson Cardoso e a vereadora Alline Tontini tamb\u00e9m estiveram presentes, ressaltando a import\u00e2ncia da participa\u00e7\u00e3o da comunidade na constru\u00e7\u00e3o dessa agenda.<\/p>\n<p><img decoding=\"async\" src=\"https:\/\/www.camarachapadaodosul.ms.gov.br\/uploads\/galeria\/img9879.jpg\" alt=\"\" \/><\/p>\n<p>O Prefeito Municipal, Jo\u00e3o Carlos Krug, enfatizou o compromisso da administra\u00e7\u00e3o em ouvir a popula\u00e7\u00e3o e criar estrat\u00e9gias que atendam \u00e0s demandas da cidade. Ele salientou que a Agenda Estrat\u00e9gica ser\u00e1 um guia fundamental para a gest\u00e3o municipal nos pr\u00f3ximos anos.<\/p>\n<p><img decoding=\"async\" src=\"https:\/\/www.camarachapadaodosul.ms.gov.br\/uploads\/galeria\/img9855.jpg\" alt=\"\" \/><\/p>\n<p>O Secret\u00e1rio da SEDEMA (Secretaria Municipal de Desenvolvimento Econ\u00f4mico e Meio Ambiente), Junior Teixeira, apresentou os principais pontos da agenda, que incluem iniciativas nas \u00e1reas de educa\u00e7\u00e3o, sa\u00fade, infraestrutura, meio ambiente, e desenvolvimento econ\u00f4mico.<\/p>\n<p><img decoding=\"async\" src=\"https:\/\/www.camarachapadaodosul.ms.gov.br\/uploads\/galeria\/img9785.jpg\" alt=\"\" \/><\/p>\n<p>O Diretor-Superintendente do Sebrae\/MS, Cl\u00e1udio Mendon\u00e7a, tamb\u00e9m participou do evento e ressaltou a import\u00e2ncia da parceria entre o Sebrae e o munic\u00edpio para fomentar o empreendedorismo local e promover o desenvolvimento econ\u00f4mico sustent\u00e1vel.<\/p>\n<p><img decoding=\"async\" src=\"https:\/\/www.camarachapadaodosul.ms.gov.br\/uploads\/galeria\/img9896.jpg\" alt=\"\" \/><\/p>\n<p>O evento contou ainda com a participa\u00e7\u00e3o dos secret\u00e1rios municipais e tamb\u00e9m do Promotor de Justi\u00e7a Thiago Barile.<\/p>\n<p>A &#8220;Agenda Estrat\u00e9gica do Munic\u00edpio&#8221; \u00e9 o resultado de esfor\u00e7os conjuntos da comunidade, empres\u00e1rios e do poder p\u00fablico, com o prop\u00f3sito de tra\u00e7ar um plano estrat\u00e9gico que promova um futuro mais pr\u00f3spero e sustent\u00e1vel para Chapad\u00e3o do Sul.<\/p>\n<p><img decoding=\"async\" src=\"https:\/\/www.camarachapadaodosul.ms.gov.br\/uploads\/galeria\/img9828.jpg\" alt=\"\" \/><\/p>\n<p>Com informa\u00e7\u00f5es e fotos Assessoria C\u00e2mara Municipal e Prefeitura Municipal<\/p>\n<\/div>\n<\/div>\n<div class=\"col-12\"><\/div>\n<div class=\"col-lg-10 col-sm-12 col-md-12\"><\/div>\n<div class=\"col-12\"><\/div>\n<div class=\"col-12\"><\/div>\n","protected":false},"excerpt":{"rendered":"<p>Na noite desta ter\u00e7a-feira (26), o plen\u00e1rio da C\u00e2mara Municipal de Chapad\u00e3o do Sul foi palco de um evento marcante para o futuro do munic\u00edpio, com o lan\u00e7amento da t\u00e3o aguardada &#8220;Agenda Estrat\u00e9gica de Chapad\u00e3o do Sul&#8221;. A iniciativa reuniu importantes figuras pol\u00edticas e representantes da sociedade local, destacando o compromisso das lideran\u00e7as em direcionar [&hellip;]<\/p>\n","protected":false},"author":4,"featured_media":252725,"comment_status":"closed","ping_status":"closed","sticky":false,"template":"","format":"standard","meta":{"footnotes":""},"categories":[20,23,41],"tags":[],"class_list":["post-252724","post","type-post","status-publish","format-standard","has-post-thumbnail","hentry","category-camara-municipal","category-chapadao-do-sul","category-destaque"],"_links":{"self":[{"href":"https:\/\/www.ocorreionews.com.br\/acervo-correio\/index.php?rest_route=\/wp\/v2\/posts\/252724","targetHints":{"allow":["GET"]}}],"collection":[{"href":"https:\/\/www.ocorreionews.com.br\/acervo-correio\/index.php?rest_route=\/wp\/v2\/posts"}],"about":[{"href":"https:\/\/www.ocorreionews.com.br\/acervo-correio\/index.php?rest_route=\/wp\/v2\/types\/post"}],"author":[{"embeddable":true,"href":"https:\/\/www.ocorreionews.com.br\/acervo-correio\/index.php?rest_route=\/wp\/v2\/users\/4"}],"replies":[{"embeddable":true,"href":"https:\/\/www.ocorreionews.com.br\/acervo-correio\/index.php?rest_route=%2Fwp%2Fv2%2Fcomments&post=252724"}],"version-history":[{"count":5,"href":"https:\/\/www.ocorreionews.com.br\/acervo-correio\/index.php?rest_route=\/wp\/v2\/posts\/252724\/revisions"}],"predecessor-version":[{"id":252750,"href":"https:\/\/www.ocorreionews.com.br\/acervo-correio\/index.php?rest_route=\/wp\/v2\/posts\/252724\/revisions\/252750"}],"wp:featuredmedia":[{"embeddable":true,"href":"https:\/\/www.ocorreionews.com.br\/acervo-correio\/index.php?rest_route=\/wp\/v2\/media\/252725"}],"wp:attachment":[{"href":"https:\/\/www.ocorreionews.com.br\/acervo-correio\/index.php?rest_route=%2Fwp%2Fv2%2Fmedia&parent=252724"}],"wp:term":[{"taxonomy":"category","embeddable":true,"href":"https:\/\/www.ocorreionews.com.br\/acervo-correio\/index.php?rest_route=%2Fwp%2Fv2%2Fcategories&post=252724"},{"taxonomy":"post_tag","embeddable":true,"href":"https:\/\/www.ocorreionews.com.br\/acervo-correio\/index.php?rest_route=%2Fwp%2Fv2%2Ftags&post=252724"}],"curies":[{"name":"wp","href":"https:\/\/api.w.org\/{rel}","templated":true}]}}