{"id":252730,"date":"2023-09-27T14:30:30","date_gmt":"2023-09-27T18:30:30","guid":{"rendered":"https:\/\/www.ocorreionews.com.br\/acervo-correio\/?p=252730"},"modified":"2023-09-27T14:30:30","modified_gmt":"2023-09-27T18:30:30","slug":"falta-de-atencao-ao-sair-com-veiculo-deixa-motociclista-ferida-em-chapadao-do-sul","status":"publish","type":"post","link":"https:\/\/www.ocorreionews.com.br\/acervo-correio\/?p=252730","title":{"rendered":"Falta de aten\u00e7\u00e3o ao sair com ve\u00edculo deixa motociclista ferida em Chapad\u00e3o do Sul."},"content":{"rendered":"<p><span data-contrast=\"auto\">Na tarde desta ter\u00e7a-feira (26), uma mulher ficou ferida ao ter sua moto atingida por um ve\u00edculo que sa\u00eda do acostamento da Avenida Goi\u00e1s em Chapad\u00e3o do Sul.<\/span><span data-ccp-props=\"{&quot;134233117&quot;:false,&quot;134233118&quot;:false,&quot;201341983&quot;:0,&quot;335551550&quot;:1,&quot;335551620&quot;:1,&quot;335559685&quot;:0,&quot;335559737&quot;:0,&quot;335559738&quot;:0,&quot;335559739&quot;:160,&quot;335559740&quot;:259}\">\u00a0<\/span><\/p>\n<p><span data-contrast=\"auto\">Segundo informa\u00e7\u00f5es do Boletim de Ocorr\u00eancia, por volta das 16h, a Pol\u00edcia Militar\u00a0foi acionada para atender uma ocorr\u00eancia de acidente de tr\u00e2nsito na Av. Goi\u00e1s em frente \u00e0 Escola Municipal Cecilia Meireles. <\/span><span data-ccp-props=\"{&quot;134233117&quot;:false,&quot;134233118&quot;:false,&quot;201341983&quot;:0,&quot;335551550&quot;:1,&quot;335551620&quot;:1,&quot;335559685&quot;:0,&quot;335559737&quot;:0,&quot;335559738&quot;:0,&quot;335559739&quot;:160,&quot;335559740&quot;:259}\">\u00a0<\/span><\/p>\n<p><span data-contrast=\"auto\">A v\u00edtima de 45 anos trafegava com sua motocicleta Honda CG\/150 Fan\u00a0pela Av. Goi\u00e1s sentido a Av. Mato Grosso do Sul, quando a autora de 51 anos que conduzia um Ford\/Fiesta estava com seu ve\u00edculo estacionado e ao realizar uma manobra para adentrar na pista de rolamento, veio a colidir com a motocicleta. <\/span><span data-ccp-props=\"{&quot;134233117&quot;:false,&quot;134233118&quot;:false,&quot;201341983&quot;:0,&quot;335551550&quot;:1,&quot;335551620&quot;:1,&quot;335559685&quot;:0,&quot;335559737&quot;:0,&quot;335559738&quot;:0,&quot;335559739&quot;:160,&quot;335559740&quot;:259}\">\u00a0<\/span><\/p>\n<p><span data-contrast=\"auto\">A autora disse que n\u00e3o viu a motocicleta, o sinistro resultou em danos na moto e a v\u00edtima sofreu escoria\u00e7\u00f5es no corpo, onde foi socorrida pelos Bombeiros e sendo posteriormente encaminhada para o Hospital, a v\u00edtima n\u00e3o possu\u00eda CNH e a motocicleta estava com licenciamento vencido sendo removida para o p\u00e1tio do Detran.<\/span><span data-ccp-props=\"{&quot;134233117&quot;:false,&quot;134233118&quot;:false,&quot;201341983&quot;:0,&quot;335551550&quot;:1,&quot;335551620&quot;:1,&quot;335559685&quot;:0,&quot;335559737&quot;:0,&quot;335559738&quot;:0,&quot;335559739&quot;:160,&quot;335559740&quot;:259}\">\u00a0<\/span><\/p>\n","protected":false},"excerpt":{"rendered":"<p>Na tarde desta ter\u00e7a-feira (26), uma mulher ficou ferida ao ter sua moto atingida por um ve\u00edculo que sa\u00eda do acostamento da Avenida Goi\u00e1s em Chapad\u00e3o do Sul.\u00a0 Segundo informa\u00e7\u00f5es do Boletim de Ocorr\u00eancia, por volta das 16h, a Pol\u00edcia Militar\u00a0foi acionada para atender uma ocorr\u00eancia de acidente de tr\u00e2nsito na Av. Goi\u00e1s em frente [&hellip;]<\/p>\n","protected":false},"author":5,"featured_media":252732,"comment_status":"closed","ping_status":"closed","sticky":false,"template":"","format":"standard","meta":{"footnotes":""},"categories":[23,38],"tags":[],"class_list":["post-252730","post","type-post","status-publish","format-standard","has-post-thumbnail","hentry","category-chapadao-do-sul","category-policia"],"_links":{"self":[{"href":"https:\/\/www.ocorreionews.com.br\/acervo-correio\/index.php?rest_route=\/wp\/v2\/posts\/252730","targetHints":{"allow":["GET"]}}],"collection":[{"href":"https:\/\/www.ocorreionews.com.br\/acervo-correio\/index.php?rest_route=\/wp\/v2\/posts"}],"about":[{"href":"https:\/\/www.ocorreionews.com.br\/acervo-correio\/index.php?rest_route=\/wp\/v2\/types\/post"}],"author":[{"embeddable":true,"href":"https:\/\/www.ocorreionews.com.br\/acervo-correio\/index.php?rest_route=\/wp\/v2\/users\/5"}],"replies":[{"embeddable":true,"href":"https:\/\/www.ocorreionews.com.br\/acervo-correio\/index.php?rest_route=%2Fwp%2Fv2%2Fcomments&post=252730"}],"version-history":[{"count":1,"href":"https:\/\/www.ocorreionews.com.br\/acervo-correio\/index.php?rest_route=\/wp\/v2\/posts\/252730\/revisions"}],"predecessor-version":[{"id":252733,"href":"https:\/\/www.ocorreionews.com.br\/acervo-correio\/index.php?rest_route=\/wp\/v2\/posts\/252730\/revisions\/252733"}],"wp:featuredmedia":[{"embeddable":true,"href":"https:\/\/www.ocorreionews.com.br\/acervo-correio\/index.php?rest_route=\/wp\/v2\/media\/252732"}],"wp:attachment":[{"href":"https:\/\/www.ocorreionews.com.br\/acervo-correio\/index.php?rest_route=%2Fwp%2Fv2%2Fmedia&parent=252730"}],"wp:term":[{"taxonomy":"category","embeddable":true,"href":"https:\/\/www.ocorreionews.com.br\/acervo-correio\/index.php?rest_route=%2Fwp%2Fv2%2Fcategories&post=252730"},{"taxonomy":"post_tag","embeddable":true,"href":"https:\/\/www.ocorreionews.com.br\/acervo-correio\/index.php?rest_route=%2Fwp%2Fv2%2Ftags&post=252730"}],"curies":[{"name":"wp","href":"https:\/\/api.w.org\/{rel}","templated":true}]}}