{"id":252744,"date":"2023-09-27T15:32:46","date_gmt":"2023-09-27T19:32:46","guid":{"rendered":"https:\/\/www.ocorreionews.com.br\/acervo-correio\/?p=252744"},"modified":"2023-09-27T15:32:46","modified_gmt":"2023-09-27T19:32:46","slug":"prefeitura-de-chapadao-do-sul-promove-1o-concurso-de-educacao-ambiental-para-estudantes-da-rede-municipal","status":"publish","type":"post","link":"https:\/\/www.ocorreionews.com.br\/acervo-correio\/?p=252744","title":{"rendered":"Prefeitura de Chapad\u00e3o do Sul promove 1\u00ba Concurso de Educa\u00e7\u00e3o Ambiental para Estudantes da rede municipal"},"content":{"rendered":"<p style=\"font-weight: 400;\">A Prefeitura de Chapad\u00e3o do Sul, atrav\u00e9s da colabora\u00e7\u00e3o da Secretaria de Desenvolvimento Econ\u00f4mico e Meio Ambiente (SEDEMA) e da Secretaria Municipal de Educa\u00e7\u00e3o e Cultura, em parceria com o Instituto SLC, CampoVita e Gr\u00e1fica Mais Brasil, est\u00e1 entusiasmadamente promovendo o 1\u00ba Concurso de Educa\u00e7\u00e3o Ambiental na Rede Municipal de Ensino. Este evento de destaque tem como objetivo primordial estimular a conscientiza\u00e7\u00e3o e o engajamento dos estudantes na conserva\u00e7\u00e3o do meio ambiente, buscando identificar e celebrar ideias inovadoras dos jovens sobre a promo\u00e7\u00e3o da sustentabilidade em Chapad\u00e3o do Sul.<\/p>\n<p style=\"font-weight: 400;\">Reconhecendo as ideias dos estudantes sobre o Meio Ambiente e a promo\u00e7\u00e3o da Sustentabilidade em Chapad\u00e3o do Sul&#8221;, essa iniciativa visa envolver alunos de diversas faixas et\u00e1rias, proporcionando-lhes uma compreens\u00e3o mais profunda acerca da import\u00e2ncia da coleta seletiva e da preserva\u00e7\u00e3o ambiental.<\/p>\n<p style=\"font-weight: 400;\">O concurso \u00e9 estruturado em duas categorias, abrangendo estudantes do 1\u00ba ao 9\u00ba ano das escolas municipais. Para os alunos do 6\u00ba ao 9\u00ba ano, o desafio consiste em responder \u00e0 pergunta &#8220;Como Posso Melhorar o Meio Ambiente da Minha Cidade?&#8221; por meio de uma reda\u00e7\u00e3o. J\u00e1 os estudantes do 1\u00ba ao 5\u00ba ano s\u00e3o convidados a participar da categoria de cria\u00e7\u00e3o de v\u00eddeo intitulada &#8220;Minha Coleta Seletiva&#8221;, onde podem expressar visualmente suas perspectivas sobre a coleta seletiva e seu impacto positivo no planeta.<\/p>\n<p style=\"font-weight: 400;\">Cada escola ter\u00e1 a oportunidade de premiar as tr\u00eas melhores reda\u00e7\u00f5es e os tr\u00eas v\u00eddeos mais criativos. Al\u00e9m do reconhecimento, os vencedores ser\u00e3o agraciados com pr\u00eamios emocionantes, incluindo bicicletas, visitas \u00e0 SLC Agr\u00edcola e CampoVita de Chapad\u00e3o do Sul com direito a acompanhantes, trof\u00e9us e at\u00e9 fones de ouvido.<\/p>\n<p style=\"font-weight: 400;\">Jos\u00e9 Teixeira J\u00fanior, Secret\u00e1rio Municipal da SEDEMA, enfatiza a import\u00e2ncia da educa\u00e7\u00e3o ambiental na comunidade, destacando que ela n\u00e3o apenas promove a conscientiza\u00e7\u00e3o, mas tamb\u00e9m incentiva a participa\u00e7\u00e3o da comunidade nas iniciativas da administra\u00e7\u00e3o local. O cuidado com o meio ambiente \u00e9 fundamental para a qualidade de vida de todos e, portanto, \u00e9 uma responsabilidade coletiva que todos devemos abra\u00e7ar.<\/p>\n<p style=\"font-weight: 400;\">A solenidade de entrega dos pr\u00eamios est\u00e1 marcada para o dia 18 de outubro \u00e0s 18h30, hor\u00e1rio de Mato Grosso do Sul, em um evento grandioso que tamb\u00e9m premiar\u00e1 empresas inovadoras no campo da sustentabilidade. O evento contar\u00e1 com uma palestra inspiradora de Marcos Piangers, um emocionante show com Chic\u00e3o Castro e uma deliciosa Pra\u00e7a de alimenta\u00e7\u00e3o. Os projetos de Educa\u00e7\u00e3o Ambiental ser\u00e3o reconhecidos, e os alunos destaque ser\u00e3o celebrados por seu comprometimento com a causa.<\/p>\n<p style=\"font-weight: 400;\">As inscri\u00e7\u00f5es est\u00e3o abertas exclusivamente para Institui\u00e7\u00f5es P\u00fablicas Municipais de Ensino de Chapad\u00e3o do Sul, MS. Alunos do 1\u00ba ao 5\u00ba ano podem participar da categoria &#8220;V\u00eddeo da Minha Coleta Seletiva&#8221;, enquanto alunos do 6\u00ba ao 9\u00ba ano s\u00e3o eleg\u00edveis para a categoria &#8220;Reda\u00e7\u00e3o: Como Posso Melhorar o Meio Ambiente da Minha Cidade?&#8221;.<\/p>\n<p style=\"font-weight: 400;\">Ao unir esfor\u00e7os entre as institui\u00e7\u00f5es de ensino e os setores p\u00fablico e privado, o objetivo \u00e9 alcan\u00e7ar um p\u00fablico amplo e difundir a mensagem de que todos fazem parte do ecossistema e compartilham a responsabilidade pelo seu bem-estar. A participa\u00e7\u00e3o dos estudantes, familiares e amigos \u00e9 incentivada, promovendo o envolvimento de toda a comunidade na constru\u00e7\u00e3o de um futuro mais sustent\u00e1vel para Chapad\u00e3o do Sul.<\/p>\n<p style=\"font-weight: 400;\">Para obter mais informa\u00e7\u00f5es, entre em contato com a equipe do departamento de Meio Ambiente da SEDEMA pelo Whatsapp:\u00a0<a href=\"http:\/\/wa.me\/556799878600\">http:\/\/wa.me\/556799878600<\/a>\u00a0ou visite-nos presencialmente na SEDEMA, localizada na Avenida Onze, 1045, Centro. A sua participa\u00e7\u00e3o \u00e9 fundamental para tornar este concurso um sucesso e contribuir para um futuro mais verde e consciente em nossa cidade.<\/p>\n<p><img loading=\"lazy\" decoding=\"async\" class=\"alignnone size-full wp-image-252745\" src=\"https:\/\/www.ocorreionews.com.br\/acervo-correio\/wp-content\/uploads\/2023\/09\/concurso-ambiental.jpg\" alt=\"\" width=\"800\" height=\"533\" srcset=\"https:\/\/www.ocorreionews.com.br\/acervo-correio\/wp-content\/uploads\/2023\/09\/concurso-ambiental.jpg 800w, https:\/\/www.ocorreionews.com.br\/acervo-correio\/wp-content\/uploads\/2023\/09\/concurso-ambiental-300x200.jpg 300w, https:\/\/www.ocorreionews.com.br\/acervo-correio\/wp-content\/uploads\/2023\/09\/concurso-ambiental-768x512.jpg 768w\" sizes=\"auto, (max-width: 800px) 100vw, 800px\" \/><\/p>\n<p>&nbsp;<\/p>\n<p>*Assecom PMCS<\/p>\n","protected":false},"excerpt":{"rendered":"<p>A Prefeitura de Chapad\u00e3o do Sul, atrav\u00e9s da colabora\u00e7\u00e3o da Secretaria de Desenvolvimento Econ\u00f4mico e Meio Ambiente (SEDEMA) e da Secretaria Municipal de Educa\u00e7\u00e3o e Cultura, em parceria com o Instituto SLC, CampoVita e Gr\u00e1fica Mais Brasil, est\u00e1 entusiasmadamente promovendo o 1\u00ba Concurso de Educa\u00e7\u00e3o Ambiental na Rede Municipal de Ensino. Este evento de destaque [&hellip;]<\/p>\n","protected":false},"author":5,"featured_media":252745,"comment_status":"closed","ping_status":"closed","sticky":false,"template":"","format":"standard","meta":{"footnotes":""},"categories":[23],"tags":[],"class_list":["post-252744","post","type-post","status-publish","format-standard","has-post-thumbnail","hentry","category-chapadao-do-sul"],"_links":{"self":[{"href":"https:\/\/www.ocorreionews.com.br\/acervo-correio\/index.php?rest_route=\/wp\/v2\/posts\/252744","targetHints":{"allow":["GET"]}}],"collection":[{"href":"https:\/\/www.ocorreionews.com.br\/acervo-correio\/index.php?rest_route=\/wp\/v2\/posts"}],"about":[{"href":"https:\/\/www.ocorreionews.com.br\/acervo-correio\/index.php?rest_route=\/wp\/v2\/types\/post"}],"author":[{"embeddable":true,"href":"https:\/\/www.ocorreionews.com.br\/acervo-correio\/index.php?rest_route=\/wp\/v2\/users\/5"}],"replies":[{"embeddable":true,"href":"https:\/\/www.ocorreionews.com.br\/acervo-correio\/index.php?rest_route=%2Fwp%2Fv2%2Fcomments&post=252744"}],"version-history":[{"count":1,"href":"https:\/\/www.ocorreionews.com.br\/acervo-correio\/index.php?rest_route=\/wp\/v2\/posts\/252744\/revisions"}],"predecessor-version":[{"id":252746,"href":"https:\/\/www.ocorreionews.com.br\/acervo-correio\/index.php?rest_route=\/wp\/v2\/posts\/252744\/revisions\/252746"}],"wp:featuredmedia":[{"embeddable":true,"href":"https:\/\/www.ocorreionews.com.br\/acervo-correio\/index.php?rest_route=\/wp\/v2\/media\/252745"}],"wp:attachment":[{"href":"https:\/\/www.ocorreionews.com.br\/acervo-correio\/index.php?rest_route=%2Fwp%2Fv2%2Fmedia&parent=252744"}],"wp:term":[{"taxonomy":"category","embeddable":true,"href":"https:\/\/www.ocorreionews.com.br\/acervo-correio\/index.php?rest_route=%2Fwp%2Fv2%2Fcategories&post=252744"},{"taxonomy":"post_tag","embeddable":true,"href":"https:\/\/www.ocorreionews.com.br\/acervo-correio\/index.php?rest_route=%2Fwp%2Fv2%2Ftags&post=252744"}],"curies":[{"name":"wp","href":"https:\/\/api.w.org\/{rel}","templated":true}]}}