{"id":252747,"date":"2023-09-27T16:03:41","date_gmt":"2023-09-27T20:03:41","guid":{"rendered":"https:\/\/www.ocorreionews.com.br\/acervo-correio\/?p=252747"},"modified":"2023-09-27T17:09:18","modified_gmt":"2023-09-27T21:09:18","slug":"pedido-de-ajuda-morada-de-chapadao-do-sul-cria-vaquinha-online-para-o-tratamento-do-filho-que-esta-perdendo-a-audicao","status":"publish","type":"post","link":"https:\/\/www.ocorreionews.com.br\/acervo-correio\/?p=252747","title":{"rendered":"Pedido de Ajuda: Morada de Chapad\u00e3o do Sul cria \u201cVaquinha Online\u201d para o tratamento do filho que est\u00e1 perdendo a audi\u00e7\u00e3o"},"content":{"rendered":"<p><span data-contrast=\"auto\">A moradora de Chapad\u00e3o do Sul, Lucimonica Petinelli de Sousa, m\u00e3e do Luan Rafael Petinelli de apenas 9 anos, criou uma \u201cVaquinha Online\u201d para ajud\u00e1-la arrecadar recursos para o tratamento do seu filho que est\u00e1 perdendo a audi\u00e7\u00e3o depois de diagnosticado com Otite m\u00e9dia Aguda nos dois ouvidos, e perfurou os t\u00edmpanos.<\/span><span data-ccp-props=\"{&quot;201341983&quot;:0,&quot;335559739&quot;:160,&quot;335559740&quot;:259}\">\u00a0<\/span><\/p>\n<p><span data-contrast=\"auto\">Em conversa com nossa reportagem, Lucimonica informou que seu filho tem apenas 5% da audi\u00e7\u00e3o nos ouvidos, os\u00a0rem\u00e9dios n\u00e3o t\u00eam pelo SUS e nem os exames que ele precisa fazer e ela n\u00e3o tem recursos financeiros para pagar o tratamento.<\/span><span data-ccp-props=\"{&quot;201341983&quot;:0,&quot;335559739&quot;:160,&quot;335559740&quot;:259}\">\u00a0<\/span><\/p>\n<p><span data-contrast=\"auto\">A m\u00e3e de Luan fica ainda mais desesperada, pois ele sente muitas dores, e tem noites que n\u00e3o conseguem dormir por causa das dores que a crian\u00e7a sente, e ela n\u00e3o ter o dinheiro para comprar os rem\u00e9dios.<\/span><span data-ccp-props=\"{&quot;201341983&quot;:0,&quot;335559739&quot;:160,&quot;335559740&quot;:259}\">\u00a0<\/span><\/p>\n<p><a href=\"https:\/\/www.vakinha.com.br\/vaquinha\/remedios-e-exames-pra-cirurgia-do-ouvido-do-luan-rafael\"><b><span data-contrast=\"auto\">Voc\u00ea pode ajudar o Luan doando qualquer valor atrav\u00e9s acessando aqui na \u201cVaquinha Online\u201d<\/span><\/b><span data-ccp-props=\"{&quot;201341983&quot;:0,&quot;335559739&quot;:160,&quot;335559740&quot;:259}\"> .<\/span><\/a>Ou entrar em contato com a Lucimonica atrav\u00e9s do WhatsApp (67)98177-6673.<\/p>\n<p><span class=\"TextRun SCXW215150605 BCX0\" lang=\"PT-BR\" xml:lang=\"PT-BR\" data-contrast=\"auto\"><span class=\"NormalTextRun SCXW215150605 BCX0\">O valor que a m\u00e3e est\u00e1 precisando \u00e9 para <\/span><span class=\"NormalTextRun SCXW215150605 BCX0\">rem\u00e9dios<\/span><span class=\"NormalTextRun SCXW215150605 BCX0\"> e custos da cirurgia<\/span><\/span><span class=\"EOP SCXW215150605 BCX0\" data-ccp-props=\"{&quot;201341983&quot;:0,&quot;335559739&quot;:160,&quot;335559740&quot;:259}\"> .<\/span><\/p>\n<p><span data-contrast=\"auto\">Ainda segunda Lucimonica, com o tratamento e a cirurgia o pequeno Luan poder\u00e1 voltar a ter uma audi\u00e7\u00e3o normal. No m\u00eas de novembro Luan tem uma consulta agendada em Campo Grande.<\/span><span data-ccp-props=\"{&quot;201341983&quot;:0,&quot;335559739&quot;:160,&quot;335559740&quot;:259}\">\u00a0<\/span><\/p>\n","protected":false},"excerpt":{"rendered":"<p>A moradora de Chapad\u00e3o do Sul, Lucimonica Petinelli de Sousa, m\u00e3e do Luan Rafael Petinelli de apenas 9 anos, criou uma \u201cVaquinha Online\u201d para ajud\u00e1-la arrecadar recursos para o tratamento do seu filho que est\u00e1 perdendo a audi\u00e7\u00e3o depois de diagnosticado com Otite m\u00e9dia Aguda nos dois ouvidos, e perfurou os t\u00edmpanos.\u00a0 Em conversa com [&hellip;]<\/p>\n","protected":false},"author":5,"featured_media":252748,"comment_status":"closed","ping_status":"closed","sticky":false,"template":"","format":"standard","meta":{"footnotes":""},"categories":[23],"tags":[],"class_list":["post-252747","post","type-post","status-publish","format-standard","has-post-thumbnail","hentry","category-chapadao-do-sul"],"_links":{"self":[{"href":"https:\/\/www.ocorreionews.com.br\/acervo-correio\/index.php?rest_route=\/wp\/v2\/posts\/252747","targetHints":{"allow":["GET"]}}],"collection":[{"href":"https:\/\/www.ocorreionews.com.br\/acervo-correio\/index.php?rest_route=\/wp\/v2\/posts"}],"about":[{"href":"https:\/\/www.ocorreionews.com.br\/acervo-correio\/index.php?rest_route=\/wp\/v2\/types\/post"}],"author":[{"embeddable":true,"href":"https:\/\/www.ocorreionews.com.br\/acervo-correio\/index.php?rest_route=\/wp\/v2\/users\/5"}],"replies":[{"embeddable":true,"href":"https:\/\/www.ocorreionews.com.br\/acervo-correio\/index.php?rest_route=%2Fwp%2Fv2%2Fcomments&post=252747"}],"version-history":[{"count":2,"href":"https:\/\/www.ocorreionews.com.br\/acervo-correio\/index.php?rest_route=\/wp\/v2\/posts\/252747\/revisions"}],"predecessor-version":[{"id":252751,"href":"https:\/\/www.ocorreionews.com.br\/acervo-correio\/index.php?rest_route=\/wp\/v2\/posts\/252747\/revisions\/252751"}],"wp:featuredmedia":[{"embeddable":true,"href":"https:\/\/www.ocorreionews.com.br\/acervo-correio\/index.php?rest_route=\/wp\/v2\/media\/252748"}],"wp:attachment":[{"href":"https:\/\/www.ocorreionews.com.br\/acervo-correio\/index.php?rest_route=%2Fwp%2Fv2%2Fmedia&parent=252747"}],"wp:term":[{"taxonomy":"category","embeddable":true,"href":"https:\/\/www.ocorreionews.com.br\/acervo-correio\/index.php?rest_route=%2Fwp%2Fv2%2Fcategories&post=252747"},{"taxonomy":"post_tag","embeddable":true,"href":"https:\/\/www.ocorreionews.com.br\/acervo-correio\/index.php?rest_route=%2Fwp%2Fv2%2Ftags&post=252747"}],"curies":[{"name":"wp","href":"https:\/\/api.w.org\/{rel}","templated":true}]}}