{"id":252766,"date":"2023-09-28T07:35:19","date_gmt":"2023-09-28T11:35:19","guid":{"rendered":"https:\/\/www.ocorreionews.com.br\/acervo-correio\/?p=252766"},"modified":"2023-09-28T07:35:19","modified_gmt":"2023-09-28T11:35:19","slug":"prf-sera-mantida-em-paranaiba-mesmo-apos-estadualizacao-da-br-158","status":"publish","type":"post","link":"https:\/\/www.ocorreionews.com.br\/acervo-correio\/?p=252766","title":{"rendered":"PRF ser\u00e1 mantida em Parana\u00edba mesmo ap\u00f3s estadualiza\u00e7\u00e3o da BR-158"},"content":{"rendered":"<div>Posto da Pol\u00edcia Rodovi\u00e1ria Federal (PRF) na BR-158, em Parana\u00edba, ser\u00e1 mantido e continuar\u00e1 atuando contra o tr\u00e1fico de drogas na regi\u00e3o do Bols\u00e3o.<\/p>\n<p>Havia especula\u00e7\u00f5es de que o posto policial fosse retirado do local pois a BR-158 \u00e9 uma rodovia federal, mas, foi concedida ao Governo do Estado, portanto, se tornou uma rodovia estadual.<\/p>\n<p>Vale ressaltar que rodovias federais possuem postos da Pol\u00edcia Rodovi\u00e1ria Federal (PRF) e rodovias estaduais possem postos da Pol\u00edcia Militar Rodovi\u00e1ria (PMR). Portanto, seria contradit\u00f3rio um posto da PRF em uma rodovia estadual.<\/p>\n<p>Mas, neste caso, o posto da PRF na BR-158, em Parana\u00edba, \u00e9 extremamente importante no combate ao tr\u00e1fico de drogas, que sai da fronteira Brasil\/Paraguai\/Bol\u00edvia, com destino aos grandes centros.<\/p>\n<p>O deputado federal Vander Loubet (PT) e o vereador Andrew Robalinho (MDB) reconheceram a import\u00e2ncia do posto policial contra o tr\u00e1fico e acionaram o Minist\u00e9rio da Justi\u00e7a e Seguran\u00e7a P\u00fablica (MJSP) reivindicando a perman\u00eancia da base da PRF na BR-158, em Parana\u00edba, no trecho que liga Cassil\u00e2ndia a Aparecida do Taboado.<\/p>\n<p>Em resposta do MJSP ao deputado, o Grupo Way Brasil, respons\u00e1vel por administrar a BR-158, ficar\u00e1 encarregado pela manuten\u00e7\u00e3o vi\u00e1ria, melhorias de tr\u00e1fego e capacidade rodovi\u00e1ria. Por\u00e9m, a concess\u00e3o n\u00e3o prev\u00ea a retirada da PRF, a qual continuar\u00e1 atuando na seguran\u00e7a vi\u00e1ria, preven\u00e7\u00e3o e combate ao crime, dentre outras atribui\u00e7\u00f5es que lhe competem.<\/p>\n<p>De acordo com o MJSP, est\u00e1 em andamento a celebra\u00e7\u00e3o de conv\u00eanio entre a Superintend\u00eancia da PRF em MS e a concession\u00e1ria, com o objetivo de regular a utiliza\u00e7\u00e3o e opera\u00e7\u00e3o da verba destinada \u00e0 Pol\u00edcia Rodovi\u00e1ria Federal, destinada ao aparelhamento necess\u00e1rio \u00e0 execu\u00e7\u00e3o dos servi\u00e7os de policiamento e apoio \u00e0 fiscaliza\u00e7\u00e3o do tr\u00e1fego.<\/p>\n<p>&#8220;A PRF tem feito um \u00f3timo trabalho no Bols\u00e3o e em todo o estado. Conseguimos controlar a entrada e sa\u00edda de ve\u00edculos e cargas que vem do Paraguai e Bol\u00edvia e que adentram o nosso pa\u00eds. Da\u00ed a import\u00e2ncia da manuten\u00e7\u00e3o dessa base&#8221;, afirmou o deputado federal.<\/p>\n<p>Parana\u00edba \u00e9 um munic\u00edpio localizado na regi\u00e3o leste de Mato Grosso do Sul, situado a 400 quil\u00f4metros de Campo Grande e a 700 quil\u00f4metros da fronteira Brasil\/Paraguai\/Bol\u00edvia. Faz divisa com os estados de Minas Gerais, S\u00e3o Paulo e Goi\u00e1s. \u00c9 conhecida como \u201cCapital do Bols\u00e3o\u201d.<\/p>\n<p><strong>APREENS\u00d5ES<\/strong><\/p>\n<p>Agentes da Pol\u00edcia Rodovi\u00e1ria Federal (PRF) interceptaram 1.853 kg de entorpecentes, em v\u00e1rias apreens\u00f5es durante o ano, no posto policial de Parana\u00edba, na BR-158. Veja:<\/p><\/div>\n<ul>\n<li>Primeira apreens\u00e3o \u2013 PRF apreendeu 217 kg de entorpecentes, no dia 13 de mar\u00e7o, em Parana\u00edba.<\/li>\n<li>Segunda apreens\u00e3o \u2013 PRF apreendeu 484 kg de coca\u00edna em meio a um carregamento de carne resfriada, no dia 25 de abril de 2023, em Parana\u00edba.<\/li>\n<li>Terceira apreens\u00e3o \u2013 PRF apreendeu 393 de pasta base de coca\u00edna, no dia 22 de maio de 2023, em Parana\u00edba.<\/li>\n<li>Quarta apreens\u00e3o \u2013 PRF apreendeu 180 kg de entorpecente, no dias 18 de junho, em Parana\u00edba.<\/li>\n<li>Quinta apreens\u00e3o \u2013 PRF apreendeu 431 kg de coca\u00edna em 28 de julho de 2023, em Parana\u00edba.<\/li>\n<li>Sexta apreens\u00e3o \u2013 PRF apreendeu 148 kg de pasta base de coca\u00edna, no dia 10 de agosto de 2023, em Parana\u00edba<\/li>\n<li>Midiamax<\/li>\n<\/ul>\n","protected":false},"excerpt":{"rendered":"<p>Posto da Pol\u00edcia Rodovi\u00e1ria Federal (PRF) na BR-158, em Parana\u00edba, ser\u00e1 mantido e continuar\u00e1 atuando contra o tr\u00e1fico de drogas na regi\u00e3o do Bols\u00e3o. Havia especula\u00e7\u00f5es de que o posto policial fosse retirado do local pois a BR-158 \u00e9 uma rodovia federal, mas, foi concedida ao Governo do Estado, portanto, se tornou uma rodovia estadual. [&hellip;]<\/p>\n","protected":false},"author":4,"featured_media":252767,"comment_status":"closed","ping_status":"closed","sticky":false,"template":"","format":"standard","meta":{"footnotes":""},"categories":[38],"tags":[],"class_list":["post-252766","post","type-post","status-publish","format-standard","has-post-thumbnail","hentry","category-policia"],"_links":{"self":[{"href":"https:\/\/www.ocorreionews.com.br\/acervo-correio\/index.php?rest_route=\/wp\/v2\/posts\/252766","targetHints":{"allow":["GET"]}}],"collection":[{"href":"https:\/\/www.ocorreionews.com.br\/acervo-correio\/index.php?rest_route=\/wp\/v2\/posts"}],"about":[{"href":"https:\/\/www.ocorreionews.com.br\/acervo-correio\/index.php?rest_route=\/wp\/v2\/types\/post"}],"author":[{"embeddable":true,"href":"https:\/\/www.ocorreionews.com.br\/acervo-correio\/index.php?rest_route=\/wp\/v2\/users\/4"}],"replies":[{"embeddable":true,"href":"https:\/\/www.ocorreionews.com.br\/acervo-correio\/index.php?rest_route=%2Fwp%2Fv2%2Fcomments&post=252766"}],"version-history":[{"count":2,"href":"https:\/\/www.ocorreionews.com.br\/acervo-correio\/index.php?rest_route=\/wp\/v2\/posts\/252766\/revisions"}],"predecessor-version":[{"id":252769,"href":"https:\/\/www.ocorreionews.com.br\/acervo-correio\/index.php?rest_route=\/wp\/v2\/posts\/252766\/revisions\/252769"}],"wp:featuredmedia":[{"embeddable":true,"href":"https:\/\/www.ocorreionews.com.br\/acervo-correio\/index.php?rest_route=\/wp\/v2\/media\/252767"}],"wp:attachment":[{"href":"https:\/\/www.ocorreionews.com.br\/acervo-correio\/index.php?rest_route=%2Fwp%2Fv2%2Fmedia&parent=252766"}],"wp:term":[{"taxonomy":"category","embeddable":true,"href":"https:\/\/www.ocorreionews.com.br\/acervo-correio\/index.php?rest_route=%2Fwp%2Fv2%2Fcategories&post=252766"},{"taxonomy":"post_tag","embeddable":true,"href":"https:\/\/www.ocorreionews.com.br\/acervo-correio\/index.php?rest_route=%2Fwp%2Fv2%2Ftags&post=252766"}],"curies":[{"name":"wp","href":"https:\/\/api.w.org\/{rel}","templated":true}]}}