{"id":252772,"date":"2023-09-28T07:39:23","date_gmt":"2023-09-28T11:39:23","guid":{"rendered":"https:\/\/www.ocorreionews.com.br\/acervo-correio\/?p=252772"},"modified":"2023-09-28T07:39:23","modified_gmt":"2023-09-28T11:39:23","slug":"a-primeira-caminhada-movimenta-chapadao-acontece-neste-sabado","status":"publish","type":"post","link":"https:\/\/www.ocorreionews.com.br\/acervo-correio\/?p=252772","title":{"rendered":"A Primeira Caminhada Movimenta Chapad\u00e3o acontece neste s\u00e1bado"},"content":{"rendered":"<p>O Executivo Municipal atrav\u00e9s da Secret\u00e1ria de Sa\u00fade por meio da Academia da Sa\u00fade, em parceria com a ACE (Associa\u00e7\u00e3o Comercial Empresarial), convida toda popula\u00e7\u00e3o sul-chapadense a participar da Primeira Caminhada \u2013 \u201cMovimenta Chapad\u00e3o\u201d, que ocorrer\u00e1 no pr\u00f3ximo s\u00e1bado, dia 30 de setembro, com in\u00edcio \u00e0s 16h.<\/p>\n<p>Esse projeto tem como objetivo incentivar a popula\u00e7\u00e3o sul-chapadense a se exercitar e abandonar o sedentarismo, estimulando as pessoas \u00e0 terem h\u00e1bitos mais saud\u00e1veis e destacando a atividade f\u00edsica como um desempenho excepcional para a melhora da sa\u00fade f\u00edsica e mental. Al\u00e9m disso, o evento contar\u00e1 com atra\u00e7\u00f5es musicais como o Projeto M\u00fasica e Arte, apresenta\u00e7\u00f5es de atividades realizadas no CAPS (Centro de Aten\u00e7\u00e3o Psicossocial), sorteio de brindes e muito mais.<\/p>\n<p>Durante o evento, estar\u00e1 presente a equipe de apoio da Sa\u00fade formado por profissionais especializados, orientando e disponibilizando o suporte necess\u00e1rio para os participantes. O ponto de sa\u00edda ser\u00e1 na Pra\u00e7a de Eventos localizado na Avenida Onze.<\/p>\n<p><a href=\"https:\/\/docs.google.com\/forms\/d\/e\/1FAIpQLSfgmeOr5Qcu-hWG1CU2HVLbROKlLDQEAzmR7l98N5haWioo6Q\/viewform\" target=\"_blank\" rel=\"noreferrer noopener\">Clique aqui<\/a>\u00a0para fazer sua inscri\u00e7\u00e3o. N\u00e3o perca! Venha participar e cuidar da sua sa\u00fade.<\/p>\n<p><em>Fonte: Assecom PMCHS<\/em><\/p>\n","protected":false},"excerpt":{"rendered":"<p>O Executivo Municipal atrav\u00e9s da Secret\u00e1ria de Sa\u00fade por meio da Academia da Sa\u00fade, em parceria com a ACE (Associa\u00e7\u00e3o Comercial Empresarial), convida toda popula\u00e7\u00e3o sul-chapadense a participar da Primeira Caminhada \u2013 \u201cMovimenta Chapad\u00e3o\u201d, que ocorrer\u00e1 no pr\u00f3ximo s\u00e1bado, dia 30 de setembro, com in\u00edcio \u00e0s 16h. Esse projeto tem como objetivo incentivar a popula\u00e7\u00e3o [&hellip;]<\/p>\n","protected":false},"author":4,"featured_media":252773,"comment_status":"closed","ping_status":"closed","sticky":false,"template":"","format":"standard","meta":{"footnotes":""},"categories":[23],"tags":[],"class_list":["post-252772","post","type-post","status-publish","format-standard","has-post-thumbnail","hentry","category-chapadao-do-sul"],"_links":{"self":[{"href":"https:\/\/www.ocorreionews.com.br\/acervo-correio\/index.php?rest_route=\/wp\/v2\/posts\/252772","targetHints":{"allow":["GET"]}}],"collection":[{"href":"https:\/\/www.ocorreionews.com.br\/acervo-correio\/index.php?rest_route=\/wp\/v2\/posts"}],"about":[{"href":"https:\/\/www.ocorreionews.com.br\/acervo-correio\/index.php?rest_route=\/wp\/v2\/types\/post"}],"author":[{"embeddable":true,"href":"https:\/\/www.ocorreionews.com.br\/acervo-correio\/index.php?rest_route=\/wp\/v2\/users\/4"}],"replies":[{"embeddable":true,"href":"https:\/\/www.ocorreionews.com.br\/acervo-correio\/index.php?rest_route=%2Fwp%2Fv2%2Fcomments&post=252772"}],"version-history":[{"count":1,"href":"https:\/\/www.ocorreionews.com.br\/acervo-correio\/index.php?rest_route=\/wp\/v2\/posts\/252772\/revisions"}],"predecessor-version":[{"id":252774,"href":"https:\/\/www.ocorreionews.com.br\/acervo-correio\/index.php?rest_route=\/wp\/v2\/posts\/252772\/revisions\/252774"}],"wp:featuredmedia":[{"embeddable":true,"href":"https:\/\/www.ocorreionews.com.br\/acervo-correio\/index.php?rest_route=\/wp\/v2\/media\/252773"}],"wp:attachment":[{"href":"https:\/\/www.ocorreionews.com.br\/acervo-correio\/index.php?rest_route=%2Fwp%2Fv2%2Fmedia&parent=252772"}],"wp:term":[{"taxonomy":"category","embeddable":true,"href":"https:\/\/www.ocorreionews.com.br\/acervo-correio\/index.php?rest_route=%2Fwp%2Fv2%2Fcategories&post=252772"},{"taxonomy":"post_tag","embeddable":true,"href":"https:\/\/www.ocorreionews.com.br\/acervo-correio\/index.php?rest_route=%2Fwp%2Fv2%2Ftags&post=252772"}],"curies":[{"name":"wp","href":"https:\/\/api.w.org\/{rel}","templated":true}]}}