{"id":252831,"date":"2023-09-28T14:28:04","date_gmt":"2023-09-28T18:28:04","guid":{"rendered":"https:\/\/www.ocorreionews.com.br\/acervo-correio\/?p=252831"},"modified":"2023-09-29T08:41:18","modified_gmt":"2023-09-29T12:41:18","slug":"mato-grosso-do-sul-bate-recorde-de-consumo-de-energia-durante-3-dias-da-onda-de-calor","status":"publish","type":"post","link":"https:\/\/www.ocorreionews.com.br\/acervo-correio\/?p=252831","title":{"rendered":"Mato Grosso do Sul bate recorde de consumo de energia durante 3 dias da onda de calor"},"content":{"rendered":"<div class=\"elementor-element elementor-element-33095f69 elementor-widget elementor-widget-theme-post-content\" data-id=\"33095f69\" data-element_type=\"widget\" data-widget_type=\"theme-post-content.default\">\n<div class=\"elementor-widget-container\">\n<p>Onda de calor que atingiu Mato Grosso do Sul fez o uso de energia el\u00e9trica atingir patamares nunca antes vistos. Segundo a Energisa, nos dias 21, 25 e 26 de setembro, o Estado bateu recorde de consumo, os \u00edndices mais altos j\u00e1 computados pela companhia.<\/p>\n<p>No dia 21, primeiro grande pico, o consumo chegou a 1.248 watts por hora. O recorde foi batido quatro dias depois, quando no dia 25 a empresa registrou uso di\u00e1rio de 1.395 watts por hora. No dia seguinte, 26 de agosto, uma nova eleva\u00e7\u00e3o: 1.403 watts por hora.<\/p>\n<p>Segundo Jonas Ortiz, coordenador comercial da Energisa, apenas a diferen\u00e7a de eleva\u00e7\u00e3o no consumo entre os dias 25 e 26 de agosto seria capaz de abastecer toda a cidade de Dourados por mais de um dia.<\/p>\n<p>\u201cEm abril, junho e agosto n\u00f3s superamos o consumo de energia no comparativo com os mesmos meses do ano passado\u201d, detalha.<\/p>\n<p>Com o aumento elevado, somente nos primeiros 25 dias deste m\u00eas, a Energisa registou 74 ocorr\u00eancias relacionadas ao calor, que resultaram em m\u00e9dia 2,2 mil clientes com fornecimento interrompido.<\/p>\n<h2 id=\"h-mas-por-que-a-energia-acaba\" class=\"wp-block-heading\">Mas por que a energia acaba?<\/h2>\n<p>Helier Fioravante, gerente de opera\u00e7\u00f5es da empresa, afirma que a Energisa trabalha de acordo com dados de consumo da popula\u00e7\u00e3o. Neste contexto, a empresa precisa ser informada sobre eventuais aumentos de pot\u00eancia para que se antecipe e esteja preparada para atender a demanda, evitando, assim, epis\u00f3dios como os registrados na \u00faltima semana.<\/p>\n<p>\u201cUm problema que enfrentamos hoje \u00e9 o aumento crescente de troca de disjuntores nos bairros. Os moradores chamam um eletricista, fazem a troca e n\u00e3o avisam e precisamos ser informados sobre essas trocas\u201d, explica.<\/p>\n<p>De acordo com ele, plano de conting\u00eancia foi criado englobando a\u00e7\u00f5es de trabalho durante ondas de calor, inclusive, t\u00e9cnicos j\u00e1 se preparam para novos picos de altas temperaturas previstos para outubro.<\/p>\n<p>Com 292 a\u00e7\u00f5es, os comandos ser\u00e3o divididos nos campos de antecipa\u00e7\u00e3o, recupera\u00e7\u00e3o e aprendizado, como exemplo, est\u00e3o trabalhos de amplia\u00e7\u00e3o da malha log\u00edstica de materiais, treinamentos e manuten\u00e7\u00e3o de ve\u00edculos. Em recentes a\u00e7\u00f5es de preven\u00e7\u00e3o, a empresa j\u00e1 substituiu 212 transformadores de distribui\u00e7\u00e3o e fez reforma em 340 pontos.<\/p>\n<p>\u201cEstamos simulando em tempo real alguns problemas e falhas para que estejamos preparados para essa onda de calor\u201d, disse o gerente.<\/p>\n<p>Como resultado ao aumento de consumo, a previs\u00e3o \u00e9 de que em outubro os consumidores sintam a conta mais &#8216;salgada&#8217; que o normal, com aumento no valor convencional.<\/p>\n<\/div>\n<\/div>\n<p>&nbsp;<\/p>\n<p>*Midiamax , Clayton Neves e Gabriel Neves<\/p>\n<div class=\"elementor-element elementor-element-ec9eab2 elementor-widget__width-auto elementor-widget elementor-widget-text-editor\" data-id=\"ec9eab2\" data-element_type=\"widget\" data-widget_type=\"text-editor.default\">\n<div class=\"elementor-widget-container\"><\/div>\n<\/div>\n","protected":false},"excerpt":{"rendered":"<p>Onda de calor que atingiu Mato Grosso do Sul fez o uso de energia el\u00e9trica atingir patamares nunca antes vistos. Segundo a Energisa, nos dias 21, 25 e 26 de setembro, o Estado bateu recorde de consumo, os \u00edndices mais altos j\u00e1 computados pela companhia. No dia 21, primeiro grande pico, o consumo chegou a [&hellip;]<\/p>\n","protected":false},"author":5,"featured_media":114957,"comment_status":"closed","ping_status":"closed","sticky":false,"template":"","format":"standard","meta":{"footnotes":""},"categories":[26],"tags":[],"class_list":["post-252831","post","type-post","status-publish","format-standard","has-post-thumbnail","hentry","category-economia"],"_links":{"self":[{"href":"https:\/\/www.ocorreionews.com.br\/acervo-correio\/index.php?rest_route=\/wp\/v2\/posts\/252831","targetHints":{"allow":["GET"]}}],"collection":[{"href":"https:\/\/www.ocorreionews.com.br\/acervo-correio\/index.php?rest_route=\/wp\/v2\/posts"}],"about":[{"href":"https:\/\/www.ocorreionews.com.br\/acervo-correio\/index.php?rest_route=\/wp\/v2\/types\/post"}],"author":[{"embeddable":true,"href":"https:\/\/www.ocorreionews.com.br\/acervo-correio\/index.php?rest_route=\/wp\/v2\/users\/5"}],"replies":[{"embeddable":true,"href":"https:\/\/www.ocorreionews.com.br\/acervo-correio\/index.php?rest_route=%2Fwp%2Fv2%2Fcomments&post=252831"}],"version-history":[{"count":1,"href":"https:\/\/www.ocorreionews.com.br\/acervo-correio\/index.php?rest_route=\/wp\/v2\/posts\/252831\/revisions"}],"predecessor-version":[{"id":252832,"href":"https:\/\/www.ocorreionews.com.br\/acervo-correio\/index.php?rest_route=\/wp\/v2\/posts\/252831\/revisions\/252832"}],"wp:featuredmedia":[{"embeddable":true,"href":"https:\/\/www.ocorreionews.com.br\/acervo-correio\/index.php?rest_route=\/wp\/v2\/media\/114957"}],"wp:attachment":[{"href":"https:\/\/www.ocorreionews.com.br\/acervo-correio\/index.php?rest_route=%2Fwp%2Fv2%2Fmedia&parent=252831"}],"wp:term":[{"taxonomy":"category","embeddable":true,"href":"https:\/\/www.ocorreionews.com.br\/acervo-correio\/index.php?rest_route=%2Fwp%2Fv2%2Fcategories&post=252831"},{"taxonomy":"post_tag","embeddable":true,"href":"https:\/\/www.ocorreionews.com.br\/acervo-correio\/index.php?rest_route=%2Fwp%2Fv2%2Ftags&post=252831"}],"curies":[{"name":"wp","href":"https:\/\/api.w.org\/{rel}","templated":true}]}}