{"id":252833,"date":"2023-09-28T15:23:31","date_gmt":"2023-09-28T19:23:31","guid":{"rendered":"https:\/\/www.ocorreionews.com.br\/acervo-correio\/?p=252833"},"modified":"2023-09-28T15:31:36","modified_gmt":"2023-09-28T19:31:36","slug":"setembro-vermelho-cardiologista-orienta-sobre-cuidados-com-a-saude-do-coracao-veja-dicas","status":"publish","type":"post","link":"https:\/\/www.ocorreionews.com.br\/acervo-correio\/?p=252833","title":{"rendered":"Setembro Vermelho: cardiologista orienta sobre cuidados com a sa\u00fade do cora\u00e7\u00e3o; veja dicas"},"content":{"rendered":"<div id=\"chunk-2tis7\">\n<div class=\"mc-column content-text active-extra-styles \" data-block-type=\"unstyled\" data-block-weight=\"34\" data-block-id=\"3\">\n<p class=\" content-text__container \" data-track-category=\"Link no Texto\" data-track-links=\"\"><strong><span class=\"highlight highlighted\">Setembro Vermelho \u00e9 a campanha anual destinada \u00e0 conscientiza\u00e7\u00e3o e cuidados com a sa\u00fade do cora\u00e7\u00e3o<\/span><\/strong>. O g1 conversou com o cardiologista Heron Rached que d\u00e1 dicas de como prevenir doen\u00e7as cardiovasculares graves.<\/p>\n<p data-track-category=\"Link no Texto\" data-track-links=\"\">\n<\/div>\n<\/div>\n<div class=\"wall protected-content\">\n<div id=\"chunk-7rrev\">\n<div class=\"mc-column content-text active-extra-styles \" data-block-type=\"unstyled\" data-block-weight=\"42\" data-block-id=\"4\">\n<p class=\" content-text__container \" data-track-category=\"Link no Texto\" data-track-links=\"\"><span class=\"highlight highlighted\">O cora\u00e7\u00e3o \u00e9 um \u00f3rg\u00e3o fundamental para a vida, sendo respons\u00e1vel pela circula\u00e7\u00e3o do sangue por todo o corpo, al\u00e9m de levar nutrientes e oxig\u00eanio<\/span>. De acordo com o especialista, a falta de cuidado com o \u00f3rg\u00e3o pode acarretar diversas doen\u00e7as cardiovasculares.<\/p>\n<p data-track-category=\"Link no Texto\" data-track-links=\"\">\n<\/div>\n<\/div>\n<div id=\"chunk-5n91q\">\n<div class=\"mc-column content-text active-extra-styles \" data-block-type=\"unstyled\" data-block-weight=\"41\" data-block-id=\"5\">\n<p class=\" content-text__container \" data-track-category=\"Link no Texto\" data-track-links=\"\">A Organiza\u00e7\u00e3o Mundial de Sa\u00fade (OMS) atesta que problemas provocados pelo cora\u00e7\u00e3o s\u00e3o a principal causa de mortes no mundo e que <strong>o infarto e o Acidente Vascular Cerebral, o AVC, s\u00e3o os dois tipos mais letais de problemas card\u00edacos<\/strong>.<\/p>\n<\/div>\n<\/div>\n<div id=\"chunk-hkgk\">\n<div class=\"content-ads content-ads--reveal\" data-block-type=\"ads\" data-block-id=\"6\">\n<div><\/div>\n<\/div>\n<\/div>\n<div id=\"chunk-1mr34\">\n<div class=\"mc-column content-text active-extra-styles \" data-block-type=\"unstyled\" data-block-weight=\"58\" data-block-id=\"7\">\n<p class=\" content-text__container \" data-track-category=\"Link no Texto\" data-track-links=\"\">De acordo com o cardiologista, o objetivo da campanha \u00e9 conscientizar a popula\u00e7\u00e3o sobre como evitar as doen\u00e7as card\u00edacas e chamar a aten\u00e7\u00e3o para fatores de risco, como a obesidade, o tabagismo e o consumo excessivo de sal e s\u00f3dio. <strong><span class=\"highlight highlighted\">Segundo a OMS, o Brasil registra cerca de 350 mil mortes por doen\u00e7as card\u00edacas todos os anos.<\/span><\/strong><\/p>\n<p data-track-category=\"Link no Texto\" data-track-links=\"\">\n<\/div>\n<\/div>\n<div id=\"chunk-2cptc\">\n<div class=\"mc-column content-text active-extra-styles\" data-block-type=\"raw\" data-block-weight=\"61\" data-block-id=\"8\">\n<blockquote class=\"content-blockquote theme-border-color-primary-before\"><p>\u201cO caminho mais f\u00e1cil para conseguirmos a redu\u00e7\u00e3o dessas taxas \u00e9 atrav\u00e9s da preven\u00e7\u00e3o e setembro \u00e9 um m\u00eas dedicado \u00e0 conscientiza\u00e7\u00e3o sobre as doen\u00e7as do cora\u00e7\u00e3o. <strong>Quando voc\u00ea atinge 40 anos, metade da popula\u00e7\u00e3o brasileira j\u00e1 \u00e9 hipertensa, ou seja, um em cada dois pacientes acima de 40 anos \u00e9 hipertenso, portador de sobrepeso ou obesidade. \u00c9 um dado preocupante<\/strong>\u201d.<\/p><\/blockquote>\n<p>&nbsp;<\/p>\n<\/div>\n<\/div>\n<div id=\"chunk-5p7om\">\n<div class=\"mc-column content-text active-extra-styles\" data-block-type=\"raw\" data-block-weight=\"1\" data-block-id=\"9\">\n<div class=\"content-intertitle\">\n<h2>Preven\u00e7\u00e3o<\/h2>\n<p>&nbsp;<\/p>\n<\/div>\n<p>&nbsp;<\/p>\n<\/div>\n<\/div>\n<div id=\"chunk-8du6a\">\n<div class=\"mc-column content-text active-extra-styles \" data-block-type=\"unstyled\" data-block-weight=\"34\" data-block-id=\"10\">\n<p class=\" content-text__container \" data-track-category=\"Link no Texto\" data-track-links=\"\">Rached esclarece que as doen\u00e7as cardiovasculares podem ser heredit\u00e1rias ou n\u00e3o. Em ambos os casos,<strong><span class=\"highlight highlighted\"> a preven\u00e7\u00e3o e o controle dos fatores de risco podem ajudar a popula\u00e7\u00e3o a levar uma vida mais saud\u00e1vel.<\/span><\/strong><\/p>\n<p data-track-category=\"Link no Texto\" data-track-links=\"\">\n<\/div>\n<\/div>\n<div id=\"chunk-eiro0\">\n<div class=\"mc-column content-text active-extra-styles \" data-block-type=\"unstyled\" data-block-weight=\"42\" data-block-id=\"11\">\n<p class=\" content-text__container \" data-track-category=\"Link no Texto\" data-track-links=\"\">O cardiologista enfatiza que \u00e9 importante evitar carboidratos e gorduras em excesso, ao tempo que \u00e9 necess\u00e1rio privilegiar frutas, vegetais e cereais. <strong>Segundo ele, uma dieta adequada e a pr\u00e1tica de exerc\u00edcios f\u00edsicos auxiliam no enfrentamento de diversas doen\u00e7as cardiovasculares.<\/strong><\/p>\n<p data-track-category=\"Link no Texto\" data-track-links=\"\">\n<\/div>\n<\/div>\n<div id=\"chunk-89j2t\">\n<div class=\"mc-column content-text active-extra-styles\" data-block-type=\"raw\" data-block-weight=\"64\" data-block-id=\"12\">\n<blockquote class=\"content-blockquote theme-border-color-primary-before\"><p>\u201cO grande vil\u00e3o da hipertens\u00e3o arterial \u00e9 o sal, quanto mais voc\u00ea ingere sal, maior a possibilidade de se tornar hipertenso. O colesterol alto tamb\u00e9m \u00e9 um fator de risco e isso acontece pela gordura que se deposita nas art\u00e9rias, o que leva a obstru\u00e7\u00e3o. O diabetes agride diretamente o sistema cardiovascular e por isso se deve evitar o excesso de a\u00e7\u00facar e carboidratos\u201d.<\/p><\/blockquote>\n<\/div>\n<figure style=\"width: 647px\" class=\"wp-caption aligncenter\"><img loading=\"lazy\" decoding=\"async\" class=\"i-amphtml-fill-content i-amphtml-replaced-content\" src=\"https:\/\/s2-g1.glbimg.com\/TH-yN9I5Dg6nthm4bobuhsqlaaI=\/0x0:1600x1266\/984x0\/smart\/filters:strip_icc()\/i.s3.glbimg.com\/v1\/AUTH_59edd422c0c84a879bd37670ae4f538a\/internal_photos\/bs\/2023\/f\/i\/AqGRBzTtKRTqpJdknrTw\/whatsapp-image-2023-09-27-at-09.45.21.jpeg\" sizes=\"auto, (max-width: 1366px) 648px, 100vw\" srcset=\"https:\/\/s2-g1.glbimg.com\/LVPlLlMH4t3U4u2hBkhT7uOMxO8=\/0x0:1600x1266\/1000x0\/smart\/filters:strip_icc()\/i.s3.glbimg.com\/v1\/AUTH_59edd422c0c84a879bd37670ae4f538a\/internal_photos\/bs\/2023\/f\/i\/AqGRBzTtKRTqpJdknrTw\/whatsapp-image-2023-09-27-at-09.45.21.jpeg 1000w, https:\/\/s2-g1.glbimg.com\/TH-yN9I5Dg6nthm4bobuhsqlaaI=\/0x0:1600x1266\/984x0\/smart\/filters:strip_icc()\/i.s3.glbimg.com\/v1\/AUTH_59edd422c0c84a879bd37670ae4f538a\/internal_photos\/bs\/2023\/f\/i\/AqGRBzTtKRTqpJdknrTw\/whatsapp-image-2023-09-27-at-09.45.21.jpeg 984w, https:\/\/s2-g1.glbimg.com\/Nq72DwASP2Ak54YAOXLkG76b6qc=\/0x0:1600x1266\/640x0\/smart\/filters:strip_icc()\/i.s3.glbimg.com\/v1\/AUTH_59edd422c0c84a879bd37670ae4f538a\/internal_photos\/bs\/2023\/f\/i\/AqGRBzTtKRTqpJdknrTw\/whatsapp-image-2023-09-27-at-09.45.21.jpeg 640w, https:\/\/s2-g1.glbimg.com\/kSfMIfTYfUMqBsdq_UADTMBssRE=\/0x0:1600x1266\/600x0\/smart\/filters:strip_icc()\/i.s3.glbimg.com\/v1\/AUTH_59edd422c0c84a879bd37670ae4f538a\/internal_photos\/bs\/2023\/f\/i\/AqGRBzTtKRTqpJdknrTw\/whatsapp-image-2023-09-27-at-09.45.21.jpeg 600w\" alt=\"O g1 conversou com o cardiologista Heron Rached \u2014 Foto: Reprodu\u00e7\u00e3o\" width=\"647\" height=\"513\" \/><figcaption class=\"wp-caption-text\">O g1 conversou com o cardiologista Heron Rached \u2014 Foto: Reprodu\u00e7\u00e3o<\/figcaption><\/figure>\n<p>&nbsp;<\/p>\n<div class=\"mc-column content-text active-extra-styles\" data-block-type=\"raw\" data-block-weight=\"64\" data-block-id=\"12\"><span style=\"background-color: #ffffff; font-size: 15px;\">Por isso, a recomenda\u00e7\u00e3o \u00e9 optar por uma alimenta\u00e7\u00e3o equilibrada e aliada \u00e0 pr\u00e1tica regular de exerc\u00edcios f\u00edsicos. O card\u00e1pio di\u00e1rio deve considerar a diminui\u00e7\u00e3o do consumo de sal, frituras em geral, a\u00e7\u00facares, bebidas alco\u00f3licas, alimentos conservados e processados.<\/span><\/div>\n<div data-block-type=\"raw\" data-block-weight=\"64\" data-block-id=\"12\"><\/div>\n<\/div>\n<div id=\"chunk-7kg2g\">\n<div class=\"mc-column content-text active-extra-styles\" data-block-type=\"raw\" data-block-weight=\"8\" data-block-id=\"16\">\n<div class=\"content-intertitle\">\n<h2><strong>Veja 6 dicas para ter um cora\u00e7\u00e3o saud\u00e1vel:<\/strong><\/h2>\n<p>&nbsp;<\/p>\n<\/div>\n<p>&nbsp;<\/p>\n<\/div>\n<\/div>\n<div id=\"chunk-b2jsf\">\n<div class=\"mc-column content-text active-extra-styles\" data-block-type=\"raw\" data-block-weight=\"28\" data-block-id=\"17\">\n<ol class=\"content-ordered-list theme-ordered-list-color-primary\">\n<li><span class=\"highlight highlighted\">Fa\u00e7a uma avalia\u00e7\u00e3o m\u00e9dica anual<\/span><\/li>\n<li><span class=\"highlight highlighted\">Mantenha um peso adequado<\/span><\/li>\n<li><span class=\"highlight highlighted\">Mantenha uma dieta adequada<\/span><\/li>\n<li><span class=\"highlight highlighted\">Cheque sua press\u00e3o arterial com o m\u00e9dico anualmente<\/span><\/li>\n<li><span class=\"highlight highlighted\">Abandone o cigarro<\/span><\/li>\n<li><span class=\"highlight highlighted\">Pratique exerc\u00edcios f\u00edsicos regularmente<\/span><\/li>\n<\/ol>\n<p>Por Rafaela Moreira, g1 MS<\/p>\n<\/div>\n<\/div>\n<\/div>\n","protected":false},"excerpt":{"rendered":"<p>Setembro Vermelho \u00e9 a campanha anual destinada \u00e0 conscientiza\u00e7\u00e3o e cuidados com a sa\u00fade do cora\u00e7\u00e3o. O g1 conversou com o cardiologista Heron Rached que d\u00e1 dicas de como prevenir doen\u00e7as cardiovasculares graves. O cora\u00e7\u00e3o \u00e9 um \u00f3rg\u00e3o fundamental para a vida, sendo respons\u00e1vel pela circula\u00e7\u00e3o do sangue por todo o corpo, al\u00e9m de levar [&hellip;]<\/p>\n","protected":false},"author":5,"featured_media":252834,"comment_status":"closed","ping_status":"closed","sticky":false,"template":"","format":"standard","meta":{"footnotes":""},"categories":[39],"tags":[],"class_list":["post-252833","post","type-post","status-publish","format-standard","has-post-thumbnail","hentry","category-saude"],"_links":{"self":[{"href":"https:\/\/www.ocorreionews.com.br\/acervo-correio\/index.php?rest_route=\/wp\/v2\/posts\/252833","targetHints":{"allow":["GET"]}}],"collection":[{"href":"https:\/\/www.ocorreionews.com.br\/acervo-correio\/index.php?rest_route=\/wp\/v2\/posts"}],"about":[{"href":"https:\/\/www.ocorreionews.com.br\/acervo-correio\/index.php?rest_route=\/wp\/v2\/types\/post"}],"author":[{"embeddable":true,"href":"https:\/\/www.ocorreionews.com.br\/acervo-correio\/index.php?rest_route=\/wp\/v2\/users\/5"}],"replies":[{"embeddable":true,"href":"https:\/\/www.ocorreionews.com.br\/acervo-correio\/index.php?rest_route=%2Fwp%2Fv2%2Fcomments&post=252833"}],"version-history":[{"count":2,"href":"https:\/\/www.ocorreionews.com.br\/acervo-correio\/index.php?rest_route=\/wp\/v2\/posts\/252833\/revisions"}],"predecessor-version":[{"id":252836,"href":"https:\/\/www.ocorreionews.com.br\/acervo-correio\/index.php?rest_route=\/wp\/v2\/posts\/252833\/revisions\/252836"}],"wp:featuredmedia":[{"embeddable":true,"href":"https:\/\/www.ocorreionews.com.br\/acervo-correio\/index.php?rest_route=\/wp\/v2\/media\/252834"}],"wp:attachment":[{"href":"https:\/\/www.ocorreionews.com.br\/acervo-correio\/index.php?rest_route=%2Fwp%2Fv2%2Fmedia&parent=252833"}],"wp:term":[{"taxonomy":"category","embeddable":true,"href":"https:\/\/www.ocorreionews.com.br\/acervo-correio\/index.php?rest_route=%2Fwp%2Fv2%2Fcategories&post=252833"},{"taxonomy":"post_tag","embeddable":true,"href":"https:\/\/www.ocorreionews.com.br\/acervo-correio\/index.php?rest_route=%2Fwp%2Fv2%2Ftags&post=252833"}],"curies":[{"name":"wp","href":"https:\/\/api.w.org\/{rel}","templated":true}]}}