{"id":252837,"date":"2023-09-28T15:53:49","date_gmt":"2023-09-28T19:53:49","guid":{"rendered":"https:\/\/www.ocorreionews.com.br\/acervo-correio\/?p=252837"},"modified":"2023-09-28T15:53:49","modified_gmt":"2023-09-28T19:53:49","slug":"encerra-nesta-sexta-o-prazo-para-declaracao-do-imposto-sobre-a-propriedade-rural-itr-2023","status":"publish","type":"post","link":"https:\/\/www.ocorreionews.com.br\/acervo-correio\/?p=252837","title":{"rendered":"Encerra nesta sexta o prazo  para Declara\u00e7\u00e3o do Imposto sobre a Propriedade Rural (ITR) 2023"},"content":{"rendered":"<div class=\"single-content\">\n<p>Acaba nesta <strong>sexta-feira (29), \u00e0s 23h59min59s<\/strong>, o prazo de entrega da <strong>Declara\u00e7\u00e3o do Imposto sobre a Propriedade Territorial Rural (ITR) 2023<\/strong>. O envio come\u00e7ou em 14 de agosto.<\/p>\n<p>Neste ano, a <a href=\"https:\/\/www.gov.br\/receitafederal\/pt-br\/centrais-de-conteudo\/download\/pgd\/ditr\"><strong>Receita Federal<\/strong><\/a> espera receber 5,9 milh\u00f5es de declara\u00e7\u00f5es.<\/p>\n<p>Devem preencher a declara\u00e7\u00e3o do ITR pessoas e empresas que s\u00e3o propriet\u00e1rias rurais, titulares do dom\u00ednio \u00fatil ou possuidoras de qualquer t\u00edtulo de im\u00f3vel rural.<\/p>\n<div class=\"ads-repeater spaa-container no-bg no-label mb-9 d-none d-md-flex ad-single-content-desktop\">\n<div class=\"spaa-item\">\n<div id=\"middle-content-1-desktop\"><\/div>\n<\/div>\n<\/div>\n<p>Quem perder o prazo est\u00e1 sujeito a multa de 1% ao m\u00eas ou fra\u00e7\u00e3o de atraso sobre o imposto devido.<\/p>\n<p>Conforme orienta\u00e7\u00e3o da Receita Federal, a obriga\u00e7\u00e3o de declarar recai sobre <strong>indiv\u00edduos f\u00edsicos e jur\u00eddicos que possuam ou sejam titulares de propriedades rurais e n\u00e3o estejam isentos<\/strong>.<\/p>\n<p>O valor m\u00ednimo do imposto \u00e9 estipulado em <strong>R$ 10<\/strong> e pode ser quitado em at\u00e9 quatro parcelas mensais, desde que cada parcela n\u00e3o seja inferior a <strong>R$ 50<\/strong>.<\/p>\n<div class=\"ads-repeater spaa-container no-bg no-label mb-9 d-none d-md-flex ad-single-content-desktop\">\n<div class=\"spaa-item\">\n<div id=\"middle-content-2-desktop\"><\/div>\n<\/div>\n<\/div>\n<p>Vale ressaltar que a <strong>n\u00e3o entrega da declara\u00e7\u00e3o ou o envio ap\u00f3s o prazo resultam em multa de 1% por m\u00eas de atraso<\/strong>, calculada com base no montante total do imposto devido.<\/p>\n<h2 id=\"h-quem-esta-sujeito-a-declaracao-do-itr-2023\" class=\"wp-block-heading\"><strong>Quem est\u00e1 sujeito \u00e0 declara\u00e7\u00e3o do ITR 2023?<\/strong><\/h2>\n<ul>\n<li>Pessoas f\u00edsicas ou jur\u00eddicas que sejam propriet\u00e1rias ou possuidoras de propriedades rurais, incluindo usufrutu\u00e1rios.<\/li>\n<li>Um dos cond\u00f4minos quando a propriedade rural pertence a m\u00faltiplos contribuintes, por contrato, decis\u00e3o judicial ou doa\u00e7\u00e3o em comum.<\/li>\n<li>Um dos compossuidores quando mais de uma pessoa det\u00e9m posse da propriedade rural.<\/li>\n<\/ul>\n<h2 id=\"h-por-outro-lado-estao-isentos-do-pagamento-do-itr\" class=\"wp-block-heading\"><strong>Por outro lado, est\u00e3o isentos do pagamento do ITR:<\/strong><\/h2>\n<ul>\n<li>Arrendat\u00e1rios, comodat\u00e1rios e parceiros, que n\u00e3o t\u00eam a obriga\u00e7\u00e3o de pagar o imposto.<\/li>\n<li>Propriet\u00e1rios de propriedades rurais que n\u00e3o excedam os seguintes limites:\n<ul>\n<li>30 hectares em qualquer localidade do pa\u00eds.<\/li>\n<li>50 hectares na Amaz\u00f4nia Oriental ou no Pol\u00edgono da Seca.<\/li>\n<li>100 hectares no Pantanal ou na Amaz\u00f4nia Ocidental.<\/li>\n<\/ul>\n<\/li>\n<li>Propriedades pertencentes ao Governo Federal, Organiza\u00e7\u00f5es N\u00e3o Governamentais, partidos pol\u00edticos, assentamentos da reforma agr\u00e1ria e comunidades quilombolas.<\/li>\n<\/ul>\n<p>Para enviar a declara\u00e7\u00e3o, \u00e9 necess\u00e1rio baixar o <strong>Programa Gerador da Declara\u00e7\u00e3o do ITR correspondente ao exerc\u00edcio de 2023 (Programa ITR 2023)<\/strong> por meio do portal online da Receita Federal.<\/p>\n<p>O c\u00e1lculo do valor do ITR envolve multiplicar o<strong> Valor da Terra Bruta Nua Tribut\u00e1vel (VTNt) <\/strong>pela al\u00edquota correspondente.<\/p>\n<div class=\"ads-repeater spaa-container no-bg no-label mb-9 d-none d-md-flex ad-single-content-desktop\">\n<div class=\"spaa-item\">\n<div id=\"middle-content-3-desktop\"><\/div>\n<\/div>\n<\/div>\n<p>A al\u00edquota \u00e9 determinada com base na \u00e1rea total e no grau de utiliza\u00e7\u00e3o do im\u00f3vel rural.<\/p>\n<p>O VTNt com base no valor da propriedade no primeiro dia do ano corrente, excluindo as benfeitorias.<\/p>\n<h2 id=\"h-voce-pode-pagar-o-valor-do-itr-em-ate-quatro-parcelas-iguais-com-a-seguinte-observacao\" class=\"wp-block-heading\">Voc\u00ea pode pagar o valor do ITR em at\u00e9 quatro parcelas iguais, com a seguinte observa\u00e7\u00e3o:<\/h2>\n<p>Voc\u00ea n\u00e3o pode fazer parcelas inferiores a R$ 50.<\/p>\n<p>Impostos inferiores a R$ 100 devem ser pagos em uma \u00fanica parcela.<\/p>\n<p>A primeira parcela ou a parcela \u00fanica deve ser paga at\u00e9 29 de setembro de 2023, \u00faltimo dia do prazo para a entrega da Declara\u00e7\u00e3o do ITR.<\/p>\n<p>Voc\u00ea deve quitar as demais parcelas at\u00e9 o \u00faltimo dia \u00fatil de cada m\u00eas, acrescentando juros equivalentes \u00e0 taxa SELIC, acumulados mensalmente a partir de outubro de 2023 at\u00e9 o m\u00eas anterior ao pagamento, al\u00e9m de 1% no m\u00eas do pagamento.<\/p>\n<p>Al\u00e9m disso, os contribuintes t\u00eam a op\u00e7\u00e3o de antecipar total ou parcialmente o pagamento do imposto ou das parcelas, sem a necessidade de apresentar uma Declara\u00e7\u00e3o retificadora do ITR com uma nova op\u00e7\u00e3o de pagamento. Contudo, o valor do imposto nunca pode ser inferior a <strong>R$ 10<\/strong>, em qualquer circunst\u00e2ncia.<\/p>\n<\/div>\n<p>&nbsp;<\/p>\n<p>&nbsp;<\/p>\n<p>*Canal Rural<\/p>\n","protected":false},"excerpt":{"rendered":"<p>Acaba nesta sexta-feira (29), \u00e0s 23h59min59s, o prazo de entrega da Declara\u00e7\u00e3o do Imposto sobre a Propriedade Territorial Rural (ITR) 2023. O envio come\u00e7ou em 14 de agosto. Neste ano, a Receita Federal espera receber 5,9 milh\u00f5es de declara\u00e7\u00f5es. Devem preencher a declara\u00e7\u00e3o do ITR pessoas e empresas que s\u00e3o propriet\u00e1rias rurais, titulares do dom\u00ednio [&hellip;]<\/p>\n","protected":false},"author":5,"featured_media":213128,"comment_status":"closed","ping_status":"closed","sticky":false,"template":"","format":"standard","meta":{"footnotes":""},"categories":[17],"tags":[],"class_list":["post-252837","post","type-post","status-publish","format-standard","has-post-thumbnail","hentry","category-agropecuaria"],"_links":{"self":[{"href":"https:\/\/www.ocorreionews.com.br\/acervo-correio\/index.php?rest_route=\/wp\/v2\/posts\/252837","targetHints":{"allow":["GET"]}}],"collection":[{"href":"https:\/\/www.ocorreionews.com.br\/acervo-correio\/index.php?rest_route=\/wp\/v2\/posts"}],"about":[{"href":"https:\/\/www.ocorreionews.com.br\/acervo-correio\/index.php?rest_route=\/wp\/v2\/types\/post"}],"author":[{"embeddable":true,"href":"https:\/\/www.ocorreionews.com.br\/acervo-correio\/index.php?rest_route=\/wp\/v2\/users\/5"}],"replies":[{"embeddable":true,"href":"https:\/\/www.ocorreionews.com.br\/acervo-correio\/index.php?rest_route=%2Fwp%2Fv2%2Fcomments&post=252837"}],"version-history":[{"count":1,"href":"https:\/\/www.ocorreionews.com.br\/acervo-correio\/index.php?rest_route=\/wp\/v2\/posts\/252837\/revisions"}],"predecessor-version":[{"id":252838,"href":"https:\/\/www.ocorreionews.com.br\/acervo-correio\/index.php?rest_route=\/wp\/v2\/posts\/252837\/revisions\/252838"}],"wp:featuredmedia":[{"embeddable":true,"href":"https:\/\/www.ocorreionews.com.br\/acervo-correio\/index.php?rest_route=\/wp\/v2\/media\/213128"}],"wp:attachment":[{"href":"https:\/\/www.ocorreionews.com.br\/acervo-correio\/index.php?rest_route=%2Fwp%2Fv2%2Fmedia&parent=252837"}],"wp:term":[{"taxonomy":"category","embeddable":true,"href":"https:\/\/www.ocorreionews.com.br\/acervo-correio\/index.php?rest_route=%2Fwp%2Fv2%2Fcategories&post=252837"},{"taxonomy":"post_tag","embeddable":true,"href":"https:\/\/www.ocorreionews.com.br\/acervo-correio\/index.php?rest_route=%2Fwp%2Fv2%2Ftags&post=252837"}],"curies":[{"name":"wp","href":"https:\/\/api.w.org\/{rel}","templated":true}]}}