{"id":252844,"date":"2023-09-29T06:21:45","date_gmt":"2023-09-29T10:21:45","guid":{"rendered":"https:\/\/www.ocorreionews.com.br\/acervo-correio\/?p=252844"},"modified":"2023-09-29T06:21:45","modified_gmt":"2023-09-29T10:21:45","slug":"amplavisao-marco-temporal-marmitas-boquinhas-aliancas","status":"publish","type":"post","link":"https:\/\/www.ocorreionews.com.br\/acervo-correio\/?p=252844","title":{"rendered":"Amplavis\u00e3o &#8211; Marco temporal &#038; marmitas &#038; boquinhas &#038; alian\u00e7as"},"content":{"rendered":"<p><strong><u>TUDO OU NADA:<\/u><\/strong>\u00a0Para Sergio Murilo, presidente do \u2018Podemos\u2019 a candidatura \u00e0 prefeitura de Dourados \u00e9 a chance da senadora Soraya Thronicke para tentar sobreviver politicamente.\u00a0 Rejeitada pela esquerda e odiada pela direita por trai\u00e7\u00e3o a Bolsonaro. Soraya \u00e9\u00a0<strong>\u2018outra figura\u2019<\/strong>\u00a0do MS que tamb\u00e9m n\u00e3o se elegeria nem a s\u00edndica de pr\u00e9dio.<\/p>\n<div id=\"taboola-mid-article\" class=\"d-print-none my-3 trc_related_container trc_spotlight_widget trc_elastic trc_elastic_alternating-thumbnails-a-mid-article \" data-placement-name=\"Mid Article\">\n<div id=\"taboola-mid-article-video\"><\/div>\n<div class=\"trc_rbox_container\">\n<div>\n<div id=\"trc_wrapper_24014\" class=\"trc_rbox alternating-thumbnails-a-mid-article trc-content-hybrid \">\n<div id=\"outer_24014\" class=\"trc_rbox_outer\">\n<div id=\"rbox-t2m\" class=\"trc_rbox_div trc_rbox_border_elm\">\n<div id=\"internal_trc_24014\">\n<div class=\"videoCube trc_spotlight_item origin-default thumbnail_start textItem videoCube_3_child trc_excludable \" data-item-id=\"549045032724456045\" data-item-title=\"Chapad\u00e3o do Sul: homem atira na cabe\u00e7a do vizinho que varria sua cal\u00e7ada; veja o v\u00eddeo\" data-item-thumb=\"https:\/\/cdn.cassilandianoticias.com.br\/uploads\/noticias\/2022\/07\/25\/3n1uma8403cwg.jpg\" data-item-syndicated=\"false\">\n<div class=\" trc_undo_btn \"><\/div>\n<\/div>\n<\/div>\n<\/div>\n<\/div>\n<\/div>\n<\/div>\n<\/div>\n<\/div>\n<p><strong><u>L\u00daCIDO:<\/u><\/strong>\u00a0Com coloca\u00e7\u00f5es coerentes gra\u00e7as a sua experi\u00eancia na lida rural o deputado Z\u00e9 Teixeira (PP) faz a diferen\u00e7a na an\u00e1lise da decis\u00e3o do STF sobre o \u2018marco temporal\u2019. \u00a0Denunciou a invas\u00e3o de duas fazendas pelos \u00edndios logo ap\u00f3s o julgamento e advertiu dos riscos de novos conflitos se o Governo n\u00e3o editar um Decreto Presidencial proibindo invas\u00f5es.<\/p>\n<p><strong><u>REVANCHE:<\/u><\/strong>\u00a0A invas\u00e3o de compet\u00eancia pelo STF ao julgar a mat\u00e9ria teve resposta r\u00e1pida do Senado que fixou o ano de 1988 como marco temporal para definir a ocupa\u00e7\u00e3o de terras pelos ind\u00edgenas. Embora Lula deva vetar o projeto, \u00e9 certo que o Senado confirmar\u00e1 a decis\u00e3o com a derrubada do veto presidencial.<\/p>\n<p><strong><u>A NOVELA:<\/u><\/strong>\u00a0As rela\u00e7\u00f5es do STF com a classe pol\u00edtica n\u00e3o andam boas. As decis\u00f5es envolvendo assuntos pol\u00eamicos (descriminaliza\u00e7\u00e3o das drogas e a revis\u00e3o das regras para a pratica do aborto) elevou a temperatura no Senado. Esse ativismo enfraquece o Poder Legislativo e coloca em risco a pr\u00f3pria democracia.\u00a0<strong>Novos cap\u00edtulos vir\u00e3o.<\/strong><\/p>\n<p><strong><u>UNIDOS E CONTRA:<\/u><\/strong>\u00a0Bem que o deputado Zeca do PT tentou mudar a imagem do Movimento Sem Terra ao propor uma mo\u00e7\u00e3o de aplauso \u00e0 entidade pelo fato de ter doado 15 mil marmitas \u00e0s v\u00edtimas das enchentes do Rio Grande do Sul. Mas de nada adiantaram os argumentos e a propositura foi rejeitada por maioria folgada.<\/p>\n<p><strong><u>DE VOLTA?<\/u><\/strong>\u00a0Ex-prefeito Douglas Figueiredo (Anast\u00e1cio \u2013 (2010\/2016) confessa estar escaldado da pol\u00edtica. Assumiu com a morte de Claudio Val\u00e9rio e em 2012 renovou o mandato. Reclamou das amarras burocr\u00e1ticas da gest\u00e3o que desaguam no Judici\u00e1rio, no TC-MS e no Tribunal de Contas da Uni\u00e3o.\u00a0<strong>Mas senti nele saudades dos holofotes<\/strong>. \u201c<strong>Ah! Sempre o poder\u2026\u201d<\/strong><\/p>\n<p><strong><u>MISTURA FINA:<\/u><\/strong>\u00a0A respeito da possibilidade fatos novos no cen\u00e1rio pol\u00edtico e que poderiam interferir na sucess\u00e3o de Campo Grande, um ex-deputado ponderou: \u201cO que ainda faltaria acontecer?\u00a0 J\u00e1 tivemos ex-prefeito e ex-governador presos, den\u00fancias de corrup\u00e7\u00e3o, esc\u00e2ndalos sexuais e favorecimentos imorais \u201d.<\/p>\n<p><strong><u>LEMBRANDO:\u00a0<\/u><\/strong>Tudo isso \u00e9 passado, beneficiado pela falta de mem\u00f3ria da popula\u00e7\u00e3o um tanto conivente com esse quadro. Essa nova turma de eleitores que v\u00e3o estrear nas urnas em 2024 n\u00e3o tem bagagem ou interesse para ir a fundo nas propostas e perfil dos candidatos. Entre apenas votar e escolher de fato h\u00e1 uma diferen\u00e7a enorme.<\/p>\n<p><strong><u>ATRATIVOS:<\/u><\/strong>\u00a0N\u00e3o faltam para personagens preparados ou n\u00e3o \u2013 vislumbrarem uma chance \u2013 por mais remota que seja \u2013 de chegar ao poder ou ocupar um cargo por liga\u00e7\u00e3o direta com a pol\u00edtica. Ali\u00e1s, ainda n\u00e3o temos not\u00edcia de que tenha havido atraso nos pagamentos dos sal\u00e1rios dos nossos agentes p\u00fablicos.\u00a0<strong>Sabe como \u00e9\u2026<\/strong><\/p>\n<p><strong><u>PONTO DE VISTA:<\/u><\/strong>\u00a0Para um observador essa alian\u00e7a entre o PSDB e o PT tende a continuar por bom tempo, pois estaria atrelada ao projeto do deputado Vander (PT) em tentar o Senado. Ao deputado Zeca do PT restaria a miss\u00e3o de administrar a participa\u00e7\u00e3o no Governo Estadual elogiando e criticando quando a ocasi\u00e3o assim exigir.<\/p>\n<p><strong><u>ESTRAT\u00c9GIA:\u00a0<\/u>\u00a0<\/strong>\u00a0O n\u00facleo do PT \u2013 onde mandam Zeca e Vander \u2013 dificultaria a candidatura da deputada Camila Jara (PT) a prefeitura da capital, dando as m\u00e3os ao candidato do PSDB. \u00a0A repeti\u00e7\u00e3o de 2022 \u2013\u00a0 quando o PT apoiou o candidato Ridel (PSDB). Mas o PT ignoraria a participa\u00e7\u00e3o do MDB de Puccinelli nesta alian\u00e7a?<\/p>\n<p><strong><u>MEM\u00d3RIAS:<\/u><\/strong>\u00a0Conta o amigo Rudel Trindade Jr. do estilo generoso de seu pai Rudel Trindade (ex-prefeito, ex-deputado e ex-conselheiro do TCE-MS) anfitri\u00e3o amante de um bom papo que varava a noite calorentas de sua Aquidauana. Numa dessas ocasi\u00f5es hospedou os irm\u00e3os Villa B\u00f4as (Claudio, Orlando e Leonardo) sertanistas que visitavam os \u00edndios da regi\u00e3o.<\/p>\n<p><strong><u>O RESTAURADOR:<\/u><\/strong>\u00a0Em pouco tempo na presid\u00eancia o conselheiro Gerson Domingos recuperou a imagem depredada do Tribunal de Contas com a\u00e7\u00f5es positivas. O programa pela garantia da \u2018Primeira Inf\u00e2ncia\u2019 re\u00fane educadores, autoridades, prefeitos e \u00e9 modelo para outros estados. Agora inaugurou o Espa\u00e7o Cultural oportunizando chances de artistas locais de mostrarem seus talentos. Credibilidade &amp; habilidade.<\/p>\n<p><strong><u>COMPLICADO:<\/u><\/strong>\u00a0Aflorou na Assembleia o epis\u00f3dio que afastou 3 conselheiros do Tribunal de Contas, \u00f3rg\u00e3o auxiliar do parlamento. Poderia o legislativo interferir nesta quest\u00e3o interna do TCE que tem vida pr\u00f3pria? Ali\u00e1s \u00e9 o TCE quem julga as contas da Alems. Mas essa quest\u00e3o delicada voltar\u00e1 a baila nas pr\u00f3ximas sess\u00f5es.<\/p>\n<p><strong><u>IN\u00c9DITA<\/u><\/strong>\u00a0 a situa\u00e7\u00e3o criada no TCE-MS devido ao afastamento de 3 conselheiros com respaldo inclusive da justi\u00e7a em inst\u00e2ncia superior. O deputado coronel David (PL), foi quem levantou a quest\u00e3o pertinente, sugerindo uma Comiss\u00e3o Parlamentar de Inqu\u00e9rito para acompanhar as investiga\u00e7\u00f5es no TCE. Mas o fator pol\u00edtico pode minar a iniciativa.<\/p>\n<p><strong><u>BOQUINHAS!<\/u><\/strong>\u00a0 O notici\u00e1rio mostrando a guerra aberta para escolha de membros do Conselhos Tutelares em Campo Grande. Devido a influ\u00eancia pol\u00edtica e religiosa a batalha saiu fora do quadrado para ganhar contornos inadmiss\u00edveis em outras \u00e9pocas. Fico questionando com meus bot\u00f5es: o que a opini\u00e3o p\u00fablica acha de tudo isso?<\/p>\n<p><strong><u>MINAS GERAIS:<\/u><\/strong>\u00a0Lidera o ranking nacional com 853 munic\u00edpios (contra 645 de S\u00e3o Paulo) e numerosa variedade de tipo de clima, vegeta\u00e7\u00e3o e relevo. Diante destes n\u00fameros, todos os ex governadores (dos dois estados) conclu\u00edram seus mandatos sem conseguirem visitar todas as suas respectivas cidades.<\/p>\n<p><strong><u>DIVIDIDA:<\/u><\/strong>\u00a0Os partidos da direita est\u00e3o naquela fase onde cada um deles vai tocando sua vida segundo os seus interesses. \u00c9 bem assim \u2013 cada qual quer mais \u00e9 sobreviver mandando \u00e0s favas compromissos e conceitos. Agora \u00e9 moda o pol\u00edtico pedir licen\u00e7a da sigla e ocupar cargo do governo advers\u00e1rio. J\u00e1 n\u00e3o se faz mais pol\u00edticos como antes.<\/p>\n<p><strong><u>POR AQUI:\u00a0<\/u><\/strong>\u00a0O que parecia beleza pura antes das elei\u00e7\u00f5es\u00a0 parece ter se transformado numa esp\u00e9cie de central de ambi\u00e7\u00f5es de pol\u00edticos bolsonaristas. Fica vis\u00edvel pelas atitudes e rela\u00e7\u00f5es pessoais entre eles, que impera o individualismo e ambi\u00e7\u00f5es estritamente pessoais. Como se diz: cada qual olhando o pr\u00f3prio umbigo.<\/p>\n<p>&nbsp;<\/p>\n<p><strong><u>DROPS DO POND\u00c9:<\/u><\/strong><\/p>\n<p><strong><u>\u00a0<\/u><\/strong><\/p>\n<p>Ideias s\u00e3o baratas. Enfrentar situa\u00e7\u00f5es \u00e9 que custa caro.<\/p>\n<p>Viagra fez mais pela humanidade do que 200 anos de marxismo.<\/p>\n<p>N\u00e3o existe isso de multid\u00e3o do bem. Toda multid\u00e3o \u00e9 do mal.<\/p>\n<p>Normalmente que ama a humanidade detesta o seu semelhante.<\/p>\n<p>Ali onde est\u00e1 a multid\u00e3o est\u00e1 a mentira.<\/p>\n<p>Quem n\u00e3o tem d\u00favida \u00e9 porque leu pouco.<\/p>\n<p>Muitos sentimentos juntos s\u00e3o sempre falsos.<\/p>\n<p>No mundo contempor\u00e2neo a institui\u00e7\u00e3o que regra a moral inquestion\u00e1vel \u00e9 o Serasa. O resto tudo \u00e9 negoci\u00e1vel.<\/p>\n<p>Caso leve seus filhos \u00e0 Disney, n\u00e3o conte ningu\u00e9m pelo amor de Deus.<\/p>\n","protected":false},"excerpt":{"rendered":"<p>TUDO OU NADA:\u00a0Para Sergio Murilo, presidente do \u2018Podemos\u2019 a candidatura \u00e0 prefeitura de Dourados \u00e9 a chance da senadora Soraya Thronicke para tentar sobreviver politicamente.\u00a0 Rejeitada pela esquerda e odiada pela direita por trai\u00e7\u00e3o a Bolsonaro. Soraya \u00e9\u00a0\u2018outra figura\u2019\u00a0do MS que tamb\u00e9m n\u00e3o se elegeria nem a s\u00edndica de pr\u00e9dio. L\u00daCIDO:\u00a0Com coloca\u00e7\u00f5es coerentes gra\u00e7as a [&hellip;]<\/p>\n","protected":false},"author":4,"featured_media":248887,"comment_status":"closed","ping_status":"closed","sticky":false,"template":"","format":"standard","meta":{"footnotes":""},"categories":[37],"tags":[],"class_list":["post-252844","post","type-post","status-publish","format-standard","has-post-thumbnail","hentry","category-politica"],"_links":{"self":[{"href":"https:\/\/www.ocorreionews.com.br\/acervo-correio\/index.php?rest_route=\/wp\/v2\/posts\/252844","targetHints":{"allow":["GET"]}}],"collection":[{"href":"https:\/\/www.ocorreionews.com.br\/acervo-correio\/index.php?rest_route=\/wp\/v2\/posts"}],"about":[{"href":"https:\/\/www.ocorreionews.com.br\/acervo-correio\/index.php?rest_route=\/wp\/v2\/types\/post"}],"author":[{"embeddable":true,"href":"https:\/\/www.ocorreionews.com.br\/acervo-correio\/index.php?rest_route=\/wp\/v2\/users\/4"}],"replies":[{"embeddable":true,"href":"https:\/\/www.ocorreionews.com.br\/acervo-correio\/index.php?rest_route=%2Fwp%2Fv2%2Fcomments&post=252844"}],"version-history":[{"count":2,"href":"https:\/\/www.ocorreionews.com.br\/acervo-correio\/index.php?rest_route=\/wp\/v2\/posts\/252844\/revisions"}],"predecessor-version":[{"id":252846,"href":"https:\/\/www.ocorreionews.com.br\/acervo-correio\/index.php?rest_route=\/wp\/v2\/posts\/252844\/revisions\/252846"}],"wp:featuredmedia":[{"embeddable":true,"href":"https:\/\/www.ocorreionews.com.br\/acervo-correio\/index.php?rest_route=\/wp\/v2\/media\/248887"}],"wp:attachment":[{"href":"https:\/\/www.ocorreionews.com.br\/acervo-correio\/index.php?rest_route=%2Fwp%2Fv2%2Fmedia&parent=252844"}],"wp:term":[{"taxonomy":"category","embeddable":true,"href":"https:\/\/www.ocorreionews.com.br\/acervo-correio\/index.php?rest_route=%2Fwp%2Fv2%2Fcategories&post=252844"},{"taxonomy":"post_tag","embeddable":true,"href":"https:\/\/www.ocorreionews.com.br\/acervo-correio\/index.php?rest_route=%2Fwp%2Fv2%2Ftags&post=252844"}],"curies":[{"name":"wp","href":"https:\/\/api.w.org\/{rel}","templated":true}]}}