{"id":252848,"date":"2023-09-29T06:27:17","date_gmt":"2023-09-29T10:27:17","guid":{"rendered":"https:\/\/www.ocorreionews.com.br\/acervo-correio\/?p=252848"},"modified":"2023-09-29T06:27:17","modified_gmt":"2023-09-29T10:27:17","slug":"figueirao-e-a-capitral-do-rodeio-regional-comecou-o-rodeio-fest","status":"publish","type":"post","link":"https:\/\/www.ocorreionews.com.br\/acervo-correio\/?p=252848","title":{"rendered":"Figueir\u00e3o \u00e9 a capitral do rodeio regional: Come\u00e7ou o rodeio fest"},"content":{"rendered":"<div dir=\"auto\">com a presen\u00e7a de grande p\u00fablico, foi aberto o Rodeio de Anivers\u00e1rio de Figueir\u00e3o, que se estender\u00e1 pelos pr\u00f3ximos 3 dias, 28, 29 e 30\/9, data do encerramento.<\/div>\n<div dir=\"auto\"><\/div>\n<div dir=\"auto\">A abertura do II Rodeio Fest se deu logo ap\u00f3s o show musical da cantora Gospel Valesca Mayssa, que abriu a s\u00e9rie de shows que acontecer\u00e3o nas noites seguintes.<\/div>\n<div dir=\"auto\">\u00a0<img loading=\"lazy\" decoding=\"async\" class=\"alignnone wp-image-252851 size-full\" src=\"https:\/\/www.ocorreionews.com.br\/acervo-correio\/wp-content\/uploads\/2023\/09\/rodeio4.jpg\" alt=\"\" width=\"800\" height=\"531\" srcset=\"https:\/\/www.ocorreionews.com.br\/acervo-correio\/wp-content\/uploads\/2023\/09\/rodeio4.jpg 800w, https:\/\/www.ocorreionews.com.br\/acervo-correio\/wp-content\/uploads\/2023\/09\/rodeio4-300x199.jpg 300w, https:\/\/www.ocorreionews.com.br\/acervo-correio\/wp-content\/uploads\/2023\/09\/rodeio4-768x510.jpg 768w\" sizes=\"auto, (max-width: 800px) 100vw, 800px\" \/><\/div>\n<div dir=\"auto\"><\/div>\n<div dir=\"auto\">Com as melhores companhias de bois de rodeio, como Cia. de Rodeio CR, Marca Ta\u00e7a Cia. de Rodeio, S\u00e3o Jos\u00e9, Cia. JF, Cia. Sete Ouro, Cia. de Rodeio Davi Rezende, Cia. Curral de Elite, Cia. RF Rodeio em Carneiros, Ekip Rozeta, Tropa Leandr\u00e3o, Tropa Paiol, o Rodeio de Anivers\u00e1rio de Figueir\u00e3o promete ser de muita qualidade, para agradar o grande p\u00fablico que sempre comparece a esse tipo de evento.<\/div>\n<div dir=\"auto\"><img loading=\"lazy\" decoding=\"async\" class=\"alignnone wp-image-252850 size-full\" src=\"https:\/\/www.ocorreionews.com.br\/acervo-correio\/wp-content\/uploads\/2023\/09\/rodeio3.jpg\" alt=\"\" width=\"800\" height=\"531\" srcset=\"https:\/\/www.ocorreionews.com.br\/acervo-correio\/wp-content\/uploads\/2023\/09\/rodeio3.jpg 800w, https:\/\/www.ocorreionews.com.br\/acervo-correio\/wp-content\/uploads\/2023\/09\/rodeio3-300x199.jpg 300w, https:\/\/www.ocorreionews.com.br\/acervo-correio\/wp-content\/uploads\/2023\/09\/rodeio3-768x510.jpg 768w\" sizes=\"auto, (max-width: 800px) 100vw, 800px\" \/><\/div>\n<div dir=\"auto\">A premia\u00e7\u00e3o \u00e9 de mais de 20 mil reais, para as duas modalidades, rodeio em touro e em cutiano. Entre os participantes, alguns boiadeiros de Figueir\u00e3o v\u00e3o enfrentar os touros, para abrilhantar ainda mais o evento.<\/div>\n<div dir=\"auto\"><img loading=\"lazy\" decoding=\"async\" class=\"alignnone wp-image-252852 size-full\" src=\"https:\/\/www.ocorreionews.com.br\/acervo-correio\/wp-content\/uploads\/2023\/09\/rodeio5.jpg\" alt=\"\" width=\"800\" height=\"531\" srcset=\"https:\/\/www.ocorreionews.com.br\/acervo-correio\/wp-content\/uploads\/2023\/09\/rodeio5.jpg 800w, https:\/\/www.ocorreionews.com.br\/acervo-correio\/wp-content\/uploads\/2023\/09\/rodeio5-300x199.jpg 300w, https:\/\/www.ocorreionews.com.br\/acervo-correio\/wp-content\/uploads\/2023\/09\/rodeio5-768x510.jpg 768w\" sizes=\"auto, (max-width: 800px) 100vw, 800px\" \/><\/div>\n<div dir=\"auto\"><\/div>\n<div dir=\"auto\">A primeira noite do rodeio contou com as presen\u00e7as do prefeito Juvenal Consolaro, da primeira-dama Elenir Pereira, da chefe de Gabinete Marinalva Paniago, do secret\u00e1rio municipal de Gest\u00e3o e Desenvolvimento Francisco Junior, do P\u00e1roco de Figueir\u00e3o Pe. Kelson Soares de Oliveira, do Comandante da PM Sgto. Hernandes Ribeiro, do assessor de Gabinete Cleiton Cosme, dos vereadores Thiago In\u00e1cio e Abadio Ribeiro e da vereadora Renata Mortari, entre outros.<\/div>\n<p>&nbsp;<\/p>\n<div dir=\"auto\">Assessoria de comunica\u00e7\u00e3o<\/div>\n","protected":false},"excerpt":{"rendered":"<p>com a presen\u00e7a de grande p\u00fablico, foi aberto o Rodeio de Anivers\u00e1rio de Figueir\u00e3o, que se estender\u00e1 pelos pr\u00f3ximos 3 dias, 28, 29 e 30\/9, data do encerramento. A abertura do II Rodeio Fest se deu logo ap\u00f3s o show musical da cantora Gospel Valesca Mayssa, que abriu a s\u00e9rie de shows que acontecer\u00e3o nas [&hellip;]<\/p>\n","protected":false},"author":4,"featured_media":252849,"comment_status":"closed","ping_status":"closed","sticky":false,"template":"","format":"standard","meta":{"footnotes":""},"categories":[30],"tags":[],"class_list":["post-252848","post","type-post","status-publish","format-standard","has-post-thumbnail","hentry","category-figueirao"],"_links":{"self":[{"href":"https:\/\/www.ocorreionews.com.br\/acervo-correio\/index.php?rest_route=\/wp\/v2\/posts\/252848","targetHints":{"allow":["GET"]}}],"collection":[{"href":"https:\/\/www.ocorreionews.com.br\/acervo-correio\/index.php?rest_route=\/wp\/v2\/posts"}],"about":[{"href":"https:\/\/www.ocorreionews.com.br\/acervo-correio\/index.php?rest_route=\/wp\/v2\/types\/post"}],"author":[{"embeddable":true,"href":"https:\/\/www.ocorreionews.com.br\/acervo-correio\/index.php?rest_route=\/wp\/v2\/users\/4"}],"replies":[{"embeddable":true,"href":"https:\/\/www.ocorreionews.com.br\/acervo-correio\/index.php?rest_route=%2Fwp%2Fv2%2Fcomments&post=252848"}],"version-history":[{"count":1,"href":"https:\/\/www.ocorreionews.com.br\/acervo-correio\/index.php?rest_route=\/wp\/v2\/posts\/252848\/revisions"}],"predecessor-version":[{"id":252853,"href":"https:\/\/www.ocorreionews.com.br\/acervo-correio\/index.php?rest_route=\/wp\/v2\/posts\/252848\/revisions\/252853"}],"wp:featuredmedia":[{"embeddable":true,"href":"https:\/\/www.ocorreionews.com.br\/acervo-correio\/index.php?rest_route=\/wp\/v2\/media\/252849"}],"wp:attachment":[{"href":"https:\/\/www.ocorreionews.com.br\/acervo-correio\/index.php?rest_route=%2Fwp%2Fv2%2Fmedia&parent=252848"}],"wp:term":[{"taxonomy":"category","embeddable":true,"href":"https:\/\/www.ocorreionews.com.br\/acervo-correio\/index.php?rest_route=%2Fwp%2Fv2%2Fcategories&post=252848"},{"taxonomy":"post_tag","embeddable":true,"href":"https:\/\/www.ocorreionews.com.br\/acervo-correio\/index.php?rest_route=%2Fwp%2Fv2%2Ftags&post=252848"}],"curies":[{"name":"wp","href":"https:\/\/api.w.org\/{rel}","templated":true}]}}