{"id":252858,"date":"2023-09-29T08:34:07","date_gmt":"2023-09-29T12:34:07","guid":{"rendered":"https:\/\/www.ocorreionews.com.br\/acervo-correio\/?p=252858"},"modified":"2023-09-29T08:35:13","modified_gmt":"2023-09-29T12:35:13","slug":"abertas-as-inscricoes-para-o-curso-atendimento-ao-cliente-e-comercializacao-de-produtos-agropecuarios","status":"publish","type":"post","link":"https:\/\/www.ocorreionews.com.br\/acervo-correio\/?p=252858","title":{"rendered":"Abertas as inscri\u00e7\u00f5es para o curso \u201cAtendimento ao Cliente e Comercializa\u00e7\u00e3o de Produtos Agropecu\u00e1rios\u201d"},"content":{"rendered":"<p style=\"font-weight: 400;\">Chapad\u00e3o do Sul, conhecida como um dos principais polos do agroneg\u00f3cio no estado do Mato Grosso do Sul, refor\u00e7a seu compromisso em fortalecer a economia local por meio da capacita\u00e7\u00e3o dos profissionais que impulsionam esse setor. Com terras f\u00e9rteis e prop\u00edcias para a agricultura, o munic\u00edpio tem se destacado como um dos maiores produtores de soja, milho e algod\u00e3o do pa\u00eds, contribuindo significativamente para o desenvolvimento regional.<\/p>\n<p style=\"font-weight: 400;\">Nesse contexto, a Prefeitura de Chapad\u00e3o do Sul, atrav\u00e9s da\u00a0SEDEMA (Secretaria de Desenvolvimento Econ\u00f4mico e Meio Ambiente), em parceria com o Sindicato Rural e o SENAR-MS, anuncia uma oportunidade para aprimorar ainda mais o agroneg\u00f3cio local: o curso &#8220;<b><strong>Atendimento ao Cliente e Comercializa\u00e7\u00e3o de Produtos Agropecu\u00e1rios<\/strong><\/b>&#8220;. O objetivo principal desse curso \u00e9 aperfei\u00e7oar as estrat\u00e9gias de comercializa\u00e7\u00e3o de produtos agropecu\u00e1rios, visando aumentar a efici\u00eancia do agroneg\u00f3cio por meio de um atendimento ao cliente exemplar.<\/p>\n<p style=\"font-weight: 400;\">Durante as aulas, os participantes v\u00e3o ver temas essenciais, como \u00e9tica e cidadania, compreens\u00e3o do cliente, din\u00e2micas do mercado agropecu\u00e1rio, m\u00e9todos de comercializa\u00e7\u00e3o mais eficazes, an\u00e1lise de custos de produ\u00e7\u00e3o no setor agropecu\u00e1rio e forma\u00e7\u00e3o de pre\u00e7os, al\u00e9m de abordar quest\u00f5es cruciais como margens de comercializa\u00e7\u00e3o e a influ\u00eancia da globaliza\u00e7\u00e3o no setor.<\/p>\n<p style=\"font-weight: 400;\">Com uma carga hor\u00e1ria de 24 horas, o curso acontecer\u00e1 entre os dias 03 a 05 de outubro, na Sala de Treinamentos da Rodovi\u00e1ria, das 07h \u00e0s 17h, hor\u00e1rio local de Mato Grosso do Sul. As inscri\u00e7\u00f5es j\u00e1 est\u00e3o abertas e podem ser realizadas por pessoas com idade m\u00ednima de 16 anos que tenham conclu\u00eddo o ensino fundamental. Para se inscrever, basta acessar o link\u00a0<a href=\"https:\/\/linktr.ee\/sedema.online\">https:\/\/linktr.ee\/sedema.online<\/a>. As vagas s\u00e3o limitadas, portanto, garanta a sua inscri\u00e7\u00e3o o quanto antes!<\/p>\n<p style=\"font-weight: 400;\">Esta \u00e9 uma oportunidade imperd\u00edvel para todos que desejam se qualificar e se destacar no competitivo mercado de trabalho rural. Al\u00e9m disso, o curso oferece uma valiosa chance de expandir o conhecimento sobre o setor agropecu\u00e1rio e adquirir informa\u00e7\u00f5es essenciais para alcan\u00e7ar sucesso profissional. N\u00e3o perca a chance de investir em seu desenvolvimento profissional!<\/p>\n<p style=\"font-weight: 400;\">Para obter mais informa\u00e7\u00f5es sobre o curso ou realizar sua inscri\u00e7\u00e3o, entre em contato com a SEDEMA pelo telefone (67) 3562-5672 ou pelo WhatsApp\u00a0<a href=\"https:\/\/wa.me\/5567996183431\">https:\/\/wa.me\/5567996183431.<\/a>\u00a0A SEDEMA est\u00e1 localizada na Avenida Onze, n\u00b0 1045, no Pa\u00e7o Municipal &#8211; pr\u00e9dio da Prefeitura.<\/p>\n<p style=\"font-weight: 400;\">*Assessoria<\/p>\n","protected":false},"excerpt":{"rendered":"<p>Chapad\u00e3o do Sul, conhecida como um dos principais polos do agroneg\u00f3cio no estado do Mato Grosso do Sul, refor\u00e7a seu compromisso em fortalecer a economia local por meio da capacita\u00e7\u00e3o dos profissionais que impulsionam esse setor. Com terras f\u00e9rteis e prop\u00edcias para a agricultura, o munic\u00edpio tem se destacado como um dos maiores produtores de [&hellip;]<\/p>\n","protected":false},"author":5,"featured_media":252856,"comment_status":"closed","ping_status":"closed","sticky":false,"template":"","format":"standard","meta":{"footnotes":""},"categories":[23],"tags":[],"class_list":["post-252858","post","type-post","status-publish","format-standard","has-post-thumbnail","hentry","category-chapadao-do-sul"],"_links":{"self":[{"href":"https:\/\/www.ocorreionews.com.br\/acervo-correio\/index.php?rest_route=\/wp\/v2\/posts\/252858","targetHints":{"allow":["GET"]}}],"collection":[{"href":"https:\/\/www.ocorreionews.com.br\/acervo-correio\/index.php?rest_route=\/wp\/v2\/posts"}],"about":[{"href":"https:\/\/www.ocorreionews.com.br\/acervo-correio\/index.php?rest_route=\/wp\/v2\/types\/post"}],"author":[{"embeddable":true,"href":"https:\/\/www.ocorreionews.com.br\/acervo-correio\/index.php?rest_route=\/wp\/v2\/users\/5"}],"replies":[{"embeddable":true,"href":"https:\/\/www.ocorreionews.com.br\/acervo-correio\/index.php?rest_route=%2Fwp%2Fv2%2Fcomments&post=252858"}],"version-history":[{"count":2,"href":"https:\/\/www.ocorreionews.com.br\/acervo-correio\/index.php?rest_route=\/wp\/v2\/posts\/252858\/revisions"}],"predecessor-version":[{"id":252860,"href":"https:\/\/www.ocorreionews.com.br\/acervo-correio\/index.php?rest_route=\/wp\/v2\/posts\/252858\/revisions\/252860"}],"wp:featuredmedia":[{"embeddable":true,"href":"https:\/\/www.ocorreionews.com.br\/acervo-correio\/index.php?rest_route=\/wp\/v2\/media\/252856"}],"wp:attachment":[{"href":"https:\/\/www.ocorreionews.com.br\/acervo-correio\/index.php?rest_route=%2Fwp%2Fv2%2Fmedia&parent=252858"}],"wp:term":[{"taxonomy":"category","embeddable":true,"href":"https:\/\/www.ocorreionews.com.br\/acervo-correio\/index.php?rest_route=%2Fwp%2Fv2%2Fcategories&post=252858"},{"taxonomy":"post_tag","embeddable":true,"href":"https:\/\/www.ocorreionews.com.br\/acervo-correio\/index.php?rest_route=%2Fwp%2Fv2%2Ftags&post=252858"}],"curies":[{"name":"wp","href":"https:\/\/api.w.org\/{rel}","templated":true}]}}