{"id":252861,"date":"2023-09-29T08:37:16","date_gmt":"2023-09-29T12:37:16","guid":{"rendered":"https:\/\/www.ocorreionews.com.br\/acervo-correio\/?p=252861"},"modified":"2023-09-29T08:45:15","modified_gmt":"2023-09-29T12:45:15","slug":"presidente-da-camara-de-chapadao-do-sul-recebe-vereadores-de-itiquira-mt-para-visita-institucional","status":"publish","type":"post","link":"https:\/\/www.ocorreionews.com.br\/acervo-correio\/?p=252861","title":{"rendered":"Presidente da C\u00e2mara de Chapad\u00e3o do Sul Recebe Vereadores de Itiquira-MT para Visita Institucional"},"content":{"rendered":"<div class=\"leitura\">\n<p>Na manh\u00e3 desta quinta-feira (28), a C\u00e2mara Municipal de Chapad\u00e3o do Sul recebeu a visita dos vereadores, Jos\u00e9 Carlos Batista e Jo\u00e3o Neto da Silva, do munic\u00edpio de Itiquira, no estado de Mato Grosso. O encontro teve como objetivo permitir que os representantes de Itiquira conhecessem a estrutura e o funcionamento da C\u00e2mara de Chapad\u00e3o do Sul, estreitando os la\u00e7os intermunicipais e promovendo a troca de experi\u00eancias.<\/p>\n<p>O presidente da C\u00e2mara Airton Tucano, acompanhado de servidores da casa legislativa, recebeu calorosamente os vereadores de Itiquira-MT. Durante a visita, os vereadores visitantes puderam conhecer as instala\u00e7\u00f5es da C\u00e2mara, incluindo o plen\u00e1rio e os gabinetes parlamentares, al\u00e9m de serem apresentados \u00e0 equipe que trabalha diariamente para garantir o bom funcionamento das atividades legislativas.<\/p>\n<p>A troca de informa\u00e7\u00f5es e experi\u00eancias entre os dois munic\u00edpios foi o ponto central da visita. Os vereadores tiveram a oportunidade de conhecer os procedimentos administrativos e legislativos de Chapad\u00e3o do Sul, bem como discutir os desafios e as solu\u00e7\u00f5es encontradas no exerc\u00edcio do cargo de vereador. Esse interc\u00e2mbio tem como objetivo enriquecer o trabalho legislativo e promover uma gest\u00e3o p\u00fablica mais eficiente em ambos os munic\u00edpios.<\/p>\n<p><img decoding=\"async\" src=\"https:\/\/www.camarachapadaodosul.ms.gov.br\/\/uploads\/wysiwyg\/\/124fdbe7b.jpg\" alt=\"\" \/><\/p>\n<p>O presidente da C\u00e2mara de Chapad\u00e3o do Sul, juntamente com os servidores da casa, expressou sua satisfa\u00e7\u00e3o em receber a visita e destacou a import\u00e2ncia da coopera\u00e7\u00e3o entre munic\u00edpios para o desenvolvimento regional e o fortalecimento da democracia local.<\/p>\n<p>Por sua vez, os vereadores de Itiquira agradeceram a hospitalidade e a disponibilidade da equipe da C\u00e2mara de Chapad\u00e3o do Sul, enfatizando o valor desse tipo de iniciativa para o aprimoramento do trabalho legislativo e o benef\u00edcio das comunidades que representam.<\/p>\n<p>A visita institucional entre os vereadores de Chapad\u00e3o do Sul e Itiquira-MT refor\u00e7a a import\u00e2ncia da colabora\u00e7\u00e3o intermunicipal na busca por solu\u00e7\u00f5es eficazes e no compartilhamento de boas pr\u00e1ticas na administra\u00e7\u00e3o p\u00fablica. Ambos os munic\u00edpios saem fortalecidos desse encontro, prontos para aplicar novos conhecimentos em prol do desenvolvimento de suas comunidades.<\/p>\n<\/div>\n<p>&nbsp;<\/p>\n<p>&nbsp;<\/p>\n<p>*Assessoria C\u00e2mara Municipal<\/p>\n","protected":false},"excerpt":{"rendered":"<p>Na manh\u00e3 desta quinta-feira (28), a C\u00e2mara Municipal de Chapad\u00e3o do Sul recebeu a visita dos vereadores, Jos\u00e9 Carlos Batista e Jo\u00e3o Neto da Silva, do munic\u00edpio de Itiquira, no estado de Mato Grosso. O encontro teve como objetivo permitir que os representantes de Itiquira conhecessem a estrutura e o funcionamento da C\u00e2mara de Chapad\u00e3o [&hellip;]<\/p>\n","protected":false},"author":5,"featured_media":252867,"comment_status":"closed","ping_status":"closed","sticky":false,"template":"","format":"standard","meta":{"footnotes":""},"categories":[20,23],"tags":[],"class_list":["post-252861","post","type-post","status-publish","format-standard","has-post-thumbnail","hentry","category-camara-municipal","category-chapadao-do-sul"],"_links":{"self":[{"href":"https:\/\/www.ocorreionews.com.br\/acervo-correio\/index.php?rest_route=\/wp\/v2\/posts\/252861","targetHints":{"allow":["GET"]}}],"collection":[{"href":"https:\/\/www.ocorreionews.com.br\/acervo-correio\/index.php?rest_route=\/wp\/v2\/posts"}],"about":[{"href":"https:\/\/www.ocorreionews.com.br\/acervo-correio\/index.php?rest_route=\/wp\/v2\/types\/post"}],"author":[{"embeddable":true,"href":"https:\/\/www.ocorreionews.com.br\/acervo-correio\/index.php?rest_route=\/wp\/v2\/users\/5"}],"replies":[{"embeddable":true,"href":"https:\/\/www.ocorreionews.com.br\/acervo-correio\/index.php?rest_route=%2Fwp%2Fv2%2Fcomments&post=252861"}],"version-history":[{"count":1,"href":"https:\/\/www.ocorreionews.com.br\/acervo-correio\/index.php?rest_route=\/wp\/v2\/posts\/252861\/revisions"}],"predecessor-version":[{"id":252862,"href":"https:\/\/www.ocorreionews.com.br\/acervo-correio\/index.php?rest_route=\/wp\/v2\/posts\/252861\/revisions\/252862"}],"wp:featuredmedia":[{"embeddable":true,"href":"https:\/\/www.ocorreionews.com.br\/acervo-correio\/index.php?rest_route=\/wp\/v2\/media\/252867"}],"wp:attachment":[{"href":"https:\/\/www.ocorreionews.com.br\/acervo-correio\/index.php?rest_route=%2Fwp%2Fv2%2Fmedia&parent=252861"}],"wp:term":[{"taxonomy":"category","embeddable":true,"href":"https:\/\/www.ocorreionews.com.br\/acervo-correio\/index.php?rest_route=%2Fwp%2Fv2%2Fcategories&post=252861"},{"taxonomy":"post_tag","embeddable":true,"href":"https:\/\/www.ocorreionews.com.br\/acervo-correio\/index.php?rest_route=%2Fwp%2Fv2%2Ftags&post=252861"}],"curies":[{"name":"wp","href":"https:\/\/api.w.org\/{rel}","templated":true}]}}