{"id":252863,"date":"2023-09-29T08:41:37","date_gmt":"2023-09-29T12:41:37","guid":{"rendered":"https:\/\/www.ocorreionews.com.br\/acervo-correio\/?p=252863"},"modified":"2023-09-29T08:41:37","modified_gmt":"2023-09-29T12:41:37","slug":"com-acoes-para-ampliar-a-competitividade-de-paraiso-das-aguas-sebrae-e-prefeitura-lancam-agenda-estrategica","status":"publish","type":"post","link":"https:\/\/www.ocorreionews.com.br\/acervo-correio\/?p=252863","title":{"rendered":"Com a\u00e7\u00f5es para ampliar a competitividade de Para\u00edso das \u00c1guas, Sebrae e Prefeitura lan\u00e7am Agenda Estrat\u00e9gica"},"content":{"rendered":"<p>Promover a cidade, destacando as potencialidades que possui para consolidar a imagem do munic\u00edpio no cen\u00e1rio regional, al\u00e9m de realizar a\u00e7\u00f5es voltadas a inclus\u00e3o produtiva, trazendo oportunidades de gera\u00e7\u00e3o de renda para a popula\u00e7\u00e3o a partir do fomento ao empreendedorismo. Essas s\u00e3o as propostas da Agenda Estrat\u00e9gica de Para\u00edso das \u00c1guas, lan\u00e7ada na noite dessa quarta-feira (27), pelo Sebrae\/MS e Prefeitura Municipal, por meio do programa Cidade Empreendedora.<\/p>\n<p>Segundo o prefeito de Para\u00edso das \u00c1guas, An\u00edsio de Andrade, a Agenda Estrat\u00e9gica \u00e9 extremamente importante para o desenvolvimento econ\u00f4mico do munic\u00edpio. \u201cOs empres\u00e1rios e a popula\u00e7\u00e3o, atrav\u00e9s do programa Cidade Empreendedora, buscam se especializar e inovar, isso gera emprego, renda e contribui para o progresso de Para\u00edso das \u00c1guas. Com o lan\u00e7amento chegou a hora de colocar em pr\u00e1tica tudo o que o Sebrae est\u00e1 propondo\u201d, ressaltou.<\/p>\n<p><img decoding=\"async\" class=\"lb-image\" src=\"http:\/\/www.paraisodasaguas.ms.gov.br\/uploads\/noticia\/imagem-do-whatsapp-de-2023-09-28-as-080313.jpg\" \/><\/p>\n<p>De acordo com a gerente da Regional Norte do Sebrae\/MS, Luzicarla Softov, o Sebrae\/MS, inicia uma nova fase em Para\u00edso das \u00c1guas, o Ciclo Expans\u00e3o. \u201cTrabalharemos a competitividade do munic\u00edpio e a especializa\u00e7\u00e3o de pessoas em situa\u00e7\u00e3o de vulnerabilidade social, promovendo emprego e renda. A agenda \u00e9 mais uma iniciativa do Cidade Empreendedora e prop\u00f5e uma s\u00e9rie de a\u00e7\u00f5es que ir\u00e3o fomentar o desenvolvimento e dinamizar a economia\u201d, esclareceu.<\/p>\n<p>Durante o lan\u00e7amento, as 32 a\u00e7\u00f5es que integram a Agenda Estrat\u00e9gica de Para\u00edso das \u00c1guas foram apresentadas ao p\u00fablico pelo secret\u00e1rio de Desenvolvimento Econ\u00f4mico e Meio Ambiente e Turismo, Wilson Matheus. <a name=\"_Hlk146732126\"><\/a>O gestor esclareceu que as iniciativas ser\u00e3o executadas em at\u00e9 2024 e representam mais um passo importante para a promo\u00e7\u00e3o do crescimento sustent\u00e1vel do munic\u00edpio.<\/p>\n<p>\u201cO munic\u00edpio vem em um processo de expans\u00e3o e desenvolvimento, com a parceria entre a prefeitura e o Sebrae\/MS. A agenda traz um norte para a execu\u00e7\u00e3o das a\u00e7\u00f5es, onde trabalharemos diversas frentes e de forma sustent\u00e1vel, desta forma realizar nosso papel como gestores p\u00fablicos oferecer conhecimento e ferramentas para que as pessoas possam crescer n\u00e3o s\u00f3 financeiramente, mas como cidad\u00e3os\u201d, pontuou o secret\u00e1rio.<\/p>\n<p><img decoding=\"async\" class=\"lb-image\" src=\"http:\/\/www.paraisodasaguas.ms.gov.br\/uploads\/noticia\/imagem-do-whatsapp-de-2023-09-28-as-080303.jpg\" \/><\/p>\n<p><strong>A\u00e7\u00f5es da Agenda Estrat\u00e9gica de Para\u00edso das \u00c1guas<\/strong><\/p>\n<p>A Agenda Estrat\u00e9gica de Para\u00edso das \u00c1guas \u00e9 embasada em dois eixos principais, selecionados pela Prefeitura ao aderir ao ciclo Expans\u00e3o do programa Cidade Empreendedora: \u201cCidade + Competitiva\u201d e \u201cCidade Inclusiva\u201d. Grande parte dessas iniciativas est\u00e1 focada em promover a cidade, destacando as potencialidades do munic\u00edpio e as oportunidades de investimento de modo refor\u00e7ar e consolidar a imagem do local para quem \u00e9 de fora. ser\u00e1 feito um trabalho no \u00e2mbito do marketing territorial, para a constru\u00e7\u00e3o de uma identidade para o munic\u00edpio, al\u00e9m de auxiliar que a cidade se posicione de forma estrat\u00e9gica para atrair novos neg\u00f3cios, alavancar a \u00e1rea do turismo e promover o desenvolvimento.<\/p>\n<p>J\u00e1 outras a\u00e7\u00f5es ser\u00e3o desenvolvidas com a proposta de gerar oportunidades de aquisi\u00e7\u00e3o de renda por meio do empreendedorismo para quem n\u00e3o est\u00e1 inserido no mercado de trabalho, principalmente, no caso de mulheres em situa\u00e7\u00e3o de vulnerabilidade. al\u00e9m disso, a vertente tamb\u00e9m ir\u00e1 atuar no fortalecimento das organiza\u00e7\u00f5es, como associa\u00e7\u00e3o comercial e sindicato rural, de modo a fomentar o empreendedorismo e formar uma rede de apoio. com esse trabalho, a proposta \u00e9 combater a vulnerabilidade social e trazer mais qualidade de vida para a popula\u00e7\u00e3o, al\u00e9m de fomentar a gera\u00e7\u00e3o de emprego no munic\u00edpio e a promo\u00e7\u00e3o do desenvolvimento.<\/p>\n<p>Acesse o link <a href=\"https:\/\/bit.ly\/AgendaEstrategicaParaisoDasAguas\">bit.ly\/AgendaEstrategicaParaisoDasAguas<\/a> e confira todas as a\u00e7\u00f5es que ir\u00e3o auxiliar a dinamizar a economia e aumentar a competitividade do munic\u00edpio. Mais informa\u00e7\u00f5es sobre o programa Cidade Empreendedora podem ser obtidas por meio da Central de Relacionamento do Sebrae\/MS no n\u00famero 0800 570 0800 ou atrav\u00e9s do site <a href=\"https:\/\/cidadeempreendedora.ms.sebrae.com.br\/\">cidadeempreendedora.ms.sebrae.com.br<\/a>.<\/p>\n<p>&nbsp;<\/p>\n<p>&nbsp;<\/p>\n<p>*Assessoria<\/p>\n","protected":false},"excerpt":{"rendered":"<p>Promover a cidade, destacando as potencialidades que possui para consolidar a imagem do munic\u00edpio no cen\u00e1rio regional, al\u00e9m de realizar a\u00e7\u00f5es voltadas a inclus\u00e3o produtiva, trazendo oportunidades de gera\u00e7\u00e3o de renda para a popula\u00e7\u00e3o a partir do fomento ao empreendedorismo. Essas s\u00e3o as propostas da Agenda Estrat\u00e9gica de Para\u00edso das \u00c1guas, lan\u00e7ada na noite dessa [&hellip;]<\/p>\n","protected":false},"author":5,"featured_media":252864,"comment_status":"closed","ping_status":"closed","sticky":false,"template":"","format":"standard","meta":{"footnotes":""},"categories":[36],"tags":[],"class_list":["post-252863","post","type-post","status-publish","format-standard","has-post-thumbnail","hentry","category-paraiso-das-aguas"],"_links":{"self":[{"href":"https:\/\/www.ocorreionews.com.br\/acervo-correio\/index.php?rest_route=\/wp\/v2\/posts\/252863","targetHints":{"allow":["GET"]}}],"collection":[{"href":"https:\/\/www.ocorreionews.com.br\/acervo-correio\/index.php?rest_route=\/wp\/v2\/posts"}],"about":[{"href":"https:\/\/www.ocorreionews.com.br\/acervo-correio\/index.php?rest_route=\/wp\/v2\/types\/post"}],"author":[{"embeddable":true,"href":"https:\/\/www.ocorreionews.com.br\/acervo-correio\/index.php?rest_route=\/wp\/v2\/users\/5"}],"replies":[{"embeddable":true,"href":"https:\/\/www.ocorreionews.com.br\/acervo-correio\/index.php?rest_route=%2Fwp%2Fv2%2Fcomments&post=252863"}],"version-history":[{"count":1,"href":"https:\/\/www.ocorreionews.com.br\/acervo-correio\/index.php?rest_route=\/wp\/v2\/posts\/252863\/revisions"}],"predecessor-version":[{"id":252865,"href":"https:\/\/www.ocorreionews.com.br\/acervo-correio\/index.php?rest_route=\/wp\/v2\/posts\/252863\/revisions\/252865"}],"wp:featuredmedia":[{"embeddable":true,"href":"https:\/\/www.ocorreionews.com.br\/acervo-correio\/index.php?rest_route=\/wp\/v2\/media\/252864"}],"wp:attachment":[{"href":"https:\/\/www.ocorreionews.com.br\/acervo-correio\/index.php?rest_route=%2Fwp%2Fv2%2Fmedia&parent=252863"}],"wp:term":[{"taxonomy":"category","embeddable":true,"href":"https:\/\/www.ocorreionews.com.br\/acervo-correio\/index.php?rest_route=%2Fwp%2Fv2%2Fcategories&post=252863"},{"taxonomy":"post_tag","embeddable":true,"href":"https:\/\/www.ocorreionews.com.br\/acervo-correio\/index.php?rest_route=%2Fwp%2Fv2%2Ftags&post=252863"}],"curies":[{"name":"wp","href":"https:\/\/api.w.org\/{rel}","templated":true}]}}