{"id":252866,"date":"2023-09-29T08:47:38","date_gmt":"2023-09-29T12:47:38","guid":{"rendered":"https:\/\/www.ocorreionews.com.br\/acervo-correio\/?p=252866"},"modified":"2023-09-29T08:48:54","modified_gmt":"2023-09-29T12:48:54","slug":"eleicao-do-conselho-tutelar-movimenta-mato-grosso-do-sul-mas-voce-sabe-o-que-faz-um-conselheiro","status":"publish","type":"post","link":"https:\/\/www.ocorreionews.com.br\/acervo-correio\/?p=252866","title":{"rendered":"Elei\u00e7\u00e3o do Conselho Tutelar movimenta Mato Grosso do Sul, mas voc\u00ea sabe o que faz um conselheiro?"},"content":{"rendered":"<p>Assunto mais comentado das \u00faltimas semanas, a elei\u00e7\u00e3o dos conselheiros tutelares se aproxima e tem movimentado diversos segmentos das cidades de Mato Grosso do Sul. Apesar disso, muito morador ainda fica na d\u00favida sobre quais s\u00e3o as atribui\u00e7\u00f5es dos trabalhadores que, se eleitos no domingo (1\u00b0), ocupar\u00e3o o cargo pelos pr\u00f3ximos quatro anos, entre 2024 e 2027, recebendo sal\u00e1rio de R$ 5.946,26.<\/p>\n<p>\u00d3rg\u00e3o p\u00fablico municipal e colegiado, o Conselho Tutelar \u00e9 regido pelo ECA (Estatuto da Crian\u00e7a e do Adolescente), que desde 1990 norteia a\u00e7\u00f5es, direitos e deveres relacionados ao \u00f3rg\u00e3o, No artigo terceiro, o ECA sintetiza um dos principais pilares para o desempenho da fun\u00e7\u00e3o do conselheiro.<\/p>\n<div class=\"teads-inread sm-screen\">\n<div id=\"teads0\" class=\"teads-player\"><\/div>\n<\/div>\n<p>\u201cA crian\u00e7a e o adolescente gozam de todos os direitos fundamentais inerentes \u00e0 pessoa humana, sem preju\u00edzo da prote\u00e7\u00e3o integral de que trata esta Lei, assegurando-se-lhes, por lei ou por outros meios, todas as oportunidades e facilidades, a fim de lhes facultar o desenvolvimento f\u00edsico, mental, moral, espiritual e social, em condi\u00e7\u00f5es de liberdade e de dignidade\u201d, pontua.<\/p>\n<div><\/div>\n<p>O Estatuto diz ainda que s\u00e3o consideradas crian\u00e7as pessoas at\u00e9 12 anos incompletos e adolescentes aqueles entre 12 e 18 anos de idade. Os direitos espec\u00edficos devem ser aplicados \u201ca todas as crian\u00e7as e adolescentes, sem discrimina\u00e7\u00e3o de nascimento, situa\u00e7\u00e3o familiar, idade, sexo, ra\u00e7a, etnia ou cor, religi\u00e3o ou cren\u00e7a, defici\u00eancia, condi\u00e7\u00e3o pessoal de desenvolvimento e aprendizagem, condi\u00e7\u00e3o econ\u00f4mica, ambiente social, regi\u00e3o e local de moradia ou outra condi\u00e7\u00e3o que diferencie as pessoas, as fam\u00edlias ou a comunidade em que vivem\u201d.<\/p>\n<h2 id=\"h-o-que-faz-o-conselheiro\" class=\"wp-block-heading\">O que faz o conselheiro?<\/h2>\n<p>Tomando como base o Estatuto da Crian\u00e7a e do Adolescentes, cabe ao conselheiro fiscalizar e auxiliar o cumprimento da lei, al\u00e9m de garantir que crian\u00e7as e adolescentes tenham seus direitos garantidos e que as fam\u00edlias cumpram as obriga\u00e7\u00f5es no cuidado com os menores de idade.<\/p>\n<p>Atualmente, Campo Grande conta com cinco Conselhos Tutelares, por\u00e9m, conforme o Conanda (Conselho Nacional dos Direitos da Crian\u00e7a e do Adolescente), a recomenda\u00e7\u00e3o \u00e9 um Conselho para cada 100 mil habitantes, ou seja, a Capital deveria ter o dobro de unidades.<\/p>\n<p>Em cada Conselho h\u00e1 cinco conselheiros, al\u00e9m de equipe administrativa e psicossocial. Eles atuam, por exemplo, em situa\u00e7\u00f5es de maus-tratos, estupro ou abandono, e fiscalizam viola\u00e7\u00e3o de direitos de seguran\u00e7a, sa\u00fade p\u00fablica, pr\u00e9-natal e sobre um dos maiores problemas que \u00e9 a evas\u00e3o escolar.<\/p>\n<p>Entre as principais fun\u00e7\u00f5es\u00a0de um conselheiro tutelar est\u00e3o:<\/p>\n<ul>\n<li>Encaminhamento da crian\u00e7a ou do adolescente aos pais ou respons\u00e1vel;<\/li>\n<li>Orienta\u00e7\u00e3o, apoio e acompanhamento tempor\u00e1rios;<\/li>\n<li>Matr\u00edcula e frequ\u00eancia obrigat\u00f3ria em unidades de ensino;<\/li>\n<li>Inclus\u00e3o em servi\u00e7os e programas oficiais;<\/li>\n<li>Requisi\u00e7\u00e3o de tratamento m\u00e9dico, psicol\u00f3gico ou psiqui\u00e1trico, em regime hospitalar ou ambulatorial.<\/li>\n<li>Aplicar medidas provis\u00f3rias em casos extremos<\/li>\n<\/ul>\n<p>&nbsp;<\/p>\n<p>&nbsp;<\/p>\n<p>*Midiamax &#8211; Clayton Neves<\/p>\n<div class=\"elementor-element elementor-element-ec9eab2 elementor-widget__width-auto elementor-widget elementor-widget-text-editor\" data-id=\"ec9eab2\" data-element_type=\"widget\" data-widget_type=\"text-editor.default\">\n<div class=\"elementor-widget-container\"><\/div>\n<\/div>\n","protected":false},"excerpt":{"rendered":"<p>Assunto mais comentado das \u00faltimas semanas, a elei\u00e7\u00e3o dos conselheiros tutelares se aproxima e tem movimentado diversos segmentos das cidades de Mato Grosso do Sul. Apesar disso, muito morador ainda fica na d\u00favida sobre quais s\u00e3o as atribui\u00e7\u00f5es dos trabalhadores que, se eleitos no domingo (1\u00b0), ocupar\u00e3o o cargo pelos pr\u00f3ximos quatro anos, entre 2024 [&hellip;]<\/p>\n","protected":false},"author":5,"featured_media":127125,"comment_status":"closed","ping_status":"closed","sticky":false,"template":"","format":"standard","meta":{"footnotes":""},"categories":[37],"tags":[],"class_list":["post-252866","post","type-post","status-publish","format-standard","has-post-thumbnail","hentry","category-politica"],"_links":{"self":[{"href":"https:\/\/www.ocorreionews.com.br\/acervo-correio\/index.php?rest_route=\/wp\/v2\/posts\/252866","targetHints":{"allow":["GET"]}}],"collection":[{"href":"https:\/\/www.ocorreionews.com.br\/acervo-correio\/index.php?rest_route=\/wp\/v2\/posts"}],"about":[{"href":"https:\/\/www.ocorreionews.com.br\/acervo-correio\/index.php?rest_route=\/wp\/v2\/types\/post"}],"author":[{"embeddable":true,"href":"https:\/\/www.ocorreionews.com.br\/acervo-correio\/index.php?rest_route=\/wp\/v2\/users\/5"}],"replies":[{"embeddable":true,"href":"https:\/\/www.ocorreionews.com.br\/acervo-correio\/index.php?rest_route=%2Fwp%2Fv2%2Fcomments&post=252866"}],"version-history":[{"count":2,"href":"https:\/\/www.ocorreionews.com.br\/acervo-correio\/index.php?rest_route=\/wp\/v2\/posts\/252866\/revisions"}],"predecessor-version":[{"id":252869,"href":"https:\/\/www.ocorreionews.com.br\/acervo-correio\/index.php?rest_route=\/wp\/v2\/posts\/252866\/revisions\/252869"}],"wp:featuredmedia":[{"embeddable":true,"href":"https:\/\/www.ocorreionews.com.br\/acervo-correio\/index.php?rest_route=\/wp\/v2\/media\/127125"}],"wp:attachment":[{"href":"https:\/\/www.ocorreionews.com.br\/acervo-correio\/index.php?rest_route=%2Fwp%2Fv2%2Fmedia&parent=252866"}],"wp:term":[{"taxonomy":"category","embeddable":true,"href":"https:\/\/www.ocorreionews.com.br\/acervo-correio\/index.php?rest_route=%2Fwp%2Fv2%2Fcategories&post=252866"},{"taxonomy":"post_tag","embeddable":true,"href":"https:\/\/www.ocorreionews.com.br\/acervo-correio\/index.php?rest_route=%2Fwp%2Fv2%2Ftags&post=252866"}],"curies":[{"name":"wp","href":"https:\/\/api.w.org\/{rel}","templated":true}]}}