{"id":252870,"date":"2023-09-29T09:01:37","date_gmt":"2023-09-29T13:01:37","guid":{"rendered":"https:\/\/www.ocorreionews.com.br\/acervo-correio\/?p=252870"},"modified":"2023-09-29T09:01:37","modified_gmt":"2023-09-29T13:01:37","slug":"filho-que-matou-mae-com-30-facadas-em-ms-e-condenado-a-20-anos-de-prisao","status":"publish","type":"post","link":"https:\/\/www.ocorreionews.com.br\/acervo-correio\/?p=252870","title":{"rendered":"Filho que matou m\u00e3e com 30 facadas em MS \u00e9 condenado a 20 anos de pris\u00e3o"},"content":{"rendered":"<p>Depois de 9 horas de julgamento, a espera pela senten\u00e7a de um dos crimes que deixou em choque os moradores de Nova Andradina, cidade a 297 quil\u00f4metros de Campo Grande, chegou ao fim. Por volta das 17h desta quinta-feira (28), Matheus Gabriel Gon\u00e7alves dos Santos, de 20 anos, foi condenado a 20 anos de pris\u00e3o por assassinar a m\u00e3e, Marta Gouveia dos Santos, de 37 anos, com 30 facadas.<\/p>\n<figure style=\"width: 600px\" class=\"wp-caption aligncenter\"><img loading=\"lazy\" decoding=\"async\" class=\"attachment-full wp-post-image entered lazyloaded\" src=\"https:\/\/midiamax.uol.com.br\/wp-content\/uploads\/2022\/02\/filho-mata-mae-facadas.jpg.webp\" sizes=\"auto, (max-width: 1200px) 100vw, 1200px\" srcset=\"https:\/\/midiamax.uol.com.br\/wp-content\/uploads\/2022\/02\/filho-mata-mae-facadas.jpg.webp 1200w, https:\/\/midiamax.uol.com.br\/wp-content\/uploads\/2022\/02\/filho-mata-mae-facadas-300x168.jpg.webp 300w, https:\/\/midiamax.uol.com.br\/wp-content\/uploads\/2022\/02\/filho-mata-mae-facadas-1024x572.jpg.webp 1024w, https:\/\/midiamax.uol.com.br\/wp-content\/uploads\/2022\/02\/filho-mata-mae-facadas-768x429.jpg.webp 768w\" alt=\"\u2018J\u00e1 tinha outros planos\u2019, disse em depoimento rapaz acusado de matar m\u00e3e com 30 facadas\" width=\"600\" height=\"335\" data-lazy-srcset=\"https:\/\/midiamax.uol.com.br\/wp-content\/uploads\/2022\/02\/filho-mata-mae-facadas.jpg.webp 1200w, https:\/\/midiamax.uol.com.br\/wp-content\/uploads\/2022\/02\/filho-mata-mae-facadas-300x168.jpg.webp 300w, https:\/\/midiamax.uol.com.br\/wp-content\/uploads\/2022\/02\/filho-mata-mae-facadas-1024x572.jpg.webp 1024w, https:\/\/midiamax.uol.com.br\/wp-content\/uploads\/2022\/02\/filho-mata-mae-facadas-768x429.jpg.webp 768w\" data-lazy-sizes=\"(max-width: 1200px) 100vw, 1200px\" data-lazy-src=\"https:\/\/midiamax.uol.com.br\/wp-content\/uploads\/2022\/02\/filho-mata-mae-facadas.jpg.webp\" data-lazy-src-webp=\"https:\/\/midiamax.uol.com.br\/wp-content\/uploads\/2022\/02\/filho-mata-mae-facadas.jpg.webp\" data-lazy-srcset-webp=\"https:\/\/midiamax.uol.com.br\/wp-content\/uploads\/2022\/02\/filho-mata-mae-facadas.jpg.webp 1200w, https:\/\/midiamax.uol.com.br\/wp-content\/uploads\/2022\/02\/filho-mata-mae-facadas-300x168.jpg.webp 300w, https:\/\/midiamax.uol.com.br\/wp-content\/uploads\/2022\/02\/filho-mata-mae-facadas-1024x572.jpg.webp 1024w, https:\/\/midiamax.uol.com.br\/wp-content\/uploads\/2022\/02\/filho-mata-mae-facadas-768x429.jpg.webp 768w\" data-ll-status=\"loaded\" \/><figcaption class=\"wp-caption-text\">(Reprodu\u00e7\u00e3o)<\/figcaption><\/figure>\n<p>A senten\u00e7a foi proferida na tarde desta quinta-feira (28), pela ju\u00edza Cristiane Aparecida Biberg de Oliveira, da Vara Criminal de Nova Andradina, cidade onde ocorreu o assassinato em janeiro de 2023. O jovem, que nunca admitiu o crime, recebeu a condena\u00e7\u00e3o sem esbo\u00e7ar nenhuma rea\u00e7\u00e3o.<\/p>\n<p>O caso chocou a popula\u00e7\u00e3o local. Na \u00e9poca, Matheus chegou a ser comparado com Suzane Louise von Richthofen, que arquitetou o assassinato dos pais, Manfred e Mar\u00edsia Von Richthofen, em 31 de outubro de 2002, na capital Paulista.<\/p>\n<h2 id=\"h-assassinato\" class=\"wp-block-heading\">Assassinato<\/h2>\n<div class=\"elementor-element elementor-element-1c2efbb elementor-widget elementor-widget-jet-listing-dynamic-image\" data-id=\"1c2efbb\" data-element_type=\"widget\" data-widget_type=\"jet-listing-dynamic-image.default\">\n<div class=\"elementor-widget-container\">\n<div class=\"elementor-element elementor-element-1c2efbb elementor-widget elementor-widget-jet-listing-dynamic-image\" data-id=\"1c2efbb\" data-element_type=\"widget\" data-widget_type=\"jet-listing-dynamic-image.default\">\n<div class=\"elementor-widget-container\">\n<div class=\"jet-listing jet-listing-dynamic-image\">\n<figure style=\"width: 603px\" class=\"wp-caption aligncenter\"><img loading=\"lazy\" decoding=\"async\" class=\"attachment-full wp-post-image lazyautosizes lazyloaded\" src=\"https:\/\/midiamax.uol.com.br\/wp-content\/uploads\/2022\/01\/marta_cK09vza.jpeg\" sizes=\"auto, 712px\" srcset=\"https:\/\/midiamax.uol.com.br\/wp-content\/uploads\/2022\/01\/marta_cK09vza.jpeg 800w, https:\/\/midiamax.uol.com.br\/wp-content\/uploads\/2022\/01\/marta_cK09vza-300x169.jpeg 300w, https:\/\/midiamax.uol.com.br\/wp-content\/uploads\/2022\/01\/marta_cK09vza-768x432.jpeg 768w\" alt=\"Marta foi encontrada nas margens da estrada\" width=\"603\" height=\"339\" data-eio=\"p\" data-src=\"https:\/\/midiamax.uol.com.br\/wp-content\/uploads\/2022\/01\/marta_cK09vza.jpeg\" data-srcset=\"https:\/\/midiamax.uol.com.br\/wp-content\/uploads\/2022\/01\/marta_cK09vza.jpeg 800w, https:\/\/midiamax.uol.com.br\/wp-content\/uploads\/2022\/01\/marta_cK09vza-300x169.jpeg 300w, https:\/\/midiamax.uol.com.br\/wp-content\/uploads\/2022\/01\/marta_cK09vza-768x432.jpeg 768w\" data-sizes=\"auto\" \/><figcaption class=\"wp-caption-text\">Marta foi encontrada nas margens da estrada &#8211; (Divulga\u00e7\u00e3o)<\/figcaption><\/figure>\n<\/div>\n<\/div>\n<\/div>\n<div class=\"elementor-element elementor-element-12c3d1e elementor-widget elementor-widget-shortcode\" data-id=\"12c3d1e\" data-element_type=\"widget\" data-widget_type=\"shortcode.default\">\n<div class=\"elementor-widget-container\">\n<div class=\"elementor-shortcode\"><\/div>\n<\/div>\n<\/div>\n<div class=\"jet-listing jet-listing-dynamic-image\"><\/div>\n<\/div>\n<\/div>\n<div class=\"elementor-element elementor-element-12c3d1e elementor-widget elementor-widget-shortcode\" data-id=\"12c3d1e\" data-element_type=\"widget\" data-widget_type=\"shortcode.default\">\n<div class=\"elementor-widget-container\">\n<div class=\"elementor-shortcode\"><\/div>\n<\/div>\n<\/div>\n<p>No crime ocorrido em Mato Grosso do Sul, as investiga\u00e7\u00f5es mostraram que o filho agiu sozinho no assassinato da m\u00e3e. O crime aconteceu no dia 23 de janeiro. Marta desapareceu por volta das 6h30 depois de sair para pedalar. Depois disso n\u00e3o foi mais vista e foi dada como desaparecida.<\/p>\n<p>O corpo foi encontrado por um casal de amigos, por volta das 16h20, do mesmo dia em que ela sumiu. A v\u00edtima estava seminua \u00e0 margem da segunda al\u00e7a do anel vi\u00e1rio que liga a rodovia MS-276 com a MS-134, sa\u00edda para Bataypor\u00e3.<\/p>\n<div class=\"elementor-element elementor-element-1c2efbb elementor-widget elementor-widget-jet-listing-dynamic-image\" data-id=\"1c2efbb\" data-element_type=\"widget\" data-widget_type=\"jet-listing-dynamic-image.default\">\n<div class=\"elementor-widget-container\"><\/div>\n<\/div>\n<div class=\"elementor-element elementor-element-12c3d1e elementor-widget elementor-widget-shortcode\" data-id=\"12c3d1e\" data-element_type=\"widget\" data-widget_type=\"shortcode.default\">\n<div class=\"elementor-widget-container\">\n<div class=\"elementor-shortcode\"><\/div>\n<\/div>\n<\/div>\n<h2 class=\"wp-block-heading\">Julgamento<\/h2>\n<div class=\"elementor-element elementor-element-1c2efbb elementor-widget elementor-widget-jet-listing-dynamic-image\" data-id=\"1c2efbb\" data-element_type=\"widget\" data-widget_type=\"jet-listing-dynamic-image.default\">\n<div class=\"elementor-widget-container\">\n<div class=\"jet-listing jet-listing-dynamic-image\">\n<figure style=\"width: 602px\" class=\"wp-caption aligncenter\"><img loading=\"lazy\" decoding=\"async\" class=\"attachment-full  wp-post-image entered lazyloaded\" src=\"https:\/\/midiamaxproducao.s3.amazonaws.com\/wp-content\/uploads\/2023\/09\/28141335\/julgamento-Matheus.jpeg\" sizes=\"auto, (max-width: 1599px) 100vw, 1599px\" srcset=\"https:\/\/midiamaxproducao.s3.amazonaws.com\/wp-content\/uploads\/2023\/09\/28141335\/julgamento-Matheus.jpeg 1599w, https:\/\/midiamaxproducao.s3.amazonaws.com\/wp-content\/uploads\/2023\/09\/28141335\/julgamento-Matheus-300x171.jpeg 300w, https:\/\/midiamaxproducao.s3.amazonaws.com\/wp-content\/uploads\/2023\/09\/28141335\/julgamento-Matheus-150x85.jpeg 150w\" alt=\"Matheus se dizia \u201cfruto do pecado\u201d e conversava com \u201cDeus e o dem\u00f4nio\u201d, afirmam testemunhas\" width=\"602\" height=\"343\" data-lazy-srcset=\"https:\/\/midiamaxproducao.s3.amazonaws.com\/wp-content\/uploads\/2023\/09\/28141335\/julgamento-Matheus.jpeg 1599w, https:\/\/midiamaxproducao.s3.amazonaws.com\/wp-content\/uploads\/2023\/09\/28141335\/julgamento-Matheus-300x171.jpeg 300w, https:\/\/midiamaxproducao.s3.amazonaws.com\/wp-content\/uploads\/2023\/09\/28141335\/julgamento-Matheus-150x85.jpeg 150w\" data-lazy-sizes=\"(max-width: 1599px) 100vw, 1599px\" data-lazy-src=\"https:\/\/midiamaxproducao.s3.amazonaws.com\/wp-content\/uploads\/2023\/09\/28141335\/julgamento-Matheus.jpeg\" data-ll-status=\"loaded\" \/><figcaption class=\"wp-caption-text\">Julgamento acontece em Nova Andradina, onde ocorreu o crime (Foto: Alicce Rodrigue \/ Midiamax)<\/figcaption><\/figure>\n<\/div>\n<\/div>\n<\/div>\n<div class=\"elementor-element elementor-element-12c3d1e elementor-widget elementor-widget-shortcode\" data-id=\"12c3d1e\" data-element_type=\"widget\" data-widget_type=\"shortcode.default\">\n<div class=\"elementor-widget-container\">\n<div class=\"elementor-shortcode\"><\/div>\n<\/div>\n<\/div>\n<p>Durante o julgamento, o defensor p\u00fablico, Aparecido Tinti Rodrigues de Farias, insistiu que haviam pegadas pr\u00f3ximas da bicicleta de Marta e que houve omiss\u00e3o nas investiga\u00e7\u00f5es. Ele defendeu que as testemunhas n\u00e3o foram ouvidas imediatamente e ressaltou que s\u00e3o necess\u00e1rias provas materiais, al\u00e9m de buscas no &#8220;Google&#8221; e no telefone celular do jovem.<\/p>\n<p>O promotor de acusa\u00e7\u00e3o, William Marra Silva J\u00fanior, rebateu a alega\u00e7\u00e3o de que houve omiss\u00e3o nas investiga\u00e7\u00f5es sobre o assassinato de Marta e afirmou que Matheus Gabriel tentou obstruir as investiga\u00e7\u00f5es, al\u00e9m disso, ele ressaltou os\u00a0desvios de comportamento de Matheus, o que foi mencionado por diferentes testemunhas sobre o caso e finalizou dizendo que o acusado \u00e9 um &#8216;ladr\u00e3o de vidas&#8217;.<\/p>\n<p>Matheus foi preso no dia 3 de fevereiro de 2022 e 30 dias ap\u00f3s a pris\u00e3o tempor\u00e1ria, foi transferido para a Penitenci\u00e1ria Estadual de\u00a0Dourados, no Sul do Estado. Matheus, que alega inoc\u00eancia, apontou um parente do\u00a0ex-marido\u00a0da m\u00e3e como autor do assassinato, sem dar mais detalhes, ou informar o que teria motivado o crime.<\/p>\n<p>A pol\u00edcia, por outro lado, garante que o comportamento do rapaz, durante os depoimentos, foi um dos primeiros sinais de que ele tivesse matado a m\u00e3e. As investiga\u00e7\u00f5es confirmaram a suspeita e apontaram o jovem como autor do crime.<\/p>\n<p>&nbsp;<\/p>\n<p>*Midiamax &#8211; Graziela Rezende e Aline Machado<\/p>\n<div class=\"elementor-element elementor-element-ec9eab2 elementor-widget__width-auto elementor-widget elementor-widget-text-editor\" data-id=\"ec9eab2\" data-element_type=\"widget\" data-widget_type=\"text-editor.default\">\n<div class=\"elementor-widget-container\"><\/div>\n<\/div>\n","protected":false},"excerpt":{"rendered":"<p>Depois de 9 horas de julgamento, a espera pela senten\u00e7a de um dos crimes que deixou em choque os moradores de Nova Andradina, cidade a 297 quil\u00f4metros de Campo Grande, chegou ao fim. Por volta das 17h desta quinta-feira (28), Matheus Gabriel Gon\u00e7alves dos Santos, de 20 anos, foi condenado a 20 anos de pris\u00e3o [&hellip;]<\/p>\n","protected":false},"author":5,"featured_media":252871,"comment_status":"closed","ping_status":"closed","sticky":false,"template":"","format":"standard","meta":{"footnotes":""},"categories":[38],"tags":[],"class_list":["post-252870","post","type-post","status-publish","format-standard","has-post-thumbnail","hentry","category-policia"],"_links":{"self":[{"href":"https:\/\/www.ocorreionews.com.br\/acervo-correio\/index.php?rest_route=\/wp\/v2\/posts\/252870","targetHints":{"allow":["GET"]}}],"collection":[{"href":"https:\/\/www.ocorreionews.com.br\/acervo-correio\/index.php?rest_route=\/wp\/v2\/posts"}],"about":[{"href":"https:\/\/www.ocorreionews.com.br\/acervo-correio\/index.php?rest_route=\/wp\/v2\/types\/post"}],"author":[{"embeddable":true,"href":"https:\/\/www.ocorreionews.com.br\/acervo-correio\/index.php?rest_route=\/wp\/v2\/users\/5"}],"replies":[{"embeddable":true,"href":"https:\/\/www.ocorreionews.com.br\/acervo-correio\/index.php?rest_route=%2Fwp%2Fv2%2Fcomments&post=252870"}],"version-history":[{"count":1,"href":"https:\/\/www.ocorreionews.com.br\/acervo-correio\/index.php?rest_route=\/wp\/v2\/posts\/252870\/revisions"}],"predecessor-version":[{"id":252872,"href":"https:\/\/www.ocorreionews.com.br\/acervo-correio\/index.php?rest_route=\/wp\/v2\/posts\/252870\/revisions\/252872"}],"wp:featuredmedia":[{"embeddable":true,"href":"https:\/\/www.ocorreionews.com.br\/acervo-correio\/index.php?rest_route=\/wp\/v2\/media\/252871"}],"wp:attachment":[{"href":"https:\/\/www.ocorreionews.com.br\/acervo-correio\/index.php?rest_route=%2Fwp%2Fv2%2Fmedia&parent=252870"}],"wp:term":[{"taxonomy":"category","embeddable":true,"href":"https:\/\/www.ocorreionews.com.br\/acervo-correio\/index.php?rest_route=%2Fwp%2Fv2%2Fcategories&post=252870"},{"taxonomy":"post_tag","embeddable":true,"href":"https:\/\/www.ocorreionews.com.br\/acervo-correio\/index.php?rest_route=%2Fwp%2Fv2%2Ftags&post=252870"}],"curies":[{"name":"wp","href":"https:\/\/api.w.org\/{rel}","templated":true}]}}