{"id":252877,"date":"2023-09-29T09:42:24","date_gmt":"2023-09-29T13:42:24","guid":{"rendered":"https:\/\/www.ocorreionews.com.br\/acervo-correio\/?p=252877"},"modified":"2023-09-30T10:29:49","modified_gmt":"2023-09-30T14:29:49","slug":"nesta-sexta-tem-show-com-fernando-sorocoba-e-hugo-eduardo-nos-20-anos-de-paraiso-das-aguas","status":"publish","type":"post","link":"https:\/\/www.ocorreionews.com.br\/acervo-correio\/?p=252877","title":{"rendered":"Nesta sexta tem show com Fernando &#038; Sorocoba e Hugo &#038; Eduardo nos 20 anos de Para\u00edso das \u00c1guas"},"content":{"rendered":"<p>Come\u00e7ou no inicio desta semana as comemora\u00e7\u00f5es dos 20 anos de funda\u00e7\u00e3o de Para\u00edso das \u00c1guas, a cidade mais nova do Brasil. Embora comemore 20 anos de sua funda\u00e7\u00e3o, a emancipa\u00e7\u00e3o pol\u00edtica s\u00f3 veio em 2013, ou seja, o munic\u00edpio s\u00f3 possui governo pr\u00f3prio h\u00e1 10 anos. Sendo assim Para\u00edso das \u00c1guas \u00e9 disparadamente a cidade mais nova do Mato Grosso do Sul e do Brasil.<\/p>\n<p>Nesta\u00a0 sexta-feira (29) uma super programa\u00e7\u00e3o que come\u00e7ou com entregas de importantes obras na cidade: Casa Lar, Veladoria Municipal, Po\u00e7o Artesiano para atender a sede, Projeto Cidade Monitorada, Obra de embarque e desembarque da escola vereador Kendi Nakai, al\u00e9m de entrega de ve\u00edculos e maquin\u00e1rio para atender as demandas do munic\u00edpio.<\/p>\n<p><strong>Grandes Shows<\/strong><\/p>\n<p>Se durante o dia a agenda est\u00e1 repleta de compromissos de entregas de obras e servi\u00e7os, na parte da noite a divers\u00e3o e o entretenimento est\u00e3o garantidos.<\/p>\n<p>A festa tem in\u00edcio a partir das 20 horas no centro de Para\u00edso das \u00c1guas. A primeira noite de agito contar\u00e1 com apresenta\u00e7\u00e3o de dj\u2019s e dois super shows. Abrindo a noite teremos a apresenta\u00e7\u00e3o da dupla Hugo e Eduardo, e, para coroar a primeira noite de festejos, um super show com a dupla Fernando e Sorocaba, dupla esta escolhida pela popula\u00e7\u00e3o em vota\u00e7\u00e3o popular.<\/p>\n","protected":false},"excerpt":{"rendered":"<p>Come\u00e7ou no inicio desta semana as comemora\u00e7\u00f5es dos 20 anos de funda\u00e7\u00e3o de Para\u00edso das \u00c1guas, a cidade mais nova do Brasil. Embora comemore 20 anos de sua funda\u00e7\u00e3o, a emancipa\u00e7\u00e3o pol\u00edtica s\u00f3 veio em 2013, ou seja, o munic\u00edpio s\u00f3 possui governo pr\u00f3prio h\u00e1 10 anos. Sendo assim Para\u00edso das \u00c1guas \u00e9 disparadamente a [&hellip;]<\/p>\n","protected":false},"author":5,"featured_media":252878,"comment_status":"closed","ping_status":"closed","sticky":false,"template":"","format":"standard","meta":{"footnotes":""},"categories":[36],"tags":[],"class_list":["post-252877","post","type-post","status-publish","format-standard","has-post-thumbnail","hentry","category-paraiso-das-aguas"],"_links":{"self":[{"href":"https:\/\/www.ocorreionews.com.br\/acervo-correio\/index.php?rest_route=\/wp\/v2\/posts\/252877","targetHints":{"allow":["GET"]}}],"collection":[{"href":"https:\/\/www.ocorreionews.com.br\/acervo-correio\/index.php?rest_route=\/wp\/v2\/posts"}],"about":[{"href":"https:\/\/www.ocorreionews.com.br\/acervo-correio\/index.php?rest_route=\/wp\/v2\/types\/post"}],"author":[{"embeddable":true,"href":"https:\/\/www.ocorreionews.com.br\/acervo-correio\/index.php?rest_route=\/wp\/v2\/users\/5"}],"replies":[{"embeddable":true,"href":"https:\/\/www.ocorreionews.com.br\/acervo-correio\/index.php?rest_route=%2Fwp%2Fv2%2Fcomments&post=252877"}],"version-history":[{"count":3,"href":"https:\/\/www.ocorreionews.com.br\/acervo-correio\/index.php?rest_route=\/wp\/v2\/posts\/252877\/revisions"}],"predecessor-version":[{"id":252881,"href":"https:\/\/www.ocorreionews.com.br\/acervo-correio\/index.php?rest_route=\/wp\/v2\/posts\/252877\/revisions\/252881"}],"wp:featuredmedia":[{"embeddable":true,"href":"https:\/\/www.ocorreionews.com.br\/acervo-correio\/index.php?rest_route=\/wp\/v2\/media\/252878"}],"wp:attachment":[{"href":"https:\/\/www.ocorreionews.com.br\/acervo-correio\/index.php?rest_route=%2Fwp%2Fv2%2Fmedia&parent=252877"}],"wp:term":[{"taxonomy":"category","embeddable":true,"href":"https:\/\/www.ocorreionews.com.br\/acervo-correio\/index.php?rest_route=%2Fwp%2Fv2%2Fcategories&post=252877"},{"taxonomy":"post_tag","embeddable":true,"href":"https:\/\/www.ocorreionews.com.br\/acervo-correio\/index.php?rest_route=%2Fwp%2Fv2%2Ftags&post=252877"}],"curies":[{"name":"wp","href":"https:\/\/api.w.org\/{rel}","templated":true}]}}