{"id":252883,"date":"2023-09-29T10:12:06","date_gmt":"2023-09-29T14:12:06","guid":{"rendered":"https:\/\/www.ocorreionews.com.br\/acervo-correio\/?p=252883"},"modified":"2023-09-29T17:25:00","modified_gmt":"2023-09-29T21:25:00","slug":"figueirao-comemora-seu-20o-aniversario-de-fundacao","status":"publish","type":"post","link":"https:\/\/www.ocorreionews.com.br\/acervo-correio\/?p=252883","title":{"rendered":"Figueir\u00e3o comemora seu 20\u00ba anivers\u00e1rio de funda\u00e7\u00e3o"},"content":{"rendered":"<div class=\"xdj266r x11i5rnm xat24cr x1mh8g0r x1vvkbs x126k92a\">\n<div dir=\"auto\">O Munic\u00edpio de Figueir\u00e3o est\u00e1 localizado no Norte do Estado de Mato Grosso do Sul, na microrregi\u00e3o do Alto Taquari, a 260 km de Campo Grande. Possui uma \u00e1rea territorial de 4.914,78 km\u00b2, e est\u00e1 no divisor das \u00e1guas que formam a bacia hidrogr\u00e1fica do Paraguai e do Paran\u00e1. A economia da regi\u00e3o baseia-se na pecu\u00e1ria que \u00e9 escoada pelas MS-436 que liga Camapu\u00e3, Figueir\u00e3o e Alcin\u00f3polis, e MS-223 que d\u00e1 acesso a Costa Rica.<\/div>\n<div dir=\"auto\">Figueir\u00e3o foi emancipado no dia 29\/09\/2003, comemorando em setembro de 2023 seu 20\u00ba anivers\u00e1rio de emancipa\u00e7\u00e3o pol\u00edtico-administrativa. Possui uma comunidade quilombola, chamada Comunidade de Santa Tereza, localizada a 53 km da cidade, onde tem a Escola Municipal Benedito Alves Bonfim, que \u00e9 extens\u00e3o da Escola Municipal Prof. Ant\u00f4nio In\u00e1cio Furtado-Polo, um Posto de Sa\u00fade, e a Associa\u00e7\u00e3o de Moradores e Produtores Rurais da Comunidade Quilombola de Santa Tereza (Amprust). Na Comunidade, anualmente \u00e9 realizada a tradicional Festa em Louvor ao Divino Esp\u00edrito Santo, que este ano festejou a sua 109\u00aa edi\u00e7\u00e3o, tradi\u00e7\u00e3o da fam\u00edlia Malaquias, que atrai multid\u00f5es.<\/div>\n<div dir=\"auto\">Nas elei\u00e7\u00f5es de 2020, foi eleito para prefeito de Figueir\u00e3o o professor aposentado Juvenal Consolaro, tendo como vice-prefeito o enfermeiro Jorge Roberto Mortari.<\/div>\n<div dir=\"auto\">De pronto o prefeito Juvenal assumiu a Prefeitura em busca de uma gest\u00e3o inovadora, que resultasse numa melhor qualidade de vida e iguais oportunidades para a popula\u00e7\u00e3o. Mesmo em meio \u00e0 crise financeira, conseguiu manter pagamentos de sal\u00e1rios e de fornecedores em dia.<\/div>\n<div dir=\"auto\">Est\u00e1 sempre buscando programas de qualifica\u00e7\u00e3o profissional para melhorar a capacidade laboral dos funcion\u00e1rios, visando prestar um melhor atendimento \u00e0 popula\u00e7\u00e3o.<\/div>\n<div dir=\"auto\">Sendo homem do campo, conhecedor das dificuldades por que passam, o prefeito Juvenal tem uma constante preocupa\u00e7\u00e3o em manter as estradas vicinais que demandam \u00e0s fazendas em perfeitas condi\u00e7\u00f5es de trafegabilidade.<\/div>\n<div dir=\"auto\">O prefeito Juvenal Consolaro mant\u00e9m um estreito canal de comunica\u00e7\u00e3o com o governo do estado, e com alguns senadores e deputados federais e estaduais, e tem recebido aten\u00e7\u00e3o especial do governador Eduardo Riedel em suas reivindica\u00e7\u00f5es, para melhorar a infraestrutura do munic\u00edpio e tamb\u00e9m para aumentar seu parque de m\u00e1quinas pesadas.<\/div>\n<div dir=\"auto\">Sobre a realiza\u00e7\u00e3o da festa do anivers\u00e1rio da cidade, comemorada este ano de 27 de setembro a 01 de outubro, falou: \u201cEstamos conseguindo realizar uma grande festa para a popula\u00e7\u00e3o comemorar os 20 anos de Figueir\u00e3o. Tivemos o Torneio Municipal de Truco, a 7\u00aa Etapa Estadual de Motocross, o grande Rodeio Fest reunindo pe\u00f5es de v\u00e1rios estados brasileiros, shows musicais com diversos artistas de renome nacional, e encerrando as festividades, teremos a grande Cavalgada de Figueir\u00e3o, dia 1\u00ba de outubro, que re\u00fane gente daqui e de fora. Estamos todos de parab\u00e9ns!\u201d, pontuou.<\/div>\n<\/div>\n<div class=\"x11i5rnm xat24cr x1mh8g0r x1vvkbs xtlvy1s x126k92a\">\n<div dir=\"auto\">Fonte: PMFigueir\u00e3o\/RubemVasconcellos \u2013 Fotos: RegionalMS\/JVC Produtora<\/div>\n<\/div>\n","protected":false},"excerpt":{"rendered":"<p>O Munic\u00edpio de Figueir\u00e3o est\u00e1 localizado no Norte do Estado de Mato Grosso do Sul, na microrregi\u00e3o do Alto Taquari, a 260 km de Campo Grande. Possui uma \u00e1rea territorial de 4.914,78 km\u00b2, e est\u00e1 no divisor das \u00e1guas que formam a bacia hidrogr\u00e1fica do Paraguai e do Paran\u00e1. A economia da regi\u00e3o baseia-se na [&hellip;]<\/p>\n","protected":false},"author":5,"featured_media":252884,"comment_status":"closed","ping_status":"closed","sticky":false,"template":"","format":"standard","meta":{"footnotes":""},"categories":[30],"tags":[],"class_list":["post-252883","post","type-post","status-publish","format-standard","has-post-thumbnail","hentry","category-figueirao"],"_links":{"self":[{"href":"https:\/\/www.ocorreionews.com.br\/acervo-correio\/index.php?rest_route=\/wp\/v2\/posts\/252883","targetHints":{"allow":["GET"]}}],"collection":[{"href":"https:\/\/www.ocorreionews.com.br\/acervo-correio\/index.php?rest_route=\/wp\/v2\/posts"}],"about":[{"href":"https:\/\/www.ocorreionews.com.br\/acervo-correio\/index.php?rest_route=\/wp\/v2\/types\/post"}],"author":[{"embeddable":true,"href":"https:\/\/www.ocorreionews.com.br\/acervo-correio\/index.php?rest_route=\/wp\/v2\/users\/5"}],"replies":[{"embeddable":true,"href":"https:\/\/www.ocorreionews.com.br\/acervo-correio\/index.php?rest_route=%2Fwp%2Fv2%2Fcomments&post=252883"}],"version-history":[{"count":2,"href":"https:\/\/www.ocorreionews.com.br\/acervo-correio\/index.php?rest_route=\/wp\/v2\/posts\/252883\/revisions"}],"predecessor-version":[{"id":252977,"href":"https:\/\/www.ocorreionews.com.br\/acervo-correio\/index.php?rest_route=\/wp\/v2\/posts\/252883\/revisions\/252977"}],"wp:featuredmedia":[{"embeddable":true,"href":"https:\/\/www.ocorreionews.com.br\/acervo-correio\/index.php?rest_route=\/wp\/v2\/media\/252884"}],"wp:attachment":[{"href":"https:\/\/www.ocorreionews.com.br\/acervo-correio\/index.php?rest_route=%2Fwp%2Fv2%2Fmedia&parent=252883"}],"wp:term":[{"taxonomy":"category","embeddable":true,"href":"https:\/\/www.ocorreionews.com.br\/acervo-correio\/index.php?rest_route=%2Fwp%2Fv2%2Fcategories&post=252883"},{"taxonomy":"post_tag","embeddable":true,"href":"https:\/\/www.ocorreionews.com.br\/acervo-correio\/index.php?rest_route=%2Fwp%2Fv2%2Ftags&post=252883"}],"curies":[{"name":"wp","href":"https:\/\/api.w.org\/{rel}","templated":true}]}}