{"id":252888,"date":"2023-09-29T10:32:53","date_gmt":"2023-09-29T14:32:53","guid":{"rendered":"https:\/\/www.ocorreionews.com.br\/acervo-correio\/?p=252888"},"modified":"2023-09-29T10:32:53","modified_gmt":"2023-09-29T14:32:53","slug":"homem-e-preso-apos-virar-a-noite-festando-chegar-em-casa-e-agredir-sua-esposa-em-chapadao-do-sul","status":"publish","type":"post","link":"https:\/\/www.ocorreionews.com.br\/acervo-correio\/?p=252888","title":{"rendered":"Homem \u00e9 preso ap\u00f3s \u201cvirar a noite festando\u201d chegar em casa e agredir sua esposa em Chapad\u00e3o do Sul"},"content":{"rendered":"<p>Na manh\u00e3 desta sexta-feira (29), um homem de 33 anos foi preso ap\u00f3s agredir sua esposa com tapas, socos e pux\u00f5es de cabelo, em Chapad\u00e3o do Sul.<\/p>\n<p>Segundo informa\u00e7\u00f5es retiradas do Boletim de Ocorr\u00eancia, por volta das 06h30min, a Pol\u00edcia Militar foi acionada para comparecer em uma resid\u00eancia na Rua Dos Pombos, no Bairro Esplanada III, onde havia acontecido uma Viol\u00eancia Domestica.<\/p>\n<p>De imediato os policiais foram at\u00e9 a resid\u00eancia, onde a v\u00edtima de 34 anos, relatou que estava em sua resid\u00eancia, local onde seu esposo deu uma festa na noite de quinta-feira e logo depois saiu e n\u00e3o retornou, o mesmo voltou somente nesta sexta, ent\u00e3o a v\u00edtima questionou a situa\u00e7\u00e3o e o autor come\u00e7ou a xinga-la, momento este que a discuss\u00e3o come\u00e7ou e resultou em agress\u00f5es sendo, tapas e socos contra a v\u00edtima al\u00e9m de pux\u00f5es de cabelo, ocasionando v\u00e1rias escoria\u00e7\u00f5es pelo corpo da v\u00edtima.<\/p>\n<p>Diante dos fatos foi dado voz de pris\u00e3o ao autor e logo foi encaminhado para a Delegacia de Pol\u00edcia, para que as medidas cab\u00edveis fossem tomadas.<\/p>\n","protected":false},"excerpt":{"rendered":"<p>Na manh\u00e3 desta sexta-feira (29), um homem de 33 anos foi preso ap\u00f3s agredir sua esposa com tapas, socos e pux\u00f5es de cabelo, em Chapad\u00e3o do Sul. Segundo informa\u00e7\u00f5es retiradas do Boletim de Ocorr\u00eancia, por volta das 06h30min, a Pol\u00edcia Militar foi acionada para comparecer em uma resid\u00eancia na Rua Dos Pombos, no Bairro Esplanada [&hellip;]<\/p>\n","protected":false},"author":5,"featured_media":229309,"comment_status":"closed","ping_status":"closed","sticky":false,"template":"","format":"standard","meta":{"footnotes":""},"categories":[23,38],"tags":[],"class_list":["post-252888","post","type-post","status-publish","format-standard","has-post-thumbnail","hentry","category-chapadao-do-sul","category-policia"],"_links":{"self":[{"href":"https:\/\/www.ocorreionews.com.br\/acervo-correio\/index.php?rest_route=\/wp\/v2\/posts\/252888","targetHints":{"allow":["GET"]}}],"collection":[{"href":"https:\/\/www.ocorreionews.com.br\/acervo-correio\/index.php?rest_route=\/wp\/v2\/posts"}],"about":[{"href":"https:\/\/www.ocorreionews.com.br\/acervo-correio\/index.php?rest_route=\/wp\/v2\/types\/post"}],"author":[{"embeddable":true,"href":"https:\/\/www.ocorreionews.com.br\/acervo-correio\/index.php?rest_route=\/wp\/v2\/users\/5"}],"replies":[{"embeddable":true,"href":"https:\/\/www.ocorreionews.com.br\/acervo-correio\/index.php?rest_route=%2Fwp%2Fv2%2Fcomments&post=252888"}],"version-history":[{"count":2,"href":"https:\/\/www.ocorreionews.com.br\/acervo-correio\/index.php?rest_route=\/wp\/v2\/posts\/252888\/revisions"}],"predecessor-version":[{"id":252890,"href":"https:\/\/www.ocorreionews.com.br\/acervo-correio\/index.php?rest_route=\/wp\/v2\/posts\/252888\/revisions\/252890"}],"wp:featuredmedia":[{"embeddable":true,"href":"https:\/\/www.ocorreionews.com.br\/acervo-correio\/index.php?rest_route=\/wp\/v2\/media\/229309"}],"wp:attachment":[{"href":"https:\/\/www.ocorreionews.com.br\/acervo-correio\/index.php?rest_route=%2Fwp%2Fv2%2Fmedia&parent=252888"}],"wp:term":[{"taxonomy":"category","embeddable":true,"href":"https:\/\/www.ocorreionews.com.br\/acervo-correio\/index.php?rest_route=%2Fwp%2Fv2%2Fcategories&post=252888"},{"taxonomy":"post_tag","embeddable":true,"href":"https:\/\/www.ocorreionews.com.br\/acervo-correio\/index.php?rest_route=%2Fwp%2Fv2%2Ftags&post=252888"}],"curies":[{"name":"wp","href":"https:\/\/api.w.org\/{rel}","templated":true}]}}