{"id":252893,"date":"2023-09-29T11:01:08","date_gmt":"2023-09-29T15:01:08","guid":{"rendered":"https:\/\/www.ocorreionews.com.br\/acervo-correio\/?p=252893"},"modified":"2023-09-29T11:01:09","modified_gmt":"2023-09-29T15:01:09","slug":"garota-de-programa-pede-tapa-na-cara-cliente-passa-exagera-e-ambos-vao-parar-na-delegacia-de-costa-rica","status":"publish","type":"post","link":"https:\/\/www.ocorreionews.com.br\/acervo-correio\/?p=252893","title":{"rendered":"Garota de programa pede tapa na cara, cliente passa exagera e ambos v\u00e3o parar na delegacia de Costa Rica"},"content":{"rendered":"<p>A Pol\u00edcia Militar de Costa Rica foi acionada para atender a uma ocorr\u00eancia de agress\u00e3o envolvendo uma mulher, de 27 anos e um homem, de 37 anos, no in\u00edcio da madrugada desta sexta-feira (29). Ao chegar ao local, os policiais foram recebidos pelos envolvidos, segundo relatos, a situa\u00e7\u00e3o teve in\u00edcio quando a mulher afirmou que ao realizar um programa, pediu ao seu cliente um tapa no rosto em tom de brincadeira.<\/p>\n<p>De acordo com o boletim de ocorr\u00eancia, a brincadeira entre a mulher e o homem, tomou um rumo inesperado quando o cliente desferiu v\u00e1rios tapas no rosto da profissional do sexo. Ela se sentiu ofendida e revoltada com a viol\u00eancia, teria dito ao cliente para bater nela como se ela fosse um homem. Infelizmente, o suposto agressor continuou a agredi-la com mais tapas, ignorando a poss\u00edvel revolta subjacente nas palavras da mulher.<\/p>\n<p>Uma testemunha da confus\u00e3o, afirmou que presenciou a agress\u00e3o e percebeu que a mulher estava solicitando os tapas &#8220;como um homem&#8221;. Mas a testemunha n\u00e3o conseguiu interpretar se isso era uma brincadeira ou um ato de revolta genu\u00edna.<\/p>\n<p>A situa\u00e7\u00e3o rapidamente se deteriorou, a profissional do sexo, que foi agredida, se dirigiu at\u00e9 o carro do suposto cliente e chutou o retrovisor esquerdo do ve\u00edculo. Depois da confus\u00e3o a PM foi acionada via 190.<\/p>\n<p>A Pol\u00edcia Militar conduziu os envolvidos \u00e0 Delegacia de Costa Rica para que o fato seja devidamente investigado. Ambos os envolvidos foram ouvidos para esclarecer os detalhes do ocorrido. A testemunha tamb\u00e9m forneceu seu testemunho para auxiliar na resolu\u00e7\u00e3o do caso.<\/p>\n<p>&nbsp;<\/p>\n<p>&nbsp;<\/p>\n<p>&nbsp;<\/p>\n<p>*MS Todo Dia<\/p>\n","protected":false},"excerpt":{"rendered":"<p>A Pol\u00edcia Militar de Costa Rica foi acionada para atender a uma ocorr\u00eancia de agress\u00e3o envolvendo uma mulher, de 27 anos e um homem, de 37 anos, no in\u00edcio da madrugada desta sexta-feira (29). Ao chegar ao local, os policiais foram recebidos pelos envolvidos, segundo relatos, a situa\u00e7\u00e3o teve in\u00edcio quando a mulher afirmou que [&hellip;]<\/p>\n","protected":false},"author":5,"featured_media":228558,"comment_status":"closed","ping_status":"closed","sticky":false,"template":"","format":"standard","meta":{"footnotes":""},"categories":[25,38],"tags":[],"class_list":["post-252893","post","type-post","status-publish","format-standard","has-post-thumbnail","hentry","category-costa-rica","category-policia"],"_links":{"self":[{"href":"https:\/\/www.ocorreionews.com.br\/acervo-correio\/index.php?rest_route=\/wp\/v2\/posts\/252893","targetHints":{"allow":["GET"]}}],"collection":[{"href":"https:\/\/www.ocorreionews.com.br\/acervo-correio\/index.php?rest_route=\/wp\/v2\/posts"}],"about":[{"href":"https:\/\/www.ocorreionews.com.br\/acervo-correio\/index.php?rest_route=\/wp\/v2\/types\/post"}],"author":[{"embeddable":true,"href":"https:\/\/www.ocorreionews.com.br\/acervo-correio\/index.php?rest_route=\/wp\/v2\/users\/5"}],"replies":[{"embeddable":true,"href":"https:\/\/www.ocorreionews.com.br\/acervo-correio\/index.php?rest_route=%2Fwp%2Fv2%2Fcomments&post=252893"}],"version-history":[{"count":1,"href":"https:\/\/www.ocorreionews.com.br\/acervo-correio\/index.php?rest_route=\/wp\/v2\/posts\/252893\/revisions"}],"predecessor-version":[{"id":252894,"href":"https:\/\/www.ocorreionews.com.br\/acervo-correio\/index.php?rest_route=\/wp\/v2\/posts\/252893\/revisions\/252894"}],"wp:featuredmedia":[{"embeddable":true,"href":"https:\/\/www.ocorreionews.com.br\/acervo-correio\/index.php?rest_route=\/wp\/v2\/media\/228558"}],"wp:attachment":[{"href":"https:\/\/www.ocorreionews.com.br\/acervo-correio\/index.php?rest_route=%2Fwp%2Fv2%2Fmedia&parent=252893"}],"wp:term":[{"taxonomy":"category","embeddable":true,"href":"https:\/\/www.ocorreionews.com.br\/acervo-correio\/index.php?rest_route=%2Fwp%2Fv2%2Fcategories&post=252893"},{"taxonomy":"post_tag","embeddable":true,"href":"https:\/\/www.ocorreionews.com.br\/acervo-correio\/index.php?rest_route=%2Fwp%2Fv2%2Ftags&post=252893"}],"curies":[{"name":"wp","href":"https:\/\/api.w.org\/{rel}","templated":true}]}}