{"id":252895,"date":"2023-09-29T14:20:45","date_gmt":"2023-09-29T18:20:45","guid":{"rendered":"https:\/\/www.ocorreionews.com.br\/acervo-correio\/?p=252895"},"modified":"2023-09-29T14:20:45","modified_gmt":"2023-09-29T18:20:45","slug":"familia-de-iolanda-tortelli-tognon-convida-para-missa-de-setimo-dia","status":"publish","type":"post","link":"https:\/\/www.ocorreionews.com.br\/acervo-correio\/?p=252895","title":{"rendered":"Fam\u00edlia de Iolanda Tortelli Tognon convida para Missa de S\u00e9timo Dia"},"content":{"rendered":"<p>A fam\u00edlia de Iolanda Tortelli Tognon convida a todos para celebra\u00e7\u00e3o da Missa de S\u00e9timo Dia de Iolanda Tortelli Tognon, de Chapad\u00e3o do Sul.<\/p>\n<p>Ser\u00e1 a missa celebrada no s\u00e1bado, dia 30 de setembro \u00e0s 19 horas, na Matriz S\u00e3o Pedro Ap\u00f3stolo.<\/p>\n<p>A fam\u00edlia Tognon agradece as manifesta\u00e7\u00f5es de pesar pelo passamento de Iolanta e a participa\u00e7\u00e3o na missa.<\/p>\n<p>&nbsp;<\/p>\n<p>&nbsp;<\/p>\n<p>*Jovem Sul News<\/p>\n","protected":false},"excerpt":{"rendered":"<p>A fam\u00edlia de Iolanda Tortelli Tognon convida a todos para celebra\u00e7\u00e3o da Missa de S\u00e9timo Dia de Iolanda Tortelli Tognon, de Chapad\u00e3o do Sul. Ser\u00e1 a missa celebrada no s\u00e1bado, dia 30 de setembro \u00e0s 19 horas, na Matriz S\u00e3o Pedro Ap\u00f3stolo. A fam\u00edlia Tognon agradece as manifesta\u00e7\u00f5es de pesar pelo passamento de Iolanta e [&hellip;]<\/p>\n","protected":false},"author":5,"featured_media":252896,"comment_status":"closed","ping_status":"closed","sticky":false,"template":"","format":"standard","meta":{"footnotes":""},"categories":[23],"tags":[],"class_list":["post-252895","post","type-post","status-publish","format-standard","has-post-thumbnail","hentry","category-chapadao-do-sul"],"_links":{"self":[{"href":"https:\/\/www.ocorreionews.com.br\/acervo-correio\/index.php?rest_route=\/wp\/v2\/posts\/252895","targetHints":{"allow":["GET"]}}],"collection":[{"href":"https:\/\/www.ocorreionews.com.br\/acervo-correio\/index.php?rest_route=\/wp\/v2\/posts"}],"about":[{"href":"https:\/\/www.ocorreionews.com.br\/acervo-correio\/index.php?rest_route=\/wp\/v2\/types\/post"}],"author":[{"embeddable":true,"href":"https:\/\/www.ocorreionews.com.br\/acervo-correio\/index.php?rest_route=\/wp\/v2\/users\/5"}],"replies":[{"embeddable":true,"href":"https:\/\/www.ocorreionews.com.br\/acervo-correio\/index.php?rest_route=%2Fwp%2Fv2%2Fcomments&post=252895"}],"version-history":[{"count":1,"href":"https:\/\/www.ocorreionews.com.br\/acervo-correio\/index.php?rest_route=\/wp\/v2\/posts\/252895\/revisions"}],"predecessor-version":[{"id":252897,"href":"https:\/\/www.ocorreionews.com.br\/acervo-correio\/index.php?rest_route=\/wp\/v2\/posts\/252895\/revisions\/252897"}],"wp:featuredmedia":[{"embeddable":true,"href":"https:\/\/www.ocorreionews.com.br\/acervo-correio\/index.php?rest_route=\/wp\/v2\/media\/252896"}],"wp:attachment":[{"href":"https:\/\/www.ocorreionews.com.br\/acervo-correio\/index.php?rest_route=%2Fwp%2Fv2%2Fmedia&parent=252895"}],"wp:term":[{"taxonomy":"category","embeddable":true,"href":"https:\/\/www.ocorreionews.com.br\/acervo-correio\/index.php?rest_route=%2Fwp%2Fv2%2Fcategories&post=252895"},{"taxonomy":"post_tag","embeddable":true,"href":"https:\/\/www.ocorreionews.com.br\/acervo-correio\/index.php?rest_route=%2Fwp%2Fv2%2Ftags&post=252895"}],"curies":[{"name":"wp","href":"https:\/\/api.w.org\/{rel}","templated":true}]}}