{"id":252898,"date":"2023-09-29T14:56:01","date_gmt":"2023-09-29T18:56:01","guid":{"rendered":"https:\/\/www.ocorreionews.com.br\/acervo-correio\/?p=252898"},"modified":"2023-09-29T14:56:01","modified_gmt":"2023-09-29T18:56:01","slug":"policiais-resgatam-criancas-que-viviam-presos-e-comendo-racao-de-cachorro-em-ms","status":"publish","type":"post","link":"https:\/\/www.ocorreionews.com.br\/acervo-correio\/?p=252898","title":{"rendered":"Policiais resgatam crian\u00e7as que viviam presos e comendo ra\u00e7\u00e3o de cachorro em MS"},"content":{"rendered":"<p>Duas crian\u00e7as de 4 e 8 anos foram resgatadas na manh\u00e3 desta sexta-feira (29) de um apartamento no Bairro Jardim Canguru, em Campo Grande. Os meninos eram mantidos presos dentro do quarto pelos pais e muitas vezes comeram ra\u00e7\u00e3o de cachorro, j\u00e1 que n\u00e3o estariam sendo alimentados. O caso foi registrado como abandono de incapaz e maus-tratos na DEPCA (Delegacia Especializada de Prote\u00e7\u00e3o \u00e0 Crian\u00e7a e ao Adolescente).<\/p>\n<p>Equipe da GCM (Guarda Civil Metropolitana) foi acionada por uma vizinha e ao chegarem no residencial, conseguiram ouvir os dois meninos gritando para serem tiradas do quarto porque queriam ir ao banheiro. Os guardas ent\u00e3o foram at\u00e9 a porta do apartamento e foram recebidos pela m\u00e3e das v\u00edtimas.<\/p>\n<p>Ao ser questionada sobre as crian\u00e7as estarem no quarto gritando, a mulher de 29 anos, afirmou que a porta do dormit\u00f3rio estava apenas encostada por precau\u00e7\u00e3o. Os guardas ent\u00e3o entraram no apartamento e encontraram o pai dos meninos, homem de 36 anos.<\/p>\n<figure style=\"width: 800px\" class=\"wp-caption aligncenter\"><img loading=\"lazy\" decoding=\"async\" class=\"img-fluid\" src=\"https:\/\/cdn6.campograndenews.com.br\/uploads\/noticias\/2023\/09\/29\/1ow2215xe3cup.jpeg\" sizes=\"auto, (min-width: 1024px) calc(.5 * (100vw - 21.875em)), 100vw\" srcset=\"https:\/\/cdn6.campograndenews.com.br\/uploads\/noticias\/2023\/09\/29\/12glvghgpugk7.jpeg 1024w, https:\/\/cdn6.campograndenews.com.br\/uploads\/noticias\/2023\/09\/29\/16qh1z9m3f40a.jpeg 640w, https:\/\/cdn6.campograndenews.com.br\/uploads\/noticias\/2023\/09\/29\/1ow2215xe3cup.jpeg 320w\" alt=\"Fog\u00e3o com panelas abertas e sujas dentro do apartamento onde crian\u00e7as moravam (Foto: Divulga\u00e7\u00e3o | GCM)\" width=\"800\" height=\"1200\" \/><figcaption class=\"wp-caption-text\">Fog\u00e3o com panelas abertas e sujas dentro do apartamento onde crian\u00e7as moravam (Foto: Divulga\u00e7\u00e3o | GCM)<\/figcaption><\/figure>\n<p>&nbsp;<\/p>\n<p>Segundo a equipe, o apartamento estava totalmente insalubre com sujeira por toda a parte, roupas jogadas pelo ch\u00e3o, cheiro de urina de animais, panelas sujas e abertas e sacos de lixos amontoados na cozinha. Aos guardas, a vizinha afirmou que as crian\u00e7as ficavam presas todos os dias durante a noite e s\u00f3 eram liberadas quando os pais acordavam.<\/p>\n<p>A mulher de 57 anos ainda relatou que um vizinho era quem alimentava as crian\u00e7as. De acordo com o relato da vizinha, os meninos come\u00e7aram a gritar por volta das 5h40 e os pais costumavam acordar sempre muito tarde. O Conselho Tutelar foi acionado e todos os envolvidos levados para a DEPCA.<\/p>\n<p>Na delegacia, as crian\u00e7as foram ouvidas e contaram que a m\u00e3e sai a noite para reuni\u00e3o religiosa e s\u00f3 volta no outro dia, por isso elas ficavam trancadas dentro do quarto. OS meninos disseram ainda \u00e0s vezes comiam p\u00e3o e ra\u00e7\u00e3o de cachorro, pois s\u00f3 conseguiam se alimentar quando o pai abria a porta do local.<\/p>\n<p>Os pais dos meninos foram presos em flagrante e as crian\u00e7as ficaram sob responsabilidade do Conselho Tutelar, caso nenhum familiar seja localizado, elas devem ser levadas para abrigo. O caso \u00e9 investigado.<\/p>\n<p>&nbsp;<\/p>\n<p>Por Ana Paula Chuva &#8211; Campo Grande News<\/p>\n","protected":false},"excerpt":{"rendered":"<p>Duas crian\u00e7as de 4 e 8 anos foram resgatadas na manh\u00e3 desta sexta-feira (29) de um apartamento no Bairro Jardim Canguru, em Campo Grande. Os meninos eram mantidos presos dentro do quarto pelos pais e muitas vezes comeram ra\u00e7\u00e3o de cachorro, j\u00e1 que n\u00e3o estariam sendo alimentados. O caso foi registrado como abandono de incapaz [&hellip;]<\/p>\n","protected":false},"author":5,"featured_media":252899,"comment_status":"closed","ping_status":"closed","sticky":false,"template":"","format":"standard","meta":{"footnotes":""},"categories":[38],"tags":[],"class_list":["post-252898","post","type-post","status-publish","format-standard","has-post-thumbnail","hentry","category-policia"],"_links":{"self":[{"href":"https:\/\/www.ocorreionews.com.br\/acervo-correio\/index.php?rest_route=\/wp\/v2\/posts\/252898","targetHints":{"allow":["GET"]}}],"collection":[{"href":"https:\/\/www.ocorreionews.com.br\/acervo-correio\/index.php?rest_route=\/wp\/v2\/posts"}],"about":[{"href":"https:\/\/www.ocorreionews.com.br\/acervo-correio\/index.php?rest_route=\/wp\/v2\/types\/post"}],"author":[{"embeddable":true,"href":"https:\/\/www.ocorreionews.com.br\/acervo-correio\/index.php?rest_route=\/wp\/v2\/users\/5"}],"replies":[{"embeddable":true,"href":"https:\/\/www.ocorreionews.com.br\/acervo-correio\/index.php?rest_route=%2Fwp%2Fv2%2Fcomments&post=252898"}],"version-history":[{"count":1,"href":"https:\/\/www.ocorreionews.com.br\/acervo-correio\/index.php?rest_route=\/wp\/v2\/posts\/252898\/revisions"}],"predecessor-version":[{"id":252900,"href":"https:\/\/www.ocorreionews.com.br\/acervo-correio\/index.php?rest_route=\/wp\/v2\/posts\/252898\/revisions\/252900"}],"wp:featuredmedia":[{"embeddable":true,"href":"https:\/\/www.ocorreionews.com.br\/acervo-correio\/index.php?rest_route=\/wp\/v2\/media\/252899"}],"wp:attachment":[{"href":"https:\/\/www.ocorreionews.com.br\/acervo-correio\/index.php?rest_route=%2Fwp%2Fv2%2Fmedia&parent=252898"}],"wp:term":[{"taxonomy":"category","embeddable":true,"href":"https:\/\/www.ocorreionews.com.br\/acervo-correio\/index.php?rest_route=%2Fwp%2Fv2%2Fcategories&post=252898"},{"taxonomy":"post_tag","embeddable":true,"href":"https:\/\/www.ocorreionews.com.br\/acervo-correio\/index.php?rest_route=%2Fwp%2Fv2%2Ftags&post=252898"}],"curies":[{"name":"wp","href":"https:\/\/api.w.org\/{rel}","templated":true}]}}