{"id":25322,"date":"2016-04-14T14:29:41","date_gmt":"2016-04-14T18:29:41","guid":{"rendered":"https:\/\/ocorreionews.com.br\/?p=25322"},"modified":"2016-04-14T14:29:41","modified_gmt":"2016-04-14T18:29:41","slug":"figueirao-recebe-tecnologia-3g-ate-dia-30-deste-mes","status":"publish","type":"post","link":"https:\/\/www.ocorreionews.com.br\/acervo-correio\/?p=25322","title":{"rendered":"Figueir\u00e3o recebe tecnologia 3G at\u00e9 dia 30 deste m\u00eas"},"content":{"rendered":"<p>A popula\u00e7\u00e3o de Figueir\u00e3o pode comemorar, at\u00e9 o dia 30 de abril a tecnologia 3G passar\u00e1 a operar no munic\u00edpio, trazendo maior comodidade aos usu\u00e1rios de telefonia e internet m\u00f3vel. O prefeito Rog\u00e9rio Rosalin, juntamente com Walder de Freitas, o Wald\u00e3o, Presidente do Conselho de usu\u00e1rios da OI no Centro Oeste e Coordenador executivo do Procon em Costa Rica, conseguiram viabilizar junto \u00e0 Anatel a implanta\u00e7\u00e3o da tecnologia.<\/p>\n<p>Segundo Wald\u00e3o, essa \u00e9 uma luta antiga e a implanta\u00e7\u00e3o do 3G \u00e9 apenas o in\u00edcio de uma s\u00e9rie de mudan\u00e7as esperadas para o munic\u00edpio na \u00e1rea de telefonia. \u201cN\u00f3s v\u00ednhamos cobrando essa implanta\u00e7\u00e3o da mesma maneira que cobramos a otimiza\u00e7\u00e3o da telefonia m\u00f3vel no munic\u00edpio e devido ao grande interesse do prefeito n\u00f3s reivindicamos isso junto ao conselho. E esse \u00e9 s\u00f3 o come\u00e7o, nossa perspectiva \u00e9 que at\u00e9 o final deste ano tenham ainda mais melhorias\u201d, explicou ele.<\/p>\n<p>O prazo dado pela Anatel para implantar a tecnologia 3G nos munic\u00edpios com menos de 30 mil habitantes \u00e9 at\u00e9 o ano de 2019, mas gra\u00e7as a persist\u00eancia e interesse do prefeito Rog\u00e9rio Rosalin, o processo foi adiantado, conseguindo viabilizar o sistema tr\u00eas anos antes do prazo previsto pela Anatel. \u201cO m\u00e9rito \u00e9 todo do prefeito que sempre cobrou, esteve presente e lutou por isso. Por ser uma cidade pequena, as operadoras fazem pouco caso com a popula\u00e7\u00e3o e preferem investir em cidades grandes onde o retorno \u00e9 mais r\u00e1pido\u201d, frisou Walder de Freitas.<\/p>\n<p>A rede j\u00e1 foi implantada e est\u00e1 em fase de testes, a previs\u00e3o \u00e9 que at\u00e9 o dia 30 deste m\u00eas os usu\u00e1rios possam usufruir da tecnologia. A operadora OI foi respons\u00e1vel pela implanta\u00e7\u00e3o do servi\u00e7o na cidade e, para utilizar este benef\u00edcio, o usu\u00e1rio dever\u00e1 ter um chip da mesma, j\u00e1 que as demais operadoras ainda n\u00e3o firmaram acordo de hospedagem.<\/p>\n<p><strong>Saiba mais<\/strong><\/p>\n<p>A tecnologia 3G \u00e9 a usada pela terceira gera\u00e7\u00e3o de telefonia m\u00f3vel. A primeira foi a dos celulares anal\u00f3gicos e a segunda dos digitais. Como proporciona uma transmiss\u00e3o de dados mais veloz, a tecnologia 3G torna poss\u00edvel \u00e0s empresas oferecer pacotes de servi\u00e7os complexos a custos acess\u00edveis. Entre os servi\u00e7os destaca-se a rapidez da internet em um ambiente m\u00f3vel.<\/p>\n<p>&nbsp;<\/p>\n<p>&nbsp;<\/p>\n<div class=\"clear\"><\/div>\n<div class=\"fonte\">Fonte: MS TODO DIA<\/div>\n","protected":false},"excerpt":{"rendered":"<p>A popula\u00e7\u00e3o de Figueir\u00e3o pode comemorar, at\u00e9 o dia 30 de abril a tecnologia 3G passar\u00e1 a operar no munic\u00edpio, trazendo maior comodidade aos usu\u00e1rios de telefonia e internet m\u00f3vel. O prefeito Rog\u00e9rio Rosalin, juntamente com Walder de Freitas, o Wald\u00e3o, Presidente do Conselho de usu\u00e1rios da OI no Centro Oeste e Coordenador executivo do [&hellip;]<\/p>\n","protected":false},"author":4,"featured_media":25323,"comment_status":"closed","ping_status":"closed","sticky":false,"template":"","format":"standard","meta":{"footnotes":""},"categories":[30],"tags":[],"class_list":["post-25322","post","type-post","status-publish","format-standard","has-post-thumbnail","hentry","category-figueirao"],"_links":{"self":[{"href":"https:\/\/www.ocorreionews.com.br\/acervo-correio\/index.php?rest_route=\/wp\/v2\/posts\/25322","targetHints":{"allow":["GET"]}}],"collection":[{"href":"https:\/\/www.ocorreionews.com.br\/acervo-correio\/index.php?rest_route=\/wp\/v2\/posts"}],"about":[{"href":"https:\/\/www.ocorreionews.com.br\/acervo-correio\/index.php?rest_route=\/wp\/v2\/types\/post"}],"author":[{"embeddable":true,"href":"https:\/\/www.ocorreionews.com.br\/acervo-correio\/index.php?rest_route=\/wp\/v2\/users\/4"}],"replies":[{"embeddable":true,"href":"https:\/\/www.ocorreionews.com.br\/acervo-correio\/index.php?rest_route=%2Fwp%2Fv2%2Fcomments&post=25322"}],"version-history":[{"count":0,"href":"https:\/\/www.ocorreionews.com.br\/acervo-correio\/index.php?rest_route=\/wp\/v2\/posts\/25322\/revisions"}],"wp:featuredmedia":[{"embeddable":true,"href":"https:\/\/www.ocorreionews.com.br\/acervo-correio\/index.php?rest_route=\/wp\/v2\/media\/25323"}],"wp:attachment":[{"href":"https:\/\/www.ocorreionews.com.br\/acervo-correio\/index.php?rest_route=%2Fwp%2Fv2%2Fmedia&parent=25322"}],"wp:term":[{"taxonomy":"category","embeddable":true,"href":"https:\/\/www.ocorreionews.com.br\/acervo-correio\/index.php?rest_route=%2Fwp%2Fv2%2Fcategories&post=25322"},{"taxonomy":"post_tag","embeddable":true,"href":"https:\/\/www.ocorreionews.com.br\/acervo-correio\/index.php?rest_route=%2Fwp%2Fv2%2Ftags&post=25322"}],"curies":[{"name":"wp","href":"https:\/\/api.w.org\/{rel}","templated":true}]}}