{"id":25325,"date":"2016-04-14T15:22:38","date_gmt":"2016-04-14T19:22:38","guid":{"rendered":"https:\/\/ocorreionews.com.br\/?p=25325"},"modified":"2016-04-14T15:22:38","modified_gmt":"2016-04-14T19:22:38","slug":"chapadao-do-sul-discute-implantacao-de-oss-para-gerencia-da-saude-publica-municipal","status":"publish","type":"post","link":"https:\/\/www.ocorreionews.com.br\/acervo-correio\/?p=25325","title":{"rendered":"Chapad\u00e3o do Sul discute implanta\u00e7\u00e3o de OSs para ger\u00eancia da sa\u00fade p\u00fablica municipal"},"content":{"rendered":"<p>A maioria dos estados brasileiros est\u00e1 recorrendo \u00e0s organiza\u00e7\u00f5es sociais (OSs) em contratos de gest\u00e3o na \u00e1rea de sa\u00fade, alternativa para a gest\u00e3o din\u00e2mica e descentralizada, e que reflete diretamente na melhoria do atendimento \u00e0 popula\u00e7\u00e3o.<\/p>\n<p>O governador Reinaldo Azambuja conheceu o modelo de administra\u00e7\u00e3o feito por OS\u2019s em Goi\u00e1s e trouxe para o Estado. \u201cNas Organiza\u00e7\u00f5es Sociais todos os procedimentos s\u00e3o feitos mais r\u00e1pidos, n\u00e3o se precisa de todo regramento do servi\u00e7o p\u00fablico, que dura mais tempo\u201d,\u00a0 afirmou ele ainda em 2015.<\/p>\n<p>As organiza\u00e7\u00f5es sociais s\u00e3o entidades privadas e sem fins lucrativos com as quais os estados podem fazer contratos de gest\u00e3o, para que prestem servi\u00e7os n\u00e3o exclusivos do Poder P\u00fablico. O modelo foi adotado por unidades da Federa\u00e7\u00e3o de todas as regi\u00f5es do pa\u00eds: Santa Catarina, S\u00e3o Paulo, Rio de Janeiro, Esp\u00edrito Santo, Bahia, Pernambuco, Para\u00edba, Rio Grande do Norte, Cear\u00e1, Piau\u00ed, Maranh\u00e3o, Goi\u00e1s, Distrito Federal, Mato Grosso, Par\u00e1, Amazonas e Roraima.<\/p>\n<p>Em Chapad\u00e3o do Sul est\u00e1 se discutindo a ado\u00e7\u00e3o deste modelo de ger\u00eancia de sa\u00fade. Projeto Lei est\u00e1 na C\u00e2mara de Vereadores e disp\u00f5e sobre a qualifica\u00e7\u00e3o de organiza\u00e7\u00f5es sociais pela Administra\u00e7\u00e3o Municipal.<\/p>\n<p>Essa semana (ter\u00e7a-feira, 12) houve uma reuni\u00e3o na C\u00e2mara Municipal onde a apoiadora do Minist\u00e9rio da Sa\u00fade, Margareth Senna, apresentou de forma clara e objetiva todo o funcionamento da OSs. A reuni\u00e3o contou com a presen\u00e7a de servidores da sa\u00fade, vereadores, e a comunidade em geral.<\/p>\n<p>As organiza\u00e7\u00f5es Sociais promovem uma ger\u00eancia mais profissional do sistema de sa\u00fade, estabelecendo e cobrando o cumprimento de metas. A Secret\u00e1ria de Sa\u00fade, Rosimary Barros garante que a gest\u00e3o da sa\u00fade continua sendo feita pela Administra\u00e7\u00e3o Municipal e apenas a ger\u00eancia \u00e9 feita pela Organiza\u00e7\u00e3o Social.<\/p>\n<p>Ela acredita que o sistema OSs\u00a0 trar\u00e1 grandes melhorias para a sa\u00fade municipal, diminuindo custos, valorizando profissionais e acima de tudo melhorando ainda mais o atendimento \u00e0 popula\u00e7\u00e3o.<\/p>\n<p>\u00c9 fundamental destacar que o atendimento continuar\u00e1 100% SUS, ou seja, gratuito.<\/p>\n<p><img decoding=\"async\" src=\"http:\/\/www.chapadaodosul.ms.gov.br\/admin\/arquivos\/images\/_DSC0009%285%29.JPG\" alt=\"\" \/> <img decoding=\"async\" src=\"http:\/\/www.chapadaodosul.ms.gov.br\/admin\/arquivos\/images\/_DSC0016%282%29.JPG\" alt=\"\" \/><\/p>\n<p>\u201cCom a OSs o munic\u00edpio poder\u00e1 contar com mais m\u00e9dicos, mais profissionais, o que consequentemente melhora o atendimento \u00e0 popula\u00e7\u00e3o, com atendimento mais humanizado e com qualidade\u201d.<\/p>\n<p>Barros destaca que os servidores municipais podem ficar tranquilos, pois n\u00e3o perder\u00e3o nenhum direito, continuar\u00e3o com o mesmo v\u00ednculo, sem nenhuma perca.<\/p>\n<p>Para promover uma discuss\u00e3o ainda maior sobre o tema, a C\u00e2mara de Vereadores, por meio de uma comiss\u00e3o especial criada para analisar o projeto de lei enviado pelo Executivo, realizar\u00e1 audi\u00eancia p\u00fablica na pr\u00f3xima ter\u00e7a-feira, dia 19, a partir das 18 horas, e convida toda popula\u00e7\u00e3o para participar do debate.<\/p>\n<p>&nbsp;<\/p>\n<p>&nbsp;<\/p>\n<p>Assessoria de Imprensa Pref. Chap Sul<\/p>\n","protected":false},"excerpt":{"rendered":"<p>A maioria dos estados brasileiros est\u00e1 recorrendo \u00e0s organiza\u00e7\u00f5es sociais (OSs) em contratos de gest\u00e3o na \u00e1rea de sa\u00fade, alternativa para a gest\u00e3o din\u00e2mica e descentralizada, e que reflete diretamente na melhoria do atendimento \u00e0 popula\u00e7\u00e3o. O governador Reinaldo Azambuja conheceu o modelo de administra\u00e7\u00e3o feito por OS\u2019s em Goi\u00e1s e trouxe para o Estado. [&hellip;]<\/p>\n","protected":false},"author":4,"featured_media":25326,"comment_status":"closed","ping_status":"closed","sticky":false,"template":"","format":"standard","meta":{"footnotes":""},"categories":[23],"tags":[],"class_list":["post-25325","post","type-post","status-publish","format-standard","has-post-thumbnail","hentry","category-chapadao-do-sul"],"_links":{"self":[{"href":"https:\/\/www.ocorreionews.com.br\/acervo-correio\/index.php?rest_route=\/wp\/v2\/posts\/25325","targetHints":{"allow":["GET"]}}],"collection":[{"href":"https:\/\/www.ocorreionews.com.br\/acervo-correio\/index.php?rest_route=\/wp\/v2\/posts"}],"about":[{"href":"https:\/\/www.ocorreionews.com.br\/acervo-correio\/index.php?rest_route=\/wp\/v2\/types\/post"}],"author":[{"embeddable":true,"href":"https:\/\/www.ocorreionews.com.br\/acervo-correio\/index.php?rest_route=\/wp\/v2\/users\/4"}],"replies":[{"embeddable":true,"href":"https:\/\/www.ocorreionews.com.br\/acervo-correio\/index.php?rest_route=%2Fwp%2Fv2%2Fcomments&post=25325"}],"version-history":[{"count":0,"href":"https:\/\/www.ocorreionews.com.br\/acervo-correio\/index.php?rest_route=\/wp\/v2\/posts\/25325\/revisions"}],"wp:featuredmedia":[{"embeddable":true,"href":"https:\/\/www.ocorreionews.com.br\/acervo-correio\/index.php?rest_route=\/wp\/v2\/media\/25326"}],"wp:attachment":[{"href":"https:\/\/www.ocorreionews.com.br\/acervo-correio\/index.php?rest_route=%2Fwp%2Fv2%2Fmedia&parent=25325"}],"wp:term":[{"taxonomy":"category","embeddable":true,"href":"https:\/\/www.ocorreionews.com.br\/acervo-correio\/index.php?rest_route=%2Fwp%2Fv2%2Fcategories&post=25325"},{"taxonomy":"post_tag","embeddable":true,"href":"https:\/\/www.ocorreionews.com.br\/acervo-correio\/index.php?rest_route=%2Fwp%2Fv2%2Ftags&post=25325"}],"curies":[{"name":"wp","href":"https:\/\/api.w.org\/{rel}","templated":true}]}}