{"id":25328,"date":"2016-04-14T15:24:02","date_gmt":"2016-04-14T19:24:02","guid":{"rendered":"https:\/\/ocorreionews.com.br\/?p=25328"},"modified":"2016-04-14T15:24:02","modified_gmt":"2016-04-14T19:24:02","slug":"justica-aceita-denuncia-contra-19-pastores-e-membros-da-maranata","status":"publish","type":"post","link":"https:\/\/www.ocorreionews.com.br\/acervo-correio\/?p=25328","title":{"rendered":"Justi\u00e7a aceita den\u00fancia contra 19 pastores e membros da Maranata"},"content":{"rendered":"<p style=\"text-align: justify;\">A Justi\u00e7a da 2\u00aa Vara Criminal de Vila Velha aceitou, nesta quarta-feira (13), a den\u00fancia contra 19 pastores e membros da Igreja Crist\u00e3 Maranata.<\/p>\n<p style=\"text-align: justify;\">Entre eles, est\u00e1 o fundador e presidente da institui\u00e7\u00e3o, Gedelti Victalino Teixeira Gueiros. \u00c9 a segunda vez que a den\u00fancia \u00e9 confirmada pela Justi\u00e7a Estadual.<\/p>\n<p style=\"text-align: justify;\">Todos foram acusados, em a\u00e7\u00e3o penal do Minist\u00e9rio P\u00fablico Estadual (MP-ES), por crimes de estelionato, forma\u00e7\u00e3o de quadrilha e duplicata simulada (nota fiscal fria).<\/p>\n<p style=\"text-align: justify;\">Eles teriam praticado desvio de d\u00edzimo da igreja, envolvendo uma movimenta\u00e7\u00e3o financeira da ordem de R$ 24,8 milh\u00f5es, segundo o pr\u00f3prio MP-ES.<\/p>\n<p style=\"text-align: justify;\">Ao processo, tamb\u00e9m, est\u00e1 anexada outra a\u00e7\u00e3o penal formulada pelos promotores por supostos crimes de amea\u00e7a praticados at\u00e9 contra promotores e ju\u00edzes.<\/p>\n<p style=\"text-align: justify;\">O processo, que teve in\u00edcio em 2013, tramitava em Vit\u00f3ria, onde a den\u00fancia foi aceita. Duas audi\u00eancias chegaram a ser agendadas e uma delas realizada no final de 2014. Mas, por decis\u00e3o da Justi\u00e7a, o processo foi transferido para Vila Velha, onde est\u00e1 localizada a sede da igreja.<\/p>\n<p style=\"text-align: justify;\">Naquele munic\u00edpio os tr\u00e2mites foram reiniciados. As duas a\u00e7\u00f5es penais foram confirmadas novamente pelo Minist\u00e9rio P\u00fablico Estadual e aguardava-se a decis\u00e3o do Ju\u00edzo da 2 \u00aa Vara Criminal, o que ocorreu nesta quarta-feira (13) com a aceita\u00e7\u00e3o da den\u00fancia mais uma vez.<\/p>\n<p style=\"text-align: justify;\">O advogado Fabr\u00edcio Campos que defende a Maranata informou que ainda n\u00e3o tinha sido notificado sobre a decis\u00e3o e, quando isto ocorrer, as partes iriam confirmar a defesa j\u00e1 apresentada ou acrescentar novos argumentos.<\/p>\n<p style=\"text-align: justify;\">fonte: G1<\/p>\n","protected":false},"excerpt":{"rendered":"<p>A Justi\u00e7a da 2\u00aa Vara Criminal de Vila Velha aceitou, nesta quarta-feira (13), a den\u00fancia contra 19 pastores e membros da Igreja Crist\u00e3 Maranata. Entre eles, est\u00e1 o fundador e presidente da institui\u00e7\u00e3o, Gedelti Victalino Teixeira Gueiros. \u00c9 a segunda vez que a den\u00fancia \u00e9 confirmada pela Justi\u00e7a Estadual. Todos foram acusados, em a\u00e7\u00e3o penal [&hellip;]<\/p>\n","protected":false},"author":4,"featured_media":25329,"comment_status":"closed","ping_status":"closed","sticky":false,"template":"","format":"standard","meta":{"footnotes":""},"categories":[38],"tags":[],"class_list":["post-25328","post","type-post","status-publish","format-standard","has-post-thumbnail","hentry","category-policia"],"_links":{"self":[{"href":"https:\/\/www.ocorreionews.com.br\/acervo-correio\/index.php?rest_route=\/wp\/v2\/posts\/25328","targetHints":{"allow":["GET"]}}],"collection":[{"href":"https:\/\/www.ocorreionews.com.br\/acervo-correio\/index.php?rest_route=\/wp\/v2\/posts"}],"about":[{"href":"https:\/\/www.ocorreionews.com.br\/acervo-correio\/index.php?rest_route=\/wp\/v2\/types\/post"}],"author":[{"embeddable":true,"href":"https:\/\/www.ocorreionews.com.br\/acervo-correio\/index.php?rest_route=\/wp\/v2\/users\/4"}],"replies":[{"embeddable":true,"href":"https:\/\/www.ocorreionews.com.br\/acervo-correio\/index.php?rest_route=%2Fwp%2Fv2%2Fcomments&post=25328"}],"version-history":[{"count":0,"href":"https:\/\/www.ocorreionews.com.br\/acervo-correio\/index.php?rest_route=\/wp\/v2\/posts\/25328\/revisions"}],"wp:featuredmedia":[{"embeddable":true,"href":"https:\/\/www.ocorreionews.com.br\/acervo-correio\/index.php?rest_route=\/wp\/v2\/media\/25329"}],"wp:attachment":[{"href":"https:\/\/www.ocorreionews.com.br\/acervo-correio\/index.php?rest_route=%2Fwp%2Fv2%2Fmedia&parent=25328"}],"wp:term":[{"taxonomy":"category","embeddable":true,"href":"https:\/\/www.ocorreionews.com.br\/acervo-correio\/index.php?rest_route=%2Fwp%2Fv2%2Fcategories&post=25328"},{"taxonomy":"post_tag","embeddable":true,"href":"https:\/\/www.ocorreionews.com.br\/acervo-correio\/index.php?rest_route=%2Fwp%2Fv2%2Ftags&post=25328"}],"curies":[{"name":"wp","href":"https:\/\/api.w.org\/{rel}","templated":true}]}}