{"id":253317,"date":"2023-10-03T09:25:48","date_gmt":"2023-10-03T13:25:48","guid":{"rendered":"https:\/\/www.ocorreionews.com.br\/acervo-correio\/?p=253317"},"modified":"2023-10-03T09:26:33","modified_gmt":"2023-10-03T13:26:33","slug":"preso-motorista-que-transportava-o-corpo-de-fisioterapeuta-que-foi-arremessado-apos-capotamento-em-goias","status":"publish","type":"post","link":"https:\/\/www.ocorreionews.com.br\/acervo-correio\/?p=253317","title":{"rendered":"Preso motorista que transportava o corpo de fisioterapeuta que foi arremessado ap\u00f3s capotamento em Goi\u00e1s"},"content":{"rendered":"<div id=\"chunk-bb1p7\">\n<div class=\"mc-column content-text active-extra-styles \" data-block-type=\"unstyled\" data-block-weight=\"68\" data-block-id=\"3\">\n<p class=\" content-text__container \" data-track-category=\"Link no Texto\" data-track-links=\"\">O homem suspeito de dirigir e capotar o carro em que o <a class=\"\" href=\"https:\/\/www.ocorreionews.com.br\/acervo-correio\/corpo-amarrado-e-jogado-para-fora-apos-carro-capotar-em-rio-verde\/\">corpo da fisioterapeuta Larissa Ara\u00fajo foi encontrado<\/a> disse \u00e0 pol\u00edcia que recebeu R$ 100 do ex-namorado da v\u00edtima para esconder o corpo, que estava amarrado e enrolado em um len\u00e7ol, em Rio Verde, no sudoeste de Goi\u00e1s. Contudo, a Pol\u00edcia Civil acredita que o pr\u00f3prio detido, Jerfeson Erivaldo da Silva Nascimento, a roubou, estuprou e matou.<\/p>\n<p data-track-category=\"Link no Texto\" data-track-links=\"\">\n<\/div>\n<\/div>\n<div class=\"wall protected-content\">\n<div id=\"chunk-c6tik\">\n<div class=\"mc-column content-text active-extra-styles\" data-block-type=\"raw\" data-block-weight=\"50\" data-block-id=\"4\">\n<blockquote class=\"content-blockquote theme-border-color-primary-before\"><p>&#8220;Esse carro era dela, estava na garagem. Os objetos que estavam dentro tamb\u00e9m eram pertences dela. Acreditamos na possibilidade de ter entrado na casa para fazer um furto, acabou progredindo para um estupro e retirou o corpo do local para evitar provas&#8221;, disse o delegado Adelson Candeo, respons\u00e1vel pelo caso.<\/p><\/blockquote>\n<\/div>\n<\/div>\n<div id=\"chunk-6i4qs\">\n<p>&nbsp;<\/p>\n<\/div>\n<div id=\"chunk-7ldgt\">\n<div class=\"mc-column content-text active-extra-styles \" data-block-type=\"unstyled\" data-block-weight=\"16\" data-block-id=\"7\">\n<p class=\" content-text__container \" data-track-category=\"Link no Texto\" data-track-links=\"\">At\u00e9 a \u00faltima atualiza\u00e7\u00e3o desta reportagem, o g1 n\u00e3o conseguiu contato com a defesa do suspeito.<\/p>\n<p data-track-category=\"Link no Texto\" data-track-links=\"\">\n<\/div>\n<\/div>\n<div id=\"chunk-chg83\">\n<div class=\"mc-column content-text active-extra-styles \" data-block-type=\"unstyled\" data-block-weight=\"36\" data-block-id=\"8\">\n<p class=\" content-text__container \" data-track-category=\"Link no Texto\" data-track-links=\"\">O corpo de Larissa foi encontrado e identificado pelas digitais na \u00faltima segunda-feira (2). Segundo o delegado, o suspeito \u00e9 do estado do Rio Grande do Norte e cumpria pena recente pelo crime de roubo.<\/p>\n<figure style=\"width: 647px\" class=\"wp-caption aligncenter\"><img loading=\"lazy\" decoding=\"async\" class=\"i-amphtml-fill-content i-amphtml-replaced-content\" src=\"https:\/\/s2-g1.glbimg.com\/ZLaAxS__nO9PmXJII1MpcCIBEZA=\/0x0:1700x1065\/984x0\/smart\/filters:strip_icc()\/i.s3.glbimg.com\/v1\/AUTH_59edd422c0c84a879bd37670ae4f538a\/internal_photos\/bs\/2023\/l\/I\/0ECmuzRbmN56rMZPerAA\/larissa-araujo-2-.png\" sizes=\"auto, (max-width: 1366px) 648px, 100vw\" srcset=\"https:\/\/s2-g1.glbimg.com\/XVayYXT8fjNT2wLvcApkD1av0tw=\/0x0:1700x1065\/1000x0\/smart\/filters:strip_icc()\/i.s3.glbimg.com\/v1\/AUTH_59edd422c0c84a879bd37670ae4f538a\/internal_photos\/bs\/2023\/l\/I\/0ECmuzRbmN56rMZPerAA\/larissa-araujo-2-.png 1000w, https:\/\/s2-g1.glbimg.com\/ZLaAxS__nO9PmXJII1MpcCIBEZA=\/0x0:1700x1065\/984x0\/smart\/filters:strip_icc()\/i.s3.glbimg.com\/v1\/AUTH_59edd422c0c84a879bd37670ae4f538a\/internal_photos\/bs\/2023\/l\/I\/0ECmuzRbmN56rMZPerAA\/larissa-araujo-2-.png 984w, https:\/\/s2-g1.glbimg.com\/-qgd8T_VuNLFT_JEuVcg12XVDww=\/0x0:1700x1065\/640x0\/smart\/filters:strip_icc()\/i.s3.glbimg.com\/v1\/AUTH_59edd422c0c84a879bd37670ae4f538a\/internal_photos\/bs\/2023\/l\/I\/0ECmuzRbmN56rMZPerAA\/larissa-araujo-2-.png 640w, https:\/\/s2-g1.glbimg.com\/ywTie-amkvrHNxdacHsXe72mEQE=\/0x0:1700x1065\/600x0\/smart\/filters:strip_icc()\/i.s3.glbimg.com\/v1\/AUTH_59edd422c0c84a879bd37670ae4f538a\/internal_photos\/bs\/2023\/l\/I\/0ECmuzRbmN56rMZPerAA\/larissa-araujo-2-.png 600w\" alt=\"Larissa Ara\u00fajo, encontrada morta ap\u00f3s capotamento de carro, em Rio Verde \u2014 Foto: Reprodu\u00e7\u00e3o\/Redes Sociais\" width=\"647\" height=\"405\" \/><figcaption class=\"wp-caption-text\">Larissa Ara\u00fajo, encontrada morta ap\u00f3s capotamento de carro, em Rio Verde \u2014 Foto: Reprodu\u00e7\u00e3o\/Redes Sociais<\/figcaption><\/figure>\n<\/div>\n<\/div>\n<div id=\"chunk-k3b3\">\n<div class=\"content-ads content-ads--reveal\" data-block-type=\"ads\" data-block-id=\"12\">\n<div id=\"banner_materia__717d9ca5-e60f-43d8-89ca-8812ab7594f1\" class=\"tag-manager-publicidade-container mc-has-reveal mc-has-ad-lazyload tag-manager-publicidade-banner_materia__717d9ca5-e60f-43d8-89ca-8812ab7594f1 tag-manager-publicidade-container--carregado tag-manager-publicidade-container--visivel\" data-id=\"banner_materia__717d9ca5-e60f-43d8-89ca-8812ab7594f1\" data-google-query-id=\"COq-uKH82YEDFQaflQIdsbMAKA\">\n<div id=\"google_ads_iframe_\/95377733\/tvg_G1\/Sua_Regiao&gt;Centro_Oeste&gt;Goias_4__container__\"><\/div>\n<\/div>\n<\/div>\n<\/div>\n<div id=\"chunk-bn2g6\">\n<div class=\"mc-column content-text active-extra-styles \" data-block-type=\"unstyled\" data-block-weight=\"37\" data-block-id=\"13\">\n<p class=\" content-text__container \" data-track-category=\"Link no Texto\" data-track-links=\"\">Ao g1, o delegado afirmou que Jerfeson apresentou inconst\u00e2ncia no depoimento, mudando a vers\u00e3o dos fatos quando era questionado. Ap\u00f3s alegar que foi contratado pelo ex-namorado da v\u00edtima, a pol\u00edcia levou o suposto mandante para a delegacia.<\/p>\n<p data-track-category=\"Link no Texto\" data-track-links=\"\">\n<\/div>\n<\/div>\n<div id=\"chunk-3hr94\">\n<div class=\"mc-column content-text active-extra-styles\" data-block-type=\"raw\" data-block-weight=\"35\" data-block-id=\"14\">\n<blockquote class=\"content-blockquote theme-border-color-primary-before\"><p>&#8220;Esse outro suspeito [o ex-namorado], foi conduzido para a delegacia, mas n\u00e3o vai ser autuado, ele ser\u00e1 investigado. N\u00e3o ser\u00e1 autuado, pois n\u00e3o h\u00e1 provas no momento capaz de autu\u00e1-lo em flagrante&#8221;, disse o delegado.<\/p><\/blockquote>\n<\/div>\n<\/div>\n<div id=\"chunk-bior1\">\n<div class=\"mc-column content-text active-extra-styles\" data-block-type=\"raw\" data-block-weight=\"1\" data-block-id=\"15\">\n<div class=\"content-intertitle\">\n<h2><\/h2>\n<h2>Crime<\/h2>\n<p>&nbsp;<\/p>\n<\/div>\n<p>&nbsp;<\/p>\n<\/div>\n<\/div>\n<div id=\"chunk-eja9k\">\n<div class=\"mc-column content-text active-extra-styles \" data-block-type=\"unstyled\" data-block-weight=\"54\" data-block-id=\"16\">\n<p class=\" content-text__container \" data-track-category=\"Link no Texto\" data-track-links=\"\">Segundo a Pol\u00edcia Civil, a per\u00edcia apontou que a morte da jovem ocorreu entre 5h e 6h. Imagens de c\u00e2meras de seguran\u00e7a mostram uma movimenta\u00e7\u00e3o na casa da v\u00edtima durante a madrugada e, por volta de 6h, Jeferson sai da resid\u00eancia, dirigindo o carro que era da v\u00edtima. O v\u00eddeo n\u00e3o foi divulgado.<\/p>\n<p data-track-category=\"Link no Texto\" data-track-links=\"\">\n<\/div>\n<\/div>\n<div id=\"chunk-2e6dm\">\n<div class=\"mc-column content-text active-extra-styles\" data-block-type=\"raw\" data-block-weight=\"21\" data-block-id=\"17\">\n<blockquote class=\"content-blockquote theme-border-color-primary-before\"><p>&#8220;Ningu\u00e9m mais esteve na casa da v\u00edtima neste dia. Ele foi o \u00fanico a ser visto saindo da casa&#8221;, disse Adelson.<\/p><\/blockquote>\n<\/div>\n<p>&nbsp;<\/p>\n<\/div>\n<div id=\"chunk-eedoc\">\n<div class=\"mc-column content-text active-extra-styles \" data-block-type=\"unstyled\" data-block-weight=\"25\" data-block-id=\"18\">\n<p class=\" content-text__container \" data-track-category=\"Link no Texto\" data-track-links=\"\">Objetos encontrados dentro do carro ap\u00f3s o acidente pertenciam \u00e0 v\u00edtima, segundo informou o delegado. No ve\u00edculo havia um botij\u00e3o de g\u00e1s e uma televis\u00e3o.<\/p>\n<p data-track-category=\"Link no Texto\" data-track-links=\"\">\n<\/div>\n<\/div>\n<div id=\"chunk-2cled\">\n<div class=\"row medium-uncollapsed content-media content-photo\" data-block-type=\"backstage-photo\" data-block-id=\"19\">\n<div class=\" mc-column content-media__container\">\n<div class=\"content-media-container glb-skeleton-box\">\n<figure class=\"content-media-figure\">\n<p><figure style=\"width: 647px\" class=\"wp-caption aligncenter\"><img loading=\"lazy\" decoding=\"async\" class=\"i-amphtml-fill-content i-amphtml-replaced-content\" src=\"https:\/\/s2-g1.glbimg.com\/q-96fNbPJMmKITVw1u1wYov2K8I=\/0x0:1700x1065\/984x0\/smart\/filters:strip_icc()\/i.s3.glbimg.com\/v1\/AUTH_59edd422c0c84a879bd37670ae4f538a\/internal_photos\/bs\/2023\/f\/A\/2UPzhuQMGV8RDLdy4inQ\/carro-corpo-rio-verde.png\" sizes=\"auto, (max-width: 1366px) 648px, 100vw\" srcset=\"https:\/\/s2-g1.glbimg.com\/ob6TzbglQiNAZkZW06xSx5NKG7g=\/0x0:1700x1065\/1000x0\/smart\/filters:strip_icc()\/i.s3.glbimg.com\/v1\/AUTH_59edd422c0c84a879bd37670ae4f538a\/internal_photos\/bs\/2023\/f\/A\/2UPzhuQMGV8RDLdy4inQ\/carro-corpo-rio-verde.png 1000w, https:\/\/s2-g1.glbimg.com\/q-96fNbPJMmKITVw1u1wYov2K8I=\/0x0:1700x1065\/984x0\/smart\/filters:strip_icc()\/i.s3.glbimg.com\/v1\/AUTH_59edd422c0c84a879bd37670ae4f538a\/internal_photos\/bs\/2023\/f\/A\/2UPzhuQMGV8RDLdy4inQ\/carro-corpo-rio-verde.png 984w, https:\/\/s2-g1.glbimg.com\/tix68UF3N6coZFL6v6ZQTTiYgQQ=\/0x0:1700x1065\/640x0\/smart\/filters:strip_icc()\/i.s3.glbimg.com\/v1\/AUTH_59edd422c0c84a879bd37670ae4f538a\/internal_photos\/bs\/2023\/f\/A\/2UPzhuQMGV8RDLdy4inQ\/carro-corpo-rio-verde.png 640w, https:\/\/s2-g1.glbimg.com\/8fogJgmErthxjXEPS7kb58gaweI=\/0x0:1700x1065\/600x0\/smart\/filters:strip_icc()\/i.s3.glbimg.com\/v1\/AUTH_59edd422c0c84a879bd37670ae4f538a\/internal_photos\/bs\/2023\/f\/A\/2UPzhuQMGV8RDLdy4inQ\/carro-corpo-rio-verde.png 600w\" alt=\"Corpo \u00e9 arremessado para fora de carro ap\u00f3s capotamento, em Rio Verde, Goi\u00e1s \u2014 Foto: Matheus Albernaz\/TV Anhanguera\" width=\"647\" height=\"405\" \/><figcaption class=\"wp-caption-text\">Corpo \u00e9 arremessado para fora de carro ap\u00f3s capotamento, em Rio Verde, Goi\u00e1s \u2014 Foto: Matheus Albernaz\/TV Anhanguera<\/figcaption><\/figure><\/figure>\n<\/div>\n<\/div>\n<\/div>\n<\/div>\n<div id=\"chunk-2gcku\">\n<div class=\"content-ads content-ads--reveal\" data-block-type=\"ads\" data-block-id=\"20\">\n<div><span style=\"color: #2d2d2d; font-family: Roboto, sans-serif; font-size: 30px;\">Investiga\u00e7\u00e3o<\/span><\/div>\n<\/div>\n<\/div>\n<div id=\"chunk-c326q\">\n<div class=\"mc-column content-text active-extra-styles\" data-block-type=\"raw\" data-block-weight=\"1\" data-block-id=\"21\">\n<p>&nbsp;<\/p>\n<\/div>\n<\/div>\n<div id=\"chunk-3vue6\">\n<div class=\"mc-column content-text active-extra-styles \" data-block-type=\"unstyled\" data-block-weight=\"24\" data-block-id=\"22\">\n<p class=\" content-text__container \" data-track-category=\"Link no Texto\" data-track-links=\"\">O delegado ainda informou que o suspeito \u00e9 usu\u00e1rio de drogas e que n\u00e3o tinha nenhum tipo de relacionamento anterior com a v\u00edtima.<\/p>\n<p data-track-category=\"Link no Texto\" data-track-links=\"\">\n<\/div>\n<\/div>\n<div id=\"chunk-ch7t7\">\n<div class=\"mc-column content-text active-extra-styles \" data-block-type=\"unstyled\" data-block-weight=\"37\" data-block-id=\"23\">\n<p class=\" content-text__container \" data-track-category=\"Link no Texto\" data-track-links=\"\">Ainda segundo Adelson Candeo, foi encontrado no corpo da v\u00edtima material gen\u00e9tico masculino. Por isso, Jerfeson tamb\u00e9m deve responder pelo crime de estupro. Uma per\u00edcia ser\u00e1 feita para confirmar se o DNA encontrado \u00e9 realmente do suspeito.<\/p>\n<p data-track-category=\"Link no Texto\" data-track-links=\"\">\n<\/div>\n<\/div>\n<div id=\"chunk-bekei\">\n<div class=\"row medium-uncollapsed content-media content-photo\" data-block-type=\"backstage-photo\" data-block-id=\"24\">\n<div class=\" mc-column content-media__container\">\n<div class=\"content-media-container glb-skeleton-box\">\n<figure class=\"content-media-figure\">\n<p><figure style=\"width: 647px\" class=\"wp-caption aligncenter\"><img loading=\"lazy\" decoding=\"async\" class=\"i-amphtml-fill-content i-amphtml-replaced-content\" src=\"https:\/\/s2-g1.glbimg.com\/FRyGPWUN0_hZJC2L6bZjj-cLsQU=\/0x0:1700x1065\/984x0\/smart\/filters:strip_icc()\/i.s3.glbimg.com\/v1\/AUTH_59edd422c0c84a879bd37670ae4f538a\/internal_photos\/bs\/2023\/f\/D\/cOh4kfSYKtT1w9KHtZog\/larissa-araujo.png\" sizes=\"auto, (max-width: 1366px) 648px, 100vw\" srcset=\"https:\/\/s2-g1.glbimg.com\/SGqwLwXbzgQnoLI2_x8jW0bAMF0=\/0x0:1700x1065\/1000x0\/smart\/filters:strip_icc()\/i.s3.glbimg.com\/v1\/AUTH_59edd422c0c84a879bd37670ae4f538a\/internal_photos\/bs\/2023\/f\/D\/cOh4kfSYKtT1w9KHtZog\/larissa-araujo.png 1000w, https:\/\/s2-g1.glbimg.com\/FRyGPWUN0_hZJC2L6bZjj-cLsQU=\/0x0:1700x1065\/984x0\/smart\/filters:strip_icc()\/i.s3.glbimg.com\/v1\/AUTH_59edd422c0c84a879bd37670ae4f538a\/internal_photos\/bs\/2023\/f\/D\/cOh4kfSYKtT1w9KHtZog\/larissa-araujo.png 984w, https:\/\/s2-g1.glbimg.com\/hFPdIZHbSULFWsZ4uKnRyc3yPnc=\/0x0:1700x1065\/640x0\/smart\/filters:strip_icc()\/i.s3.glbimg.com\/v1\/AUTH_59edd422c0c84a879bd37670ae4f538a\/internal_photos\/bs\/2023\/f\/D\/cOh4kfSYKtT1w9KHtZog\/larissa-araujo.png 640w, https:\/\/s2-g1.glbimg.com\/ihXbD3Gol2zdbgq1AFrc548uSpc=\/0x0:1700x1065\/600x0\/smart\/filters:strip_icc()\/i.s3.glbimg.com\/v1\/AUTH_59edd422c0c84a879bd37670ae4f538a\/internal_photos\/bs\/2023\/f\/D\/cOh4kfSYKtT1w9KHtZog\/larissa-araujo.png 600w\" alt=\"Larissa Ara\u00fajo, encontrada morta ap\u00f3s capotamento de carro, em Rio Verde, Goi\u00e1s \u2014 Foto: Reprodu\u00e7\u00e3o\/Redes Sociais\" width=\"647\" height=\"405\" \/><figcaption class=\"wp-caption-text\">Larissa Ara\u00fajo, encontrada morta ap\u00f3s capotamento de carro, em Rio Verde, Goi\u00e1s \u2014 Foto: Reprodu\u00e7\u00e3o\/Redes Sociais<\/figcaption><\/figure><\/figure>\n<\/div>\n<p>&nbsp;<\/p>\n<\/div>\n<\/div>\n<\/div>\n<div id=\"chunk-bbm88\">\n<div class=\"mc-column content-text active-extra-styles \" data-block-type=\"unstyled\" data-block-weight=\"28\" data-block-id=\"25\">\n<p class=\" content-text__container \" data-track-category=\"Link no Texto\" data-track-links=\"\">A Pol\u00edcia Civil ainda ressaltou que resta d\u00favidas sobre como o suspeito entrou na casa da v\u00edtima, pois, at\u00e9 o momento, foi apenas visto saindo do local.<\/p>\n<p data-track-category=\"Link no Texto\" data-track-links=\"\">\n<\/div>\n<\/div>\n<div id=\"chunk-94cg\">\n<div class=\"mc-column content-text active-extra-styles \" data-block-type=\"unstyled\" data-block-weight=\"39\" data-block-id=\"26\">\n<p class=\" content-text__container \" data-track-category=\"Link no Texto\" data-track-links=\"\">\u00c0 TV Anhanguera, os peritos do Instituto M\u00e9dico Legal (IML) informaram que as marcas no corpo de Larissa indicam que a jovem foi morta por enforcamento. O resultado dos laudos cadav\u00e9ricos devem ser conclu\u00eddos dentro de 15 dias.<\/p>\n<p class=\"content-publication-data__from\" title=\"Gustavo Cruz, g1 Goi\u00e1s\">Por Gustavo Cruz, g1 Goi\u00e1s<\/p>\n<p data-track-category=\"Link no Texto\" data-track-links=\"\">\n<\/div>\n<\/div>\n<\/div>\n","protected":false},"excerpt":{"rendered":"<p>O homem suspeito de dirigir e capotar o carro em que o corpo da fisioterapeuta Larissa Ara\u00fajo foi encontrado disse \u00e0 pol\u00edcia que recebeu R$ 100 do ex-namorado da v\u00edtima para esconder o corpo, que estava amarrado e enrolado em um len\u00e7ol, em Rio Verde, no sudoeste de Goi\u00e1s. Contudo, a Pol\u00edcia Civil acredita que [&hellip;]<\/p>\n","protected":false},"author":5,"featured_media":253318,"comment_status":"closed","ping_status":"closed","sticky":false,"template":"","format":"standard","meta":{"footnotes":""},"categories":[141,38],"tags":[],"class_list":["post-253317","post","type-post","status-publish","format-standard","has-post-thumbnail","hentry","category-goias","category-policia"],"_links":{"self":[{"href":"https:\/\/www.ocorreionews.com.br\/acervo-correio\/index.php?rest_route=\/wp\/v2\/posts\/253317","targetHints":{"allow":["GET"]}}],"collection":[{"href":"https:\/\/www.ocorreionews.com.br\/acervo-correio\/index.php?rest_route=\/wp\/v2\/posts"}],"about":[{"href":"https:\/\/www.ocorreionews.com.br\/acervo-correio\/index.php?rest_route=\/wp\/v2\/types\/post"}],"author":[{"embeddable":true,"href":"https:\/\/www.ocorreionews.com.br\/acervo-correio\/index.php?rest_route=\/wp\/v2\/users\/5"}],"replies":[{"embeddable":true,"href":"https:\/\/www.ocorreionews.com.br\/acervo-correio\/index.php?rest_route=%2Fwp%2Fv2%2Fcomments&post=253317"}],"version-history":[{"count":2,"href":"https:\/\/www.ocorreionews.com.br\/acervo-correio\/index.php?rest_route=\/wp\/v2\/posts\/253317\/revisions"}],"predecessor-version":[{"id":253320,"href":"https:\/\/www.ocorreionews.com.br\/acervo-correio\/index.php?rest_route=\/wp\/v2\/posts\/253317\/revisions\/253320"}],"wp:featuredmedia":[{"embeddable":true,"href":"https:\/\/www.ocorreionews.com.br\/acervo-correio\/index.php?rest_route=\/wp\/v2\/media\/253318"}],"wp:attachment":[{"href":"https:\/\/www.ocorreionews.com.br\/acervo-correio\/index.php?rest_route=%2Fwp%2Fv2%2Fmedia&parent=253317"}],"wp:term":[{"taxonomy":"category","embeddable":true,"href":"https:\/\/www.ocorreionews.com.br\/acervo-correio\/index.php?rest_route=%2Fwp%2Fv2%2Fcategories&post=253317"},{"taxonomy":"post_tag","embeddable":true,"href":"https:\/\/www.ocorreionews.com.br\/acervo-correio\/index.php?rest_route=%2Fwp%2Fv2%2Ftags&post=253317"}],"curies":[{"name":"wp","href":"https:\/\/api.w.org\/{rel}","templated":true}]}}