{"id":253321,"date":"2023-10-03T09:38:40","date_gmt":"2023-10-03T13:38:40","guid":{"rendered":"https:\/\/www.ocorreionews.com.br\/acervo-correio\/?p=253321"},"modified":"2023-10-03T10:01:22","modified_gmt":"2023-10-03T14:01:22","slug":"adolescente-e-apreendido-com-moto-adulterada-em-costa-rica","status":"publish","type":"post","link":"https:\/\/www.ocorreionews.com.br\/acervo-correio\/?p=253321","title":{"rendered":"Adolescente \u00e9 apreendido com moto adulterada em Costa Rica"},"content":{"rendered":"<p>Na tarde desta segunda-feira (02), um adolescente de 17 anos, foi apreendido a com uma motocicleta \u201ccinquentinha\u201d com placa feita de forma caseira na cidade de Costa Rica.<\/p>\n<p>De acordo com informa\u00e7\u00f5es retiradas do Boletim de Ocorr\u00eancia, por volta das 12h45min, os militares estavam em rondas pela Rua Jo\u00e3o Raimundo Justino, quando visualizaram uma motocicleta (cinquentinha) com uma placa artesanal, que onde deveria constar o nome da cidade, estava escrito supostamente um \u201capelido\u201d do menor.<\/p>\n<p>Diante dos fatos, foi feito abordagem no autor e foi constatado que a \u00fanica identifica\u00e7\u00e3o do veiculo era a do chassi, pois a placa estava totalmente adulterada, al\u00e9m disso, o autor n\u00e3o possu\u00eda CNH ou ACC.<\/p>\n<p>A partir do exposto o menor infrator recebeu voz de pris\u00e3o e foi encaminhado juntamente com a motocicleta para a Delegacia de Pol\u00edcia, seu pai acompanhou todo o procedimento.<\/p>\n<p>&nbsp;<\/p>\n<p>&nbsp;<\/p>\n<p>*Fotos Policias Militar<\/p>\n","protected":false},"excerpt":{"rendered":"<p>Na tarde desta segunda-feira (02), um adolescente de 17 anos, foi apreendido a com uma motocicleta \u201ccinquentinha\u201d com placa feita de forma caseira na cidade de Costa Rica. De acordo com informa\u00e7\u00f5es retiradas do Boletim de Ocorr\u00eancia, por volta das 12h45min, os militares estavam em rondas pela Rua Jo\u00e3o Raimundo Justino, quando visualizaram uma motocicleta [&hellip;]<\/p>\n","protected":false},"author":5,"featured_media":253323,"comment_status":"closed","ping_status":"closed","sticky":false,"template":"","format":"standard","meta":{"footnotes":""},"categories":[25,38],"tags":[],"class_list":["post-253321","post","type-post","status-publish","format-standard","has-post-thumbnail","hentry","category-costa-rica","category-policia"],"_links":{"self":[{"href":"https:\/\/www.ocorreionews.com.br\/acervo-correio\/index.php?rest_route=\/wp\/v2\/posts\/253321","targetHints":{"allow":["GET"]}}],"collection":[{"href":"https:\/\/www.ocorreionews.com.br\/acervo-correio\/index.php?rest_route=\/wp\/v2\/posts"}],"about":[{"href":"https:\/\/www.ocorreionews.com.br\/acervo-correio\/index.php?rest_route=\/wp\/v2\/types\/post"}],"author":[{"embeddable":true,"href":"https:\/\/www.ocorreionews.com.br\/acervo-correio\/index.php?rest_route=\/wp\/v2\/users\/5"}],"replies":[{"embeddable":true,"href":"https:\/\/www.ocorreionews.com.br\/acervo-correio\/index.php?rest_route=%2Fwp%2Fv2%2Fcomments&post=253321"}],"version-history":[{"count":3,"href":"https:\/\/www.ocorreionews.com.br\/acervo-correio\/index.php?rest_route=\/wp\/v2\/posts\/253321\/revisions"}],"predecessor-version":[{"id":253335,"href":"https:\/\/www.ocorreionews.com.br\/acervo-correio\/index.php?rest_route=\/wp\/v2\/posts\/253321\/revisions\/253335"}],"wp:featuredmedia":[{"embeddable":true,"href":"https:\/\/www.ocorreionews.com.br\/acervo-correio\/index.php?rest_route=\/wp\/v2\/media\/253323"}],"wp:attachment":[{"href":"https:\/\/www.ocorreionews.com.br\/acervo-correio\/index.php?rest_route=%2Fwp%2Fv2%2Fmedia&parent=253321"}],"wp:term":[{"taxonomy":"category","embeddable":true,"href":"https:\/\/www.ocorreionews.com.br\/acervo-correio\/index.php?rest_route=%2Fwp%2Fv2%2Fcategories&post=253321"},{"taxonomy":"post_tag","embeddable":true,"href":"https:\/\/www.ocorreionews.com.br\/acervo-correio\/index.php?rest_route=%2Fwp%2Fv2%2Ftags&post=253321"}],"curies":[{"name":"wp","href":"https:\/\/api.w.org\/{rel}","templated":true}]}}